{"id":195729,"date":"2025-06-22T11:28:09","date_gmt":"2025-06-22T11:28:09","guid":{"rendered":"https:\/\/www.europesays.com\/fr\/195729\/"},"modified":"2025-06-22T11:28:09","modified_gmt":"2025-06-22T11:28:09","slug":"laura-smet-la-plus-sauvage-selon-pascal-obispo-ecarte-du-clan-hallyday-brutalement","status":"publish","type":"post","link":"https:\/\/www.europesays.com\/fr\/195729\/","title":{"rendered":"Laura Smet, \u00ab\u00a0la plus sauvage\u00a0\u00bb selon Pascal Obispo, \u00e9cart\u00e9 du clan Hallyday brutalement"},"content":{"rendered":"<p>Le samedi 21 juin 2025, Pascal Obispo \u00e9tait invit\u00e9 sur RFM, dans l&rsquo;\u00e9mission 1h avec&#8230; Il a accept\u00e9 de se confier sur <strong>son amiti\u00e9 avec Johnny Hallyday<\/strong>, en \u00e9voquant quelques anecdotes.<\/p>\n<p>Mais le chanteur a aussi souhait\u00e9 \u00e9voquer <strong>sa relation avec Laura Smet<\/strong>, la fille du c\u00e9l\u00e8bre rockeur, ainsi que ses liens avec le reste de la famille.<\/p>\n<p>L&rsquo;amiti\u00e9 entre Pascal Obispo et Laura Smet<\/p>\n<p>Tr\u00e8s r\u00e9cemment, \u00e0 l&rsquo;occasion de ce qui aurait \u00e9t\u00e9 <strong>le 82e anniversaire de Johnny Hallyday<\/strong>, Pascal Obispo a d\u00e9voil\u00e9 un hommage musical \u00e0 son ami, intitul\u00e9 \u00ab\u00a0Appelle-moi Johnny\u00a0\u00bb. Dans le clip de la chanson, on y voit <a href=\"https:\/\/www.public.fr\/cest-la-premiere-fois-laura-smet-devoile-en-pleine-fete-des-peres-son-hommage-a-johnny-hallyday-sept-ans-apres-sa-mort\" rel=\"nofollow noopener\" target=\"_blank\">Laura Smet<\/a>, la fille du Taulier. \u00ab\u00a0<strong>C&rsquo;est mon amie, ma voisine<\/strong>. Et quand elle a \u00e9cout\u00e9 la chanson\u00a0Appelle-moi Johnny\u00a0il y a un an, l&rsquo;\u00e9t\u00e9 dernier, elle voulait absolument \u00eatre dans le clip\u00a0\u00bb, explique-t-il \u00e0 ce sujet.<\/p>\n<p>Pascal Obispo se dit tr\u00e8s attach\u00e9 \u00e0 Laura Smet, <strong>qu&rsquo;il conna\u00eet depuis qu&rsquo;elle est adolescente<\/strong>. Il se voit un peu comme un oncle pour elle, lui qui a eu plusieurs fois l&rsquo;occasion de veiller sur elle et de passer des soir\u00e9es en sa compagnie. \u00ab\u00a0<strong>On est un peu pareil au sens un peu sauvage<\/strong> [&#8230;] Mais la plus sauvage d&rsquo;entre tous, c&rsquo;est Laura\u00a0\u00bb, ajoute-t-il.<\/p>\n<p>Pascal Obispo mis \u00e0 l&rsquo;\u00e9cart du clan Hallyday<\/p>\n<p>Mais malgr\u00e9 cette proximit\u00e9, Pascal Obispo a \u00e9t\u00e9 \u00e9cart\u00e9 de certains projets importants <strong>li\u00e9s \u00e0 l&rsquo;h\u00e9ritage et \u00e0 la m\u00e9moire <\/strong>de <a href=\"https:\/\/www.public.fr\/mallory-wanecque-lamour-ouf-fond-en-larmes-a-lecoute-de-johnny-hallyday-sur-le-plateau-de-c-a-vouset-sexplique\" rel=\"nofollow noopener\" target=\"_blank\">Johnny Hallyday<\/a>. Sur RFM, le chanteur a \u00e9t\u00e9 interrog\u00e9 sur la possibilit\u00e9 de cr\u00e9er une com\u00e9die musicale centr\u00e9e sur l&rsquo;interpr\u00e8te de Je te promets. \u00ab\u00a0Je ferais tout ce qu&rsquo;on me demandera sur Johnny s&rsquo;il y a\u00a0Laura et David.\u00a0<strong>Ce sont eux qui d\u00e9cident<\/strong>\u00ab\u00a0, a-t-il r\u00e9pondu.<\/p>\n<p>Il a aussi accept\u00e9 d&rsquo;\u00e9voquer <strong>un projet de biopic<\/strong>, qui n&rsquo;a finalement jamais vu le jour. Les enfants de l&rsquo;ic\u00f4ne du rock n&rsquo;y \u00e9tant pas associ\u00e9s, Pascal Obispo a refus\u00e9 d&rsquo;y participer, lui qui reste tr\u00e8s impliqu\u00e9 dans la carri\u00e8re de Johnny. Il d\u00e9tient d&rsquo;ailleurs<strong> les droits du tr\u00e8s c\u00e9l\u00e8bre Allumer le feu<\/strong>.<\/p>\n<p>Le chanteur reste loin des histoires de famille<\/p>\n<p>Comme avec son dernier morceau, <a href=\"https:\/\/www.public.fr\/je-veux-une-vraie-victoire-pascal-obispo-veut-un-triomphe-total-aux-victoires-de-la-musique-avant-de-raccrocher\" rel=\"nofollow noopener\" target=\"_blank\">Pascal Obispo<\/a> ne cesse jamais de <strong>rendre hommage \u00e0 son ami <\/strong>disparu le 5 d\u00e9cembre 2017. Mais il refuse de donner son avis ou de s&rsquo;immiscer dans les tensions qui ont pu secouer, <strong>et qui secouent encore<\/strong>, le clan Hallyday.<\/p>\n<p>Tr\u00e8s proche de Laura Smet, le chanteur se dit \u00e9videmment pr\u00eat <strong>\u00e0 collaborer sur de futurs projets<\/strong>, mais il sait que les gardiens de la m\u00e9moire de Johnny resteront avant tout ses enfants. En attendant, vous pouvez toujours revoir le clip<strong> de sa chanson \u00ab\u00a0Appelle-moi Johnny\u00a0\u00bb<\/strong>.<\/p>\n<p>      Mentionn\u00e9s dans cet article<\/p>\n<p>\u00c0 lire aussi<\/p>\n","protected":false},"excerpt":{"rendered":"Le samedi 21 juin 2025, Pascal Obispo \u00e9tait invit\u00e9 sur RFM, dans l&rsquo;\u00e9mission 1h avec&#8230; Il a accept\u00e9&hellip;\n","protected":false},"author":2,"featured_media":195730,"comment_status":"","ping_status":"","sticky":false,"template":"","format":"standard","meta":{"footnotes":""},"categories":[8],"tags":[58,59,1011,27,1304,15910,17603],"class_list":{"0":"post-195729","1":"post","2":"type-post","3":"status-publish","4":"format-standard","5":"has-post-thumbnail","7":"category-divertissement","8":"tag-divertissement","9":"tag-entertainment","10":"tag-fr","11":"tag-france","12":"tag-johnny-hallyday","13":"tag-laura-smet","14":"tag-pascal-obispo"},"share_on_mastodon":{"url":"https:\/\/pubeurope.com\/@fr\/114726784657494587","error":""},"_links":{"self":[{"href":"https:\/\/www.europesays.com\/fr\/wp-json\/wp\/v2\/posts\/195729","targetHints":{"allow":["GET"]}}],"collection":[{"href":"https:\/\/www.europesays.com\/fr\/wp-json\/wp\/v2\/posts"}],"about":[{"href":"https:\/\/www.europesays.com\/fr\/wp-json\/wp\/v2\/types\/post"}],"author":[{"embeddable":true,"href":"https:\/\/www.europesays.com\/fr\/wp-json\/wp\/v2\/users\/2"}],"replies":[{"embeddable":true,"href":"https:\/\/www.europesays.com\/fr\/wp-json\/wp\/v2\/comments?post=195729"}],"version-history":[{"count":0,"href":"https:\/\/www.europesays.com\/fr\/wp-json\/wp\/v2\/posts\/195729\/revisions"}],"wp:featuredmedia":[{"embeddable":true,"href":"https:\/\/www.europesays.com\/fr\/wp-json\/wp\/v2\/media\/195730"}],"wp:attachment":[{"href":"https:\/\/www.europesays.com\/fr\/wp-json\/wp\/v2\/media?parent=195729"}],"wp:term":[{"taxonomy":"category","embeddable":true,"href":"https:\/\/www.europesays.com\/fr\/wp-json\/wp\/v2\/categories?post=195729"},{"taxonomy":"post_tag","embeddable":true,"href":"https:\/\/www.europesays.com\/fr\/wp-json\/wp\/v2\/tags?post=195729"}],"curies":[{"name":"wp","href":"https:\/\/api.w.org\/{rel}","templated":true}]}}