{"id":195733,"date":"2025-06-22T11:30:10","date_gmt":"2025-06-22T11:30:10","guid":{"rendered":"https:\/\/www.europesays.com\/fr\/195733\/"},"modified":"2025-06-22T11:30:10","modified_gmt":"2025-06-22T11:30:10","slug":"vers-un-lundi-noir-sur-les-marches-financiers","status":"publish","type":"post","link":"https:\/\/www.europesays.com\/fr\/195733\/","title":{"rendered":"vers un lundi noir sur les march\u00e9s financiers ?"},"content":{"rendered":"<p><strong>ENTRETIEN <\/strong>&#8211; Les frappes ordonn\u00e9es par Donald Trump ont \u00e9t\u00e9 salu\u00e9es ce dimanche \u00e0 la bourse isra\u00e9lienne. L\u2019ambiance risque d\u2019\u00eatre plus anxiog\u00e8ne sur les autres bourses mondiales.<\/p>\n<p class=\"fig-paragraph\">\u00c0 Tel-Aviv, les march\u00e9s financiers sont en \u00e9bullition. La bourse, ouverte ce dimanche 22 juin 2025, est en forte hausse de plus de 4%, apr\u00e8s avoir d\u00e9j\u00e0 bondi de 6% la semaine derni\u00e8re. Les investisseurs, en Isra\u00ebl, saluent les\u00a0<a href=\"https:\/\/www.lefigaro.fr\/international\/direct-iran-israel-trump-etats-unis-nucleaire-b-2-fordo-attaque-bombardement-20250622\" data-fig-type=\"Live\" data-gtm-custom-categorie=\"navigation\" data-gtm-custom-action=\"crossclick\" data-gtm-custom-label=\"Contextuel\" data-gtm-event=\"customEventSPE\" data-fig-domain=\"LEFIGARO\" target=\"_blank\" rel=\"noopener\">frappes am\u00e9ricaines contre l\u2019Iran<\/a>. Qu\u2019en est-il des bourses europ\u00e9ennes, asiatiques et am\u00e9ricaines qui, elles, ouvrent lundi matin\u00a0? Faut-il redouter des fortes secousses\u00a0? Analyse avec Christopher Dembik, conseiller en investissement chez Pictet AM, soci\u00e9t\u00e9 en gestion de portefeuille.<\/p>\n<p class=\"fig-paragraph\"><strong>LE FIGARO. &#8211; Apr\u00e8s les frappes am\u00e9ricaines sur l\u2019Iran, faut-il craindre un \u00ablundi noir\u00bb sur les march\u00e9s financiers\u00a0?<\/strong><\/p>\n<p class=\"fig-paragraph\"><strong>CHRISTOPHER DEMBIK. &#8211; <\/strong>La premi\u00e8re r\u00e9action sera tr\u00e8s brutale, \u00e0 l\u2019ouverture. Des positions tr\u00e8s sp\u00e9culatives sont \u00e0 redouter. Les fortes incertitudes, autour de la riposte de l\u2019Iran, ne seront sans doute pas lev\u00e9es en d\u00e9but de semaine prochaine. C\u2019est ce qui fait peur aux march\u00e9s financiers. Lundi, on peut s\u2019attendre \u00e0 une multitude d\u2019achats de produits financiers sur le VIX (indice de volatilit\u00e9, NDLR), signe de l\u2019instabilit\u00e9 et de l\u2019anxi\u00e9t\u00e9 des investisseurs pour couvrir leurs positions. On l\u2019a vu \u00e0 chaque fois qu\u2019il y a eu des remous g\u00e9opolitiques et m\u00eames politiques.<\/p>\n<p class=\"fig-paragraph\">Mais cette r\u00e9action initiale des march\u00e9s pourrait \u00eatre \u00e9pidermique. En cas de tassement de la situation, ces fortes baisses n\u2019ont pas vocation \u00e0 durer. Si les tensions se limitent \u00e0 des \u00e9changes de missiles, les march\u00e9s financiers pourraient se stabiliser, dans un second temps, voire remonter. En revanche, si l\u2019Iran bloque la circulation du\u00a0<a href=\"http:\/\/www.lefigaro.fr\/conjoncture\/conflit-israel-iran-pourquoi-la-fermeture-du-detroit-d-ormuz-serait-un-cauchemar-absolu-pour-l-economie-mondiale-20250614\" data-fig-type=\"NewsFlash\" data-gtm-custom-categorie=\"navigation\" data-gtm-custom-action=\"crossclick\" data-gtm-custom-label=\"Contextuel\" data-gtm-event=\"customEventSPE\" data-fig-domain=\"LEFIGARO\" target=\"_blank\" rel=\"noopener\">d\u00e9troit d\u2019Ormuz<\/a>\u00a0(par lequel transite 21% du p\u00e9trole mondial, NDLR), mais je n\u2019y crois pas, la d\u00e9gringolade des march\u00e9s financiers pourrait se prolonger sur plusieurs jours. Le secteur du luxe, qui p\u00e8se 30% du CAC 40, risque de d\u00e9visser fortement.<\/p>\n<p class=\"fig-paragraph\"><strong>Faut-il s\u2019attendre, lundi, \u00e0 une flamb\u00e9e des cours du p\u00e9trole (qui ont grimp\u00e9 de 21% depuis fin mai)\u00a0?<\/strong><\/p>\n<p class=\"fig-paragraph\">Oui, on peut s\u2019attendre \u00e0 une\u00a0<a href=\"http:\/\/www.lefigaro.fr\/conjoncture\/carburants-faut-il-craindre-une-flambee-des-prix-a-la-pompe-apres-les-frappes-israeliennes-en-iran-20250613\" data-fig-type=\"Article\" data-gtm-custom-categorie=\"navigation\" data-gtm-custom-action=\"crossclick\" data-gtm-custom-label=\"Contextuel\" data-gtm-event=\"customEventSPE\" data-fig-domain=\"LEFIGARO\" target=\"_blank\" rel=\"noopener\">flamb\u00e9e des cours,<\/a>\u00a0car les sp\u00e9culations autour d\u2019un \u00e9ventuel blocage du d\u00e9troit d\u2019Ormuz ne cessent de grimper. Les investisseurs n\u2019ont aucune visibilit\u00e9. Il faut s\u2019attendre \u00e0 de fortes positions sp\u00e9culatives. Mais l\u00e0 encore, je ne pense pas que cette flamb\u00e9e du p\u00e9trole soit durable. Les \u00c9tats-Unis peuvent utiliser les r\u00e9serves strat\u00e9giques pour faire baisser les prix. On peut donc s\u2019attendre \u00e0 un tassement des cours d\u00e8s lundi voire mardi.<\/p>\n<p>Quid des taux d\u2019emprunt des \u00c9tats\u00a0? Une flamb\u00e9e est-elle aussi \u00e0 redouter\u00a0?<\/p>\n<p class=\"fig-paragraph\">Non, aucun mouvement de forte hausse n\u2019est \u00e0 redouter lundi. Les \u00e9ventuelles hausses devraient rester contenues, car les investisseurs qui ach\u00e8tent des obligations d\u2019\u00c9tat, sont moins sensibles \u00e0 ces secousses g\u00e9opolitiques qu\u2019aux droits de douane par exemple. Et encore, les r\u00e9actions aux premi\u00e8res annonces de Donald Trump sur la hausse des droits de douane avaient \u00e9t\u00e9 \u00e9pidermiques.<\/p>\n","protected":false},"excerpt":{"rendered":"ENTRETIEN &#8211; Les frappes ordonn\u00e9es par Donald Trump ont \u00e9t\u00e9 salu\u00e9es ce dimanche \u00e0 la bourse isra\u00e9lienne. L\u2019ambiance&hellip;\n","protected":false},"author":2,"featured_media":195734,"comment_status":"","ping_status":"","sticky":false,"template":"","format":"standard","meta":{"footnotes":""},"categories":[6],"tags":[339,340,5738,35,343,345,350,130,344,352,349,33,34,341,313,73,1011,27,346,342,3019,353,351,347,348,354],"class_list":{"0":"post-195733","1":"post","2":"type-post","3":"status-publish","4":"format-standard","5":"has-post-thumbnail","7":"category-economie","8":"tag-actualite-economique","9":"tag-bourse","10":"tag-bourses","11":"tag-business","12":"tag-cac-40","13":"tag-chef-dentreprise","14":"tag-concurrence","15":"tag-consommation","16":"tag-creation-dentreprise","17":"tag-crise","18":"tag-delocalisations","19":"tag-economie","20":"tag-economy","21":"tag-emploi","22":"tag-entreprises","23":"tag-etats-unis","24":"tag-fr","25":"tag-france","26":"tag-grands-patrons","27":"tag-impots","28":"tag-iran","29":"tag-licenciements","30":"tag-monopole","31":"tag-multinationales","32":"tag-privatisation","33":"tag-unio"},"share_on_mastodon":{"url":"https:\/\/pubeurope.com\/@fr\/114726792420751819","error":""},"_links":{"self":[{"href":"https:\/\/www.europesays.com\/fr\/wp-json\/wp\/v2\/posts\/195733","targetHints":{"allow":["GET"]}}],"collection":[{"href":"https:\/\/www.europesays.com\/fr\/wp-json\/wp\/v2\/posts"}],"about":[{"href":"https:\/\/www.europesays.com\/fr\/wp-json\/wp\/v2\/types\/post"}],"author":[{"embeddable":true,"href":"https:\/\/www.europesays.com\/fr\/wp-json\/wp\/v2\/users\/2"}],"replies":[{"embeddable":true,"href":"https:\/\/www.europesays.com\/fr\/wp-json\/wp\/v2\/comments?post=195733"}],"version-history":[{"count":0,"href":"https:\/\/www.europesays.com\/fr\/wp-json\/wp\/v2\/posts\/195733\/revisions"}],"wp:featuredmedia":[{"embeddable":true,"href":"https:\/\/www.europesays.com\/fr\/wp-json\/wp\/v2\/media\/195734"}],"wp:attachment":[{"href":"https:\/\/www.europesays.com\/fr\/wp-json\/wp\/v2\/media?parent=195733"}],"wp:term":[{"taxonomy":"category","embeddable":true,"href":"https:\/\/www.europesays.com\/fr\/wp-json\/wp\/v2\/categories?post=195733"},{"taxonomy":"post_tag","embeddable":true,"href":"https:\/\/www.europesays.com\/fr\/wp-json\/wp\/v2\/tags?post=195733"}],"curies":[{"name":"wp","href":"https:\/\/api.w.org\/{rel}","templated":true}]}}