{"id":195739,"date":"2025-06-22T11:33:09","date_gmt":"2025-06-22T11:33:09","guid":{"rendered":"https:\/\/www.europesays.com\/fr\/195739\/"},"modified":"2025-06-22T11:33:09","modified_gmt":"2025-06-22T11:33:09","slug":"vols-avec-violences-rixes-piqures-le-bilan-amer-de-la-fete-de-la-musique","status":"publish","type":"post","link":"https:\/\/www.europesays.com\/fr\/195739\/","title":{"rendered":"Vols avec violences, rixes, piq\u00fbres&#8230; Le bilan amer de la F\u00eate de la musique"},"content":{"rendered":"<p>371 personnes ont \u00e9t\u00e9 interpell\u00e9es dans la nuit de samedi \u00e0 dimanche, et 1500 personnes bless\u00e9es ont \u00e9t\u00e9 recens\u00e9es, dont 14 sont en urgence absolue. \u00c0 Paris, des violences ont \u00e9clat\u00e9 pendant la nuit, notamment pr\u00e8s des Halles.<\/p>\n<p class=\"fig-paragraph\">La\u00a0<a href=\"http:\/\/www.lefigaro.fr\/musique\/dossier\/fete-de-la-musique-concerts-animations-transports-securite-tout-ce-qu-il-faut-savoir\" target=\"_blank\" data-fig-type=\"Topic\" rel=\"noopener\" data-gtm-custom-categorie=\"navigation\" data-gtm-custom-action=\"crossclick\" data-gtm-custom-label=\"Contextuel\" data-gtm-event=\"customEventSPE\" data-fig-domain=\"LEFIGARO\">f\u00eate de la musique<\/a>, qui s\u2019est tenue dans les rues des villes de France toute la nuit de samedi \u00e0 dimanche, a de nouveau \u00e9t\u00e9 l\u2019occasion de d\u00e9bordements importants, de rixes et de violences.<\/p>\n<p class=\"fig-paragraph\">Au total, 371 personnes ont \u00e9t\u00e9 interpell\u00e9es par les forces de l\u2019ordre au cours de la soir\u00e9e, soit 14 % de plus que l\u2019an dernier, dont 89 \u00e0 Paris, selon le bilan du minist\u00e8re de l\u2019Int\u00e9rieur. Il y a eu 305 gardes \u00e0 vue, contre seulement 22 en 2024, dont un quart environ \u00e0 Paris.<\/p>\n<p class=\"fig-paragraph\">Treize membres des forces de l&rsquo;ordre ont \u00e9t\u00e9 bless\u00e9s, 14 participants aux festivit\u00e9s ont \u00e9t\u00e9 gri\u00e8vement bless\u00e9s et environ 1500 ont \u00e9t\u00e9 l\u00e9g\u00e8rement bless\u00e9es. Selon un d\u00e9compte des sapeurs-pompiers, il y a eu 51 feux de v\u00e9hicules et 39 feux sur la voie publique.<\/p>\n<p class=\"fig-body-link\">\n            \u00c0 lire aussi<br \/>\n        <a class=\"fig-body-link__link\" href=\"http:\/\/www.lefigaro.fr\/flash-actu\/fete-de-la-musique-les-images-de-l-envol-de-la-vasque-olympique-de-retour-dans-le-ciel-de-paris-20250621\" data-fig-type=\"NewsFlash\" data-gtm-custom-categorie=\"navigation\" data-gtm-custom-action=\"crossclick\" data-gtm-custom-label=\"Contextuel\" data-gtm-event=\"customEventSPE\" data-fig-domain=\"LEFIGARO\" target=\"_blank\" rel=\"noopener\">F\u00eate de la musique: les images de l\u2019envol de la vasque olympique, de retour dans le ciel de Paris<br \/>\n    <\/a>\n<\/p>\n<p>Des rixes et des vols avec violence dans le centre de Paris<\/p>\n<p class=\"fig-paragraph\">Sur des images tourn\u00e9es cette nuit et diffus\u00e9es sur les r\u00e9seaux sociaux, on voit de nombreux attroupements d\u00e9g\u00e9n\u00e9rer dans le centre de Paris, notamment \u00e0 proximit\u00e9 du forum des Halles dans le 2e arrondissement.<\/p>\n<p class=\"fig-paragraph\">Sur une vid\u00e9o diffus\u00e9e par l\u2019ancien responsable syndical des officiers de police et d\u00e9sormais eurod\u00e9put\u00e9 RN Matthieu Valet, on voit des affrontements entre des bandes de jeunes hommes et les forces de l\u2019ordre, contraintes de se r\u00e9fugier \u00e0 l\u2019int\u00e9rieur du centre commercial des Halles sous un feu nourri de jets de projectiles.<\/p>\n<p class=\"fig-paragraph\">Tout autour du quartier de Ch\u00e2telet et des Halles, les forces de l\u2019ordre sont intervenues \u00e0 de multiples reprises et ont d\u00fb faire usage de gaz lacrymog\u00e8nes pour disperser une foule mena\u00e7ante.<\/p>\n<p class=\"fig-paragraph\">Selon un \u00e9lu de Paris proche de l\u2019opposition de droite \u00e0 la mairie socialiste, Aur\u00e9lien V\u00e9ron, non loin de l\u00e0 un couple s\u2019est fait \u00ablyncher\u00bb en essuyant des coups de pied devant l\u2019\u00e9glise Saint-Eustache.<\/p>\n<p class=\"fig-paragraph\">D\u2019autres images font \u00e9galement \u00e9tat de violentes rixes entre jeunes dans les rues de la capitale.<\/p>\n<p class=\"fig-paragraph\">Pr\u00e8s des quais de Seine, \u00e0 hauteur d\u2019un pont, une autre vid\u00e9o montre une jeune femme frapp\u00e9e \u00e0 terre par des coups de pied. L\u2019ancien policier S\u00e9bastien Jallamion a analys\u00e9 ces images et indiqu\u00e9 qu\u2019il s\u2019agissait d\u2019une technique de \u00abvol avec violences en r\u00e9union\u00bb. Les agresseurs frappent une victime et la mettent \u00e0 terre pour lui d\u00e9rober son sac, tout en continuant de multiplier les coups autour des victimes pour dissimuler l\u2019objet r\u00e9el des violences.<\/p>\n<p>Paris jonch\u00e9 d\u2019immondices<\/p>\n<p class=\"fig-paragraph\">Les Parisiens se sont r\u00e9veill\u00e9s dimanche matin dans une ville aux rues jonch\u00e9es d\u2019immondices, comme l\u2019ont montr\u00e9 de nombreuses images tourn\u00e9es au petit jour.<\/p>\n<p class=\"fig-paragraph\">Une vid\u00e9o devenue virale a montr\u00e9 un \u00e9boueur de la Ville de Paris exasp\u00e9r\u00e9 par la montagne de d\u00e9tritus abandonn\u00e9e sur les trottoirs et le bitume.<\/p>\n<p>Plus d\u2019une centaine de piq\u00fbres<\/p>\n<p class=\"fig-paragraph\">Plus d\u2019une centaine de cas de piq\u00fbres ont \u00e9t\u00e9 recens\u00e9s sur tout le territoire, apr\u00e8s des appels sur les r\u00e9seaux sociaux \u00e0 piquer les femmes lors de la F\u00eate de la musique, et 305 personnes ont \u00e9t\u00e9 plac\u00e9es en garde \u00e0 vue pour diff\u00e9rents d\u00e9lits, selon un bilan du minist\u00e8re de l\u2019Int\u00e9rieur dimanche.<\/p>\n<p class=\"fig-paragraph\">Dans la nuit et \u00e0 la suite de publications sur les r\u00e9seaux sociaux visant \u00e0 \u00abattaquer et \u00e0 piquer des femmes lors de la F\u00eate de la musique\u00bb, 145 victimes de piq\u00fbres se sont manifest\u00e9es aupr\u00e8s des services de police en m\u00e9tropole et en outre-mer, a pr\u00e9cis\u00e9 le minist\u00e8re de l\u2019Int\u00e9rieur.<\/p>\n<p class=\"fig-paragraph\">La pr\u00e9fecture de police de Paris a relev\u00e9 21 cas sur sa zone en \u00cele-de-France, dont 13 \u00e0 Paris. \u00abCertaines victimes ont \u00e9t\u00e9 prises en charge dans des h\u00f4pitaux afin de subir des analyses toxicologiques\u00bb, a ajout\u00e9 le minist\u00e8re.<\/p>\n<p class=\"fig-paragraph\">Douze personnes, soup\u00e7onn\u00e9es d\u2019\u00eatre les auteurs de piq\u00fbres, ont \u00e9t\u00e9 interpell\u00e9es, selon le minist\u00e8re. \u00c0 Angoul\u00eame, par exemple, quatre personnes ont \u00e9t\u00e9 interpell\u00e9es. Elles auraient fait une cinquantaine de victimes, selon une source polici\u00e8re.<\/p>\n<p>R\u00e9actions politiques<\/p>\n<p class=\"fig-paragraph\">Si la f\u00eate de la musique reste un moment de r\u00e9jouissances aux yeux de nombreux responsables politiques, \u00e0 l\u2019instar de Gabriel Attal qui a exprim\u00e9 sa \u00abjoie\u00bb \u00e0 la vue du\u00a0<a href=\"http:\/\/www.lefigaro.fr\/culture\/entre-etonnement-et-interrogation-touristes-parisiens-et-meme-emmanuel-macron-retrouvent-la-flamme-olympique-et-son-ballon-20250612\" target=\"_blank\" data-fig-type=\"Article\" rel=\"noopener\" data-gtm-custom-categorie=\"navigation\" data-gtm-custom-action=\"crossclick\" data-gtm-custom-label=\"Contextuel\" data-gtm-event=\"customEventSPE\" data-fig-domain=\"LEFIGARO\">retour de la flamme olympique<\/a>\u00a0dans le jardin des Tuileries pendant un concert organis\u00e9 pour l\u2019occasion, plusieurs \u00e9lus ont exprim\u00e9 leur souhait de voir \u00e9voluer l\u2019organisation de la f\u00eate \u00e0 l\u2019avenir.<\/p>\n<p class=\"fig-paragraph\">C\u2019est par exemple le cas du d\u00e9put\u00e9 d\u2019extr\u00eame gauche Aymeric Caron\u00a0: \u00abIl faut revoir la F\u00eate de la musique \u00e0 Paris, a-t-il d\u00e9clar\u00e9. Il n\u2019y est plus question de musique, de cr\u00e9ation, de familles, mais de machine \u00e0 cash pour les bars sur fond de musique de DJ crach\u00e9e \u00e0 fond par des enceintes qui perforent les murs des appartements et mettent \u00e0 mal les nerfs des parisiens, parfois d\u00e8s 14 heures, contre toute l\u00e9galit\u00e9. L\u2019\u00e9v\u00e8nement draine maintenant des foules avin\u00e9es qui deviennent par moments dangereuses. Il faut revenir \u00e0 l\u2019esprit de la f\u00eate de la musique originelle\u00a0: permettre aux gens de descendre dans la rue FAIRE de la musique, avec les instruments, mettre \u00e0 l\u2019honneur des groupes amateurs, et trouver les bons endroits pour les mettre en valeur.\u00bb<\/p>\n<p class=\"fig-paragraph\">Le d\u00e9put\u00e9 LFI Antoine L\u00e9aument a pour sa part d\u00e9plor\u00e9 en revanche l\u2019usage de gaz lacrymog\u00e8ne au milieu de la foule par les forces de l\u2019ordre.<\/p>\n","protected":false},"excerpt":{"rendered":"371 personnes ont \u00e9t\u00e9 interpell\u00e9es dans la nuit de samedi \u00e0 dimanche, et 1500 personnes bless\u00e9es ont \u00e9t\u00e9&hellip;\n","protected":false},"author":2,"featured_media":195740,"comment_status":"","ping_status":"","sticky":false,"template":"","format":"standard","meta":{"footnotes":""},"categories":[2],"tags":[47,1058,1054,1059,1060,1055,11,1057,118,25885,1011,27,1061,303,12,1062,656,104,1056,809],"class_list":{"0":"post-195739","1":"post","2":"type-post","3":"status-publish","4":"format-standard","5":"has-post-thumbnail","7":"category-actualites","8":"tag-actualite","9":"tag-actualite-education","10":"tag-actualite-france","11":"tag-actualite-justice","12":"tag-actualite-securite","13":"tag-actualite-societe","14":"tag-actualites","15":"tag-education","16":"tag-faits-divers","17":"tag-fete-de-la-musique","18":"tag-fr","19":"tag-france","20":"tag-immigration","21":"tag-justice","22":"tag-news","23":"tag-polemique","24":"tag-securite","25":"tag-societe","26":"tag-societe-francaise","27":"tag-violence"},"share_on_mastodon":{"url":"https:\/\/pubeurope.com\/@fr\/114726804027500844","error":""},"_links":{"self":[{"href":"https:\/\/www.europesays.com\/fr\/wp-json\/wp\/v2\/posts\/195739","targetHints":{"allow":["GET"]}}],"collection":[{"href":"https:\/\/www.europesays.com\/fr\/wp-json\/wp\/v2\/posts"}],"about":[{"href":"https:\/\/www.europesays.com\/fr\/wp-json\/wp\/v2\/types\/post"}],"author":[{"embeddable":true,"href":"https:\/\/www.europesays.com\/fr\/wp-json\/wp\/v2\/users\/2"}],"replies":[{"embeddable":true,"href":"https:\/\/www.europesays.com\/fr\/wp-json\/wp\/v2\/comments?post=195739"}],"version-history":[{"count":0,"href":"https:\/\/www.europesays.com\/fr\/wp-json\/wp\/v2\/posts\/195739\/revisions"}],"wp:featuredmedia":[{"embeddable":true,"href":"https:\/\/www.europesays.com\/fr\/wp-json\/wp\/v2\/media\/195740"}],"wp:attachment":[{"href":"https:\/\/www.europesays.com\/fr\/wp-json\/wp\/v2\/media?parent=195739"}],"wp:term":[{"taxonomy":"category","embeddable":true,"href":"https:\/\/www.europesays.com\/fr\/wp-json\/wp\/v2\/categories?post=195739"},{"taxonomy":"post_tag","embeddable":true,"href":"https:\/\/www.europesays.com\/fr\/wp-json\/wp\/v2\/tags?post=195739"}],"curies":[{"name":"wp","href":"https:\/\/api.w.org\/{rel}","templated":true}]}}