{"id":195743,"date":"2025-06-22T11:36:14","date_gmt":"2025-06-22T11:36:14","guid":{"rendered":"https:\/\/www.europesays.com\/fr\/195743\/"},"modified":"2025-06-22T11:36:14","modified_gmt":"2025-06-22T11:36:14","slug":"ce-sera-une-des-plus-grosses-centrales-photovoltaiques-sur-le-territoire-du-grand-nancy","status":"publish","type":"post","link":"https:\/\/www.europesays.com\/fr\/195743\/","title":{"rendered":"\u00ab Ce sera une des plus grosses centrales photovolta\u00efques sur le territoire du Grand Nancy \u00bb"},"content":{"rendered":"<p>Le projet d\u2019ombri\u00e8res photovolta\u00efques sur le parking du Z\u00e9nith prend un peu plus forme. Alors que les \u00e9lus de la M\u00e9tropole avaient <a href=\"https:\/\/www.estrepublicain.fr\/environnement\/2024\/07\/11\/un-projet-de-panneaux-photovoltaiques-sur-le-site-du-zenith\" target=\"_blank\" rel=\"noopener\">lanc\u00e9 un appel \u00e0 projets<\/a> en ce sens l\u2019\u00e9t\u00e9 dernier dans le cadre de <a href=\"https:\/\/www.estrepublicain.fr\/economie\/2024\/05\/17\/ombrieres-photovoltaiques-les-hypers-se-font-une-place-au-soleil\" target=\"_blank\" rel=\"noopener\">la loi APER<\/a> sur les zones d\u2019acc\u00e9l\u00e9ration des \u00e9nergies renouvelables, le nom du laur\u00e9at a \u00e9t\u00e9 communiqu\u00e9 ce jeudi \u00e0 l\u2019occasion du conseil de M\u00e9tropole.<\/p>\n<p>  Des r\u00e9f\u00e9rences solides<\/p>\n<p>Apr\u00e8s avoir \u00e9tudi\u00e9 dans les moindres d\u00e9tails les neuf dossiers re\u00e7us et avoir s\u00e9lectionn\u00e9 quatre \u00ab finalistes \u00bb, le comit\u00e9 de pilotage du projet a donn\u00e9 sa pr\u00e9f\u00e9rence \u00e0 un groupement constitu\u00e9 par la SEM SIPEnR, ENErgic (Enercoop Grand Est) et la SEM r\u00e9gionale Grand Est Energies.<\/p>\n<p>Un acteur qui a quelques solides r\u00e9f\u00e9rences sur le sujet\u2026 En lien avec les partenaires du groupement, la SEM SIPEnR a notamment install\u00e9 des ombri\u00e8res sur le parking du Z\u00e9nith de Nantes, install\u00e9 un parc solaire du G\u00e9nie \u00e0 \u00c9crouves et a une centrale de 50MWc en cours de d\u00e9veloppement sur l\u2019a\u00e9rodrome de Chambley &#8211; Planet\u2019Air.<\/p>\n<p>  La consommation \u00e9lectrique de 5 600 personnes<\/p>\n<p>Au Z\u00e9nith de Max\u00e9ville, le groupement installera des ombri\u00e8res sur 2,9 hectares (la surface totale du site est de 3,5 hectares), un dispositif qui permettra de garder la fonction premi\u00e8re du parking tout en offrant de l\u2019ombre aux usagers qui viennent voir des spectacles. Appr\u00e9ciable quand le soleil tape fort\u2026<\/p>\n<p class=\"txt\">Ce projet r\u00e9pond \u00e0 un objectif climatique et surtout de souverainet\u00e9 \u00e9nerg\u00e9tique.\u00a0<\/p>\n<p class=\"nom\">Christophe Choserot, maire de Max\u00e9ville et vice-pr\u00e9sident de la M\u00e9tropole<\/p>\n<p>L\u2019ensemble produira 6,7 GWh\/an, soit l\u2019\u00e9quivalent de la consommation \u00e9lectrique d\u2019une ville de 5 600 habitants. \u00ab Ce sera une des plus grosses centrales photovolta\u00efques sur le territoire du Grand Nancy \u00bb relevait Christophe Choserot, le maire de Max\u00e9ville et vice-pr\u00e9sident de la M\u00e9tropole, avant le passage aux votes, \u00ab au-del\u00e0 de r\u00e9pondre \u00e0 tous les objectifs que nous nous sommes fix\u00e9s <strong>(1)<\/strong> , ce projet r\u00e9pond \u00e0 un objectif climatique et surtout de souverainet\u00e9 \u00e9nerg\u00e9tique. \u00bb<\/p>\n<p>Apr\u00e8s la signature de la convention de partenariat, le permis de construire devrait \u00eatre d\u00e9pos\u00e9 au deuxi\u00e8me semestre 2025. Les travaux sont pr\u00e9vus pour 2027 avant une livraison \u00e0 la fin de l\u2019ann\u00e9e si tout va bien. Le parking du Z\u00e9nith deviendra alors une nouvelle source d\u2019\u00e9nergie renouvelable pour la m\u00e9tropole\u2026<\/p>\n<p><strong>(1) <\/strong> La M\u00e9tropole vise les 70 % d\u2019\u00e9nergies renouvelables et de r\u00e9cup\u00e9ration dans sa consommation \u00e9nerg\u00e9tique \u00e0 l\u2019horizon 2050, dont 35 % produites localement.<\/p>\n","protected":false},"excerpt":{"rendered":"Le projet d\u2019ombri\u00e8res photovolta\u00efques sur le parking du Z\u00e9nith prend un peu plus forme. Alors que les \u00e9lus&hellip;\n","protected":false},"author":2,"featured_media":195744,"comment_status":"","ping_status":"","sticky":false,"template":"","format":"standard","meta":{"footnotes":""},"categories":[9635],"tags":[1111,11,4749,33,1704,436,1777,674,1011,27,775,9588,10061,10262,1702,12,25],"class_list":{"0":"post-195743","1":"post","2":"type-post","3":"status-publish","4":"format-standard","5":"has-post-thumbnail","7":"category-nancy","8":"tag-actu","9":"tag-actualites","10":"tag-btp-et-chantiers","11":"tag-economie","12":"tag-edition-nancy-et-agglomeration","13":"tag-environnement","14":"tag-eu","15":"tag-europe","16":"tag-fr","17":"tag-france","18":"tag-grand-est","19":"tag-ici-on-agit","20":"tag-maxeville","21":"tag-metropole-du-grand-nancy-54b5","22":"tag-nancy","23":"tag-news","24":"tag-republique-francaise"},"share_on_mastodon":{"url":"https:\/\/pubeurope.com\/@fr\/114726815880462504","error":""},"_links":{"self":[{"href":"https:\/\/www.europesays.com\/fr\/wp-json\/wp\/v2\/posts\/195743","targetHints":{"allow":["GET"]}}],"collection":[{"href":"https:\/\/www.europesays.com\/fr\/wp-json\/wp\/v2\/posts"}],"about":[{"href":"https:\/\/www.europesays.com\/fr\/wp-json\/wp\/v2\/types\/post"}],"author":[{"embeddable":true,"href":"https:\/\/www.europesays.com\/fr\/wp-json\/wp\/v2\/users\/2"}],"replies":[{"embeddable":true,"href":"https:\/\/www.europesays.com\/fr\/wp-json\/wp\/v2\/comments?post=195743"}],"version-history":[{"count":0,"href":"https:\/\/www.europesays.com\/fr\/wp-json\/wp\/v2\/posts\/195743\/revisions"}],"wp:featuredmedia":[{"embeddable":true,"href":"https:\/\/www.europesays.com\/fr\/wp-json\/wp\/v2\/media\/195744"}],"wp:attachment":[{"href":"https:\/\/www.europesays.com\/fr\/wp-json\/wp\/v2\/media?parent=195743"}],"wp:term":[{"taxonomy":"category","embeddable":true,"href":"https:\/\/www.europesays.com\/fr\/wp-json\/wp\/v2\/categories?post=195743"},{"taxonomy":"post_tag","embeddable":true,"href":"https:\/\/www.europesays.com\/fr\/wp-json\/wp\/v2\/tags?post=195743"}],"curies":[{"name":"wp","href":"https:\/\/api.w.org\/{rel}","templated":true}]}}