{"id":195755,"date":"2025-06-22T11:43:28","date_gmt":"2025-06-22T11:43:28","guid":{"rendered":"https:\/\/www.europesays.com\/fr\/195755\/"},"modified":"2025-06-22T11:43:28","modified_gmt":"2025-06-22T11:43:28","slug":"pourquoi-la-fete-de-la-musique-attire-particulierement-les-touristes-etrangers-cette-annee","status":"publish","type":"post","link":"https:\/\/www.europesays.com\/fr\/195755\/","title":{"rendered":"Pourquoi la F\u00eate de la musique attire particuli\u00e8rement les touristes \u00e9trangers cette ann\u00e9e"},"content":{"rendered":"<p>      <img fetchpriority=\"high\" decoding=\"async\" class=\"mx-auto\" src=\"data:image\/svg+xml,%3Csvg%20xmlns%3D%27http%3A%2F%2Fwww.w3.org%2F2000%2Fsvg%27%20fill%3D%22%23e4e4e4%22%20viewBox%3D%270%200%20510%20340%27%20width%3D%22510%22%20height%3D%22340%22%3E%3Cpath%20d%3D%27M0%200h510v340H0z%27%2F%3E%3C%2Fsvg%3E\"  loading=\"eager\" width=\"510\" height=\"340\" data-oncrawl-image-size=\"510x340\" alt=\"Des Parisiens dansent \u00e0 Montmartre lors de la F\u00eate de la Musique, le 21\u00a0juin 2022.\"\/>      <\/p>\n<p class=\"latino-100m text-grey-600\">\n            Des Parisiens dansent \u00e0 Montmartre lors de la F\u00eate de la Musique, le 21\u00a0juin 2022.\u00a0KIRAN RIDLEY \/ GETTY IMAGES VIA AFP        <\/p>\n<p>    Temps de lecture\u00a0:\u00a02\u00a0min.<\/p>\n<p class=\"article__description latino-600m mb-8 mb-lg-30 \" data-oncrawl-chapo-length=\"196\">\n  \t  D\u00e9cryptage\u00a0<br \/>\n    De nombreux internautes \u00e9trangers, fascin\u00e9s par les images des grands concerts de rues qui \u00e9maillent la France tous les 21\u00a0juin, ont fait part de leur intention de se joindre \u00e0 la f\u00eate.<\/p>\n<p class=\"node__paragraphe antonia-750r text-grey-800 pb-24 pb-md-30\">\nLa F\u00eate de la musique serait-elle un Coachella \u00e0 la Fran\u00e7aise\u00a0? Sur les r\u00e9seaux sociaux, de nombreux internautes \u00e9trangers semblent s\u2019en \u00eatre persuad\u00e9s. Depuis plusieurs semaines l\u2019\u00e9v\u00e9nement musical, qui se tient tous les ans le 21\u00a0juin lors du solstice d\u2019\u00e9t\u00e9, provoque l\u2019engouement en ligne, notamment sur TikTok. Des internautes britanniques, allemands ou am\u00e9ricains ont jur\u00e9 de faire le d\u00e9placement pour prendre part \u00e0 la f\u00eate.<\/p>\n<p class=\"node__paragraphe antonia-750r text-grey-800 pb-24 pb-md-30\">\nComme tous les ans, la F\u00eate de la musique fera la part belle aux spectacles de rue, r\u00e9unissant touristes et locaux dans toute la France autour de centaines de concerts gratuits. Cette grande messe musicale a souvent fait sensation, alors que les images de foules massives vibrant en pleine rue au son des basses de DJ perch\u00e9s aux fen\u00eatres de leur appartement ou de musiciens cal\u00e9s sur un bout de trottoir ont parfois cumul\u00e9 des millions de vues.<\/p>\n<p class=\"node__paragraphe antonia-750r text-grey-800 pb-24 pb-md-30\">\nDe quoi provoquer la fascination \u00e0 l\u2019\u00e9tranger, au point que certains ont annonc\u00e9 qu\u2019ils se rendraient en France, et notamment \u00e0 Paris, pour y participer. Sur les r\u00e9seaux sociaux, les vid\u00e9os se multiplient d\u2019internautes \u00e9trangers d\u00e9taillant leurs pr\u00e9paratifs et leurs bons plans pour danser d\u00e8s le vendredi soir, et d\u00e9livrant leurs astuces pour s\u2019int\u00e9grer au mieux.<\/p>\n<p class=\"latino-500b text-grey-600 pb-16\">A lire aussi<\/p>\n<p><a href=\"https:\/\/www.nouvelobs.com\/culture\/20250613.OBS104920\/mort-de-brian-wilson-la-surf-music-des-beach-boys-a-participe-a-la-marchandisation-d-une-pratique-des-autochtones-hawaiens.html\" data-article-key=\"20250613.OBS104920\" class=\"link--box flex-grow-1\" data-piano=\"Page_Article,Lire_aussi,,Lien1,navigation\" target=\"_blank\" rel=\"noopener\"><\/p>\n<p>                <img decoding=\"async\" src=\"data:image\/svg+xml,%3Csvg%20xmlns%3D%27http%3A%2F%2Fwww.w3.org%2F2000%2Fsvg%27%20fill%3D%22%23e4e4e4%22%20viewBox%3D%270%200%20120%2080%27%20width%3D%22120%22%20height%3D%2280%22%3E%3Cpath%20d%3D%27M0%200h120v80H0z%27%2F%3E%3C%2Fsvg%3E\"  width=\"120\" height=\"79\" loading=\"lazy\" alt=\"Brian Wilson, fondateur des Beach Boys, sur la plage de Malibu, \u00e0 Los Angeles, en 1988.\"\/><\/p>\n<p class=\"latino-300r latino-lg-600m text-grey-800\">\n                      <strong class=\"latino-300b latino-lg-600m text-grey-500\">Interview\u00a0<\/strong><br \/>\n                    Mort de Brian Wilson\u00a0: \u00ab\u00a0La \u201csurf music\u201d des Beach Boys a particip\u00e9 \u00e0 la marchandisation d\u2019une pratique des autochtones hawa\u00efens\u00a0\u00bb        <\/p>\n<p><\/a><\/p>\n<p class=\"node__paragraphe antonia-750r text-grey-800 pb-24 pb-md-30\">\n\u00ab\u00a0Je viens de r\u00e9server mon billet d\u2019avion\u00a0!! Pouvez-vous recommander les meilleurs spots pour le 21\u00a0s\u2019il vous pla\u00eet\u00a0?\u00a0\u00bb, peut-on lire sous une vid\u00e9o revenant sur le B.A.-BA de la f\u00eate (\u00ab\u00a0T\u00e9l\u00e9chargez l\u2019appli RATP\u00a0\u00bb, \u00ab\u00a0Quand vous trouvez votre spot, restez-y, c\u2019est comme le carnaval de Londres, la ville sera blind\u00e9e\u00a0!\u00a0\u00bb D\u2019autres encore demandent des conseils pour les meilleurs \u00ab\u00a0outfits\u00a0\u00bb \u00e0 porter pour l\u2019occasion. Une internaute britannique a notamment provoqu\u00e9 l\u2019hilarit\u00e9 &#8211; et l\u2019exasp\u00e9ration &#8211; en \u00e9voquant les 15\u00a0tenues rang\u00e9es dans sa valise pour la soir\u00e9e.<\/p>\n<p>\u00ab\u00a0C\u2019est juste une \u00e9norme block party\u00a0\u00bb<\/p>\n<p class=\"node__paragraphe antonia-750r text-grey-800 pb-24 pb-md-30\">\nCar la tendance, si elle est parfois pouss\u00e9e jusqu\u2019au second degr\u00e9, a eu le don d\u2019agacer certains internautes fran\u00e7ais, inquiets de voir l\u2019\u00e9v\u00e9nement devenir un simili- \u00ab\u00a0Coachella\u00a0\u00bb, du nom de ce grand festival de musique californien presque plus connu pour les c\u00e9l\u00e9brit\u00e9s et influenceurs qui aiment s\u2019y photographier que pour sa programmation.<\/p>\n<p class=\"node__paragraphe antonia-750r text-grey-800 pb-24 pb-md-30\">\n\u00ab\u00a0Je vous pr\u00e9viens, c\u2019est juste une \u00e9norme block party [une f\u00eate de rue]. Vous avez juste besoin de bonnes chaussures, d\u2019un tote bag pour transporter l\u2019essentiel, d\u2019une batterie externe, d\u2019une bouteille d\u2019eau, d\u2019un paquet de chewing-gums et c\u2019est tout\u00a0!\u00a0\u00bb, a expliqu\u00e9 une jeune femme Fran\u00e7aise dans une <a target=\"_blank\" href=\"https:\/\/www.tiktok.com\/@kianatiese\/video\/7513212184558669078?_r=1&amp;_t=ZN-8xHdANZUZoE\" rel=\"noopener\">vid\u00e9o<\/a> sur TikTok, tentant de temp\u00e9rer les esp\u00e9rances de touristes s\u2019attendant \u00e0 une f\u00eate grandiose. D\u2019autres Fran\u00e7ais se sont montr\u00e9s plus irrit\u00e9s face au potentiel afflux de touristes\u00a0: \u00ab\u00a0Qui vous a invit\u00e9\u00a0?\u00a0\u00bb, s\u2019indignent des commentaires sous de nombreuses vid\u00e9os d\u2019\u00e9trangers partageant leurs plans pour la soir\u00e9e.<\/p>\n<p class=\"latino-500b text-grey-600 pb-16\">A lire aussi<\/p>\n<p><a href=\"https:\/\/www.nouvelobs.com\/culture\/20250607.OBS104706\/quand-l-amerique-puritaine-part-en-croisade-contre-la-musique-avec-un-sticker.html\" data-article-key=\"20250607.OBS104706\" class=\"link--box flex-grow-1\" data-piano=\"Page_Article,Lire_aussi,,Lien2,navigation\" target=\"_blank\" rel=\"noopener\"><\/p>\n<p>                <img decoding=\"async\" src=\"data:image\/svg+xml,%3Csvg%20xmlns%3D%27http%3A%2F%2Fwww.w3.org%2F2000%2Fsvg%27%20fill%3D%22%23e4e4e4%22%20viewBox%3D%270%200%20120%2080%27%20width%3D%22120%22%20height%3D%2280%22%3E%3Cpath%20d%3D%27M0%200h120v80H0z%27%2F%3E%3C%2Fsvg%3E\"  width=\"120\" height=\"80\" loading=\"lazy\" alt=\"Prince, Frank Zappa, Madonna.\"\/><\/p>\n<p class=\"latino-300r latino-lg-600m text-grey-800\">\n                      <strong class=\"latino-300b latino-lg-600m text-grey-500\">S\u00e9rie\u00a0<\/strong><br \/>\n                    Quand l\u2019Am\u00e9rique puritaine part en croisade contre la musique avec un sticker        <\/p>\n<p><\/a><\/p>\n<p class=\"node__paragraphe antonia-750r text-grey-800 pb-24 pb-md-30\">\nPas de quoi d\u00e9courager les internautes les plus motiv\u00e9s \u00e0 faire la f\u00eate\u00a0: \u00ab\u00a0Que \u00e7a vous plaise ou non, on arrive, a lanc\u00e9 goguenard (et en fran\u00e7ais) un jeune Britannique sur TikTok. On va traverser la Manche, vous allez nous apprendre un peu de fran\u00e7ais et on va faire la f\u00eate comme une grande famille\u00a0!\u00a0\u00bb<\/p>\n<p class=\"node__paragraphe antonia-750r text-grey-800 pb-24 pb-md-30\">\nL\u2019\u00e9v\u00e9nement, cette ann\u00e9e, a notamment \u00e9t\u00e9 amplifi\u00e9 par la tenue de la premi\u00e8re \u00e9dition<a target=\"_blank\" href=\"https:\/\/www.franceinfo.fr\/culture\/musique\/france-music-week-des-leaders-mondiaux-de-l-industrie-reunis-en-sommet-a-l-opera-garnier_7325961.html#at_medium=5&amp;at_campaign_group=1&amp;at_campaign=culture&amp;at_offre=3&amp;at_variant=V3&amp;at_send_date=20250620&amp;at_recipient_id=726375-1581583509-2923da59&amp;at_adid=DM1115324\" rel=\"noopener\"> de la \u00ab\u00a0France Music Week\u00a0\u00bb<\/a>, lanc\u00e9 par la ministre de la Culture Rachida Dati pour promouvoir le secteur. Elle doit prendre fin samedi avec un grand concert, gratuit, dans les jardins du Louvre, en pr\u00e9sence de 35\u00a0000 personnes.<\/p>\n<p class=\"node__paragraphe antonia-750r text-grey-800 pb-24 pb-md-30\">\nDifficile de savoir jusqu\u2019\u00e0 quel point la tendance sur les r\u00e9seaux sociaux donnera lieu \u00e0 un r\u00e9el afflux de touristes ce samedi. Mais selon la plateforme de la location de logement AirBnB, cit\u00e9e par <a target=\"_blank\" href=\"https:\/\/www.franceinfo.fr\/culture\/musique\/fete-de-la-musique\/video-pourquoi-la-fete-de-la-musique-attire-cette-annee-particulierement-tant-de-touristes-etrangers_7326669.html\" rel=\"noopener\">Franceinfo<\/a>, \u00ab\u00a0les recherches\u00a0bondissent de 75\u00a0% en France entre le 20 et le 21\u00a0juin 2025, par rapport \u00e0 la m\u00eame p\u00e9riode l\u2019an dernier\u00a0\u00bb, particuli\u00e8rement \u00e0 Paris et Lille &#8211; pour cette derni\u00e8re, c\u2019est m\u00eame une hausse des visites de 500\u00a0% qui a \u00e9t\u00e9 enregistr\u00e9e. Une demande venant des Etats-Unis, de l\u2019Italie, de l\u2019Allemagne, de la Belgique et bien s\u00fbr du Royaume-Uni, alors que de nombreux internautes britanniques ont d\u00e9j\u00e0 commenc\u00e9 \u00e0 documenter leur premi\u00e8re F\u00eate de la musique, d\u00e8s leur sortie de l\u2019Eurostar.<\/p>\n<p>                      <script async src=\"\/\/www.tiktok.com\/embed.js\"><\/script><\/p>\n","protected":false},"excerpt":{"rendered":"Des Parisiens dansent \u00e0 Montmartre lors de la F\u00eate de la Musique, le 21\u00a0juin 2022.\u00a0KIRAN RIDLEY \/ GETTY&hellip;\n","protected":false},"author":2,"featured_media":195756,"comment_status":"","ping_status":"","sticky":false,"template":"","format":"standard","meta":{"footnotes":""},"categories":[9587],"tags":[17,1111,11,5648,4185,251,3331,1777,674,4768,1011,27,873,12,5161,33461,25,9590,21030],"class_list":{"0":"post-195755","1":"post","2":"type-post","3":"status-publish","4":"format-standard","5":"has-post-thumbnail","7":"category-rouen","8":"tag-17","9":"tag-actu","10":"tag-actualites","11":"tag-annee","12":"tag-attire","13":"tag-culture","14":"tag-etrangers","15":"tag-eu","16":"tag-europe","17":"tag-fete","18":"tag-fr","19":"tag-france","20":"tag-musique","21":"tag-news","22":"tag-normandie","23":"tag-particulierement","24":"tag-republique-francaise","25":"tag-rouen","26":"tag-touristes"},"share_on_mastodon":{"url":"https:\/\/pubeurope.com\/@fr\/114726843529620614","error":""},"_links":{"self":[{"href":"https:\/\/www.europesays.com\/fr\/wp-json\/wp\/v2\/posts\/195755","targetHints":{"allow":["GET"]}}],"collection":[{"href":"https:\/\/www.europesays.com\/fr\/wp-json\/wp\/v2\/posts"}],"about":[{"href":"https:\/\/www.europesays.com\/fr\/wp-json\/wp\/v2\/types\/post"}],"author":[{"embeddable":true,"href":"https:\/\/www.europesays.com\/fr\/wp-json\/wp\/v2\/users\/2"}],"replies":[{"embeddable":true,"href":"https:\/\/www.europesays.com\/fr\/wp-json\/wp\/v2\/comments?post=195755"}],"version-history":[{"count":0,"href":"https:\/\/www.europesays.com\/fr\/wp-json\/wp\/v2\/posts\/195755\/revisions"}],"wp:featuredmedia":[{"embeddable":true,"href":"https:\/\/www.europesays.com\/fr\/wp-json\/wp\/v2\/media\/195756"}],"wp:attachment":[{"href":"https:\/\/www.europesays.com\/fr\/wp-json\/wp\/v2\/media?parent=195755"}],"wp:term":[{"taxonomy":"category","embeddable":true,"href":"https:\/\/www.europesays.com\/fr\/wp-json\/wp\/v2\/categories?post=195755"},{"taxonomy":"post_tag","embeddable":true,"href":"https:\/\/www.europesays.com\/fr\/wp-json\/wp\/v2\/tags?post=195755"}],"curies":[{"name":"wp","href":"https:\/\/api.w.org\/{rel}","templated":true}]}}