{"id":195757,"date":"2025-06-22T11:45:10","date_gmt":"2025-06-22T11:45:10","guid":{"rendered":"https:\/\/www.europesays.com\/fr\/195757\/"},"modified":"2025-06-22T11:45:10","modified_gmt":"2025-06-22T11:45:10","slug":"a-71-ans-marie-noelle-tient-sa-boutique-de-fleurs-depuis-37-ans","status":"publish","type":"post","link":"https:\/\/www.europesays.com\/fr\/195757\/","title":{"rendered":"\u00c0 71 ans, Marie-No\u00eblle tient sa boutique de fleurs depuis 37 ans"},"content":{"rendered":"<p>Sur la Une du Dauphin\u00e9 Lib\u00e9r\u00e9, en ce jour de la F\u00eate des m\u00e8res 1998, elle porte le m\u00eame ras-de-cou. Un collier maill\u00e9 de grosses cha\u00eenes d\u2019or entoure son port de t\u00eate gracieux. Aux oreilles, des cr\u00e9oles, en or toujours, et \u00e0 la taille, un foulard nou\u00e9. Vingt-sept ans plus tard, les ann\u00e9es ont pass\u00e9, mais dans la boutique de Marie-No\u00eblle Reynier, rien n\u2019a chang\u00e9. Ou presque. Quelques rides se sont depuis install\u00e9es et son foulard a quitt\u00e9 sa&#8230;<\/p>\n","protected":false},"excerpt":{"rendered":"Sur la Une du Dauphin\u00e9 Lib\u00e9r\u00e9, en ce jour de la F\u00eate des m\u00e8res 1998, elle porte le&hellip;\n","protected":false},"author":2,"featured_media":195758,"comment_status":"","ping_status":"","sticky":false,"template":"","format":"standard","meta":{"footnotes":""},"categories":[9566],"tags":[1111,11,2430,4406,33,112,1777,674,107,1011,27,2731,2732,108,12,25,106],"class_list":{"0":"post-195757","1":"post","2":"type-post","3":"status-publish","4":"format-standard","5":"has-post-thumbnail","7":"category-grenoble","8":"tag-actu","9":"tag-actualites","10":"tag-auvergne-rhone-alpes","11":"tag-commerce-et-services","12":"tag-economie","13":"tag-edition-grenoble-agglomeration","14":"tag-eu","15":"tag-europe","16":"tag-fil-info","17":"tag-fr","18":"tag-france","19":"tag-grenoble","20":"tag-grenoble-bassin","21":"tag-isere","22":"tag-news","23":"tag-republique-francaise","24":"tag-selection-de-la-redaction-38"},"share_on_mastodon":{"url":"https:\/\/pubeurope.com\/@fr\/114726851276164956","error":""},"_links":{"self":[{"href":"https:\/\/www.europesays.com\/fr\/wp-json\/wp\/v2\/posts\/195757","targetHints":{"allow":["GET"]}}],"collection":[{"href":"https:\/\/www.europesays.com\/fr\/wp-json\/wp\/v2\/posts"}],"about":[{"href":"https:\/\/www.europesays.com\/fr\/wp-json\/wp\/v2\/types\/post"}],"author":[{"embeddable":true,"href":"https:\/\/www.europesays.com\/fr\/wp-json\/wp\/v2\/users\/2"}],"replies":[{"embeddable":true,"href":"https:\/\/www.europesays.com\/fr\/wp-json\/wp\/v2\/comments?post=195757"}],"version-history":[{"count":0,"href":"https:\/\/www.europesays.com\/fr\/wp-json\/wp\/v2\/posts\/195757\/revisions"}],"wp:featuredmedia":[{"embeddable":true,"href":"https:\/\/www.europesays.com\/fr\/wp-json\/wp\/v2\/media\/195758"}],"wp:attachment":[{"href":"https:\/\/www.europesays.com\/fr\/wp-json\/wp\/v2\/media?parent=195757"}],"wp:term":[{"taxonomy":"category","embeddable":true,"href":"https:\/\/www.europesays.com\/fr\/wp-json\/wp\/v2\/categories?post=195757"},{"taxonomy":"post_tag","embeddable":true,"href":"https:\/\/www.europesays.com\/fr\/wp-json\/wp\/v2\/tags?post=195757"}],"curies":[{"name":"wp","href":"https:\/\/api.w.org\/{rel}","templated":true}]}}