{"id":195769,"date":"2025-06-22T11:54:10","date_gmt":"2025-06-22T11:54:10","guid":{"rendered":"https:\/\/www.europesays.com\/fr\/195769\/"},"modified":"2025-06-22T11:54:10","modified_gmt":"2025-06-22T11:54:10","slug":"aux-assises-de-nice-la-tentative-de-feminicide-et-les-nombreuses-alertes-2","status":"publish","type":"post","link":"https:\/\/www.europesays.com\/fr\/195769\/","title":{"rendered":"Aux assises de Nice, la tentative de f\u00e9minicide et les nombreuses alertes"},"content":{"rendered":"<p>Il est 6\u00a0h\u00a045, le 21\u00a0f\u00e9vrier 2022, quand la police arrive au\u00a05\u00a0de la rue Cavendish, \u00e0 Nice. Les pompiers sont d\u00e9j\u00e0 sur place et une femme pr\u00e9sentant une entaille b\u00e9ante \u00e0 la joue partant du cou\u00a0est en train d&rsquo;\u00eatre install\u00e9e dans le v\u00e9hicule de secours. Deux de ses enfants, \u00e2g\u00e9s de\u00a05\u00a0et 6\u00a0ans, viennent d&rsquo;\u00eatre pris en charge, sous le choc. Le troisi\u00e8me, \u00e2g\u00e9 de 7\u00a0ans, a disparu. \u00c0 l&rsquo;int\u00e9rieur de l&rsquo;appartement, les enqu\u00eateurs d\u00e9couvrent un matelas pos\u00e9 \u00e0 m\u00eame le sol dans le salon, gorg\u00e9 de sang. Des projections recouvrent le mur et le sol \u00e0 c\u00f4t\u00e9 du matelas. Un couteau et une feuille de boucher comportant des \u00e9l\u00e9ments capillaires et des taches rouge\u00e2tres sont retrouv\u00e9s dans la cuisine.<\/p>\n<p>Les policiers ont re\u00e7u l&rsquo;alerte \u00e0 6\u00a0h\u00a035, quand Sa\u00efd B., 41\u00a0ans, a appel\u00e9 le\u00a017\u00a0pour indiquer que sa femme s&rsquo;\u00e9tait \u00ab\u00a0\u00e9vanouie\u00a0\u00bb et qu&rsquo;il fallait intervenir au plus vite. Une minute plus t\u00f4t, \u00e0 6\u00a0h\u00a034, Johanna, la victime, avait elle aussi tent\u00e9 d&rsquo;appeler les secours sans toutefois parvenir \u00e0 s&rsquo;exprimer. Sa fille de 6\u00a0ans s&rsquo;\u00e9tait alors saisie du combin\u00e9 pour expliquer qu&rsquo;il y avait du sang partout. \u00ab\u00a0Il m&rsquo;a mis un coup de couteau, j&rsquo;ai pris un coup de serpette, un truc de boucherie\u00a0\u00bb, parviendra-t-elle finalement \u00e0 g\u00e9mir au t\u00e9l\u00e9phone.<\/p>\n<p>\u00c0 LIRE AUSSI <strong class=\"strong\"><a href=\"https:\/\/www.lepoint.fr\/societe\/feminicide-empeche-a-noisy-le-grand-ce-que-l-on-sait-de-l-homme-abattu-par-la-police-08-02-2024-2551919_23.php\" rel=\"nofollow noopener\" target=\"_blank\" data-ylk=\"slk:\u00ab\u00a0F\u00e9minicide emp\u00each\u00e9\u00a0\u00bb \u00e0 Noisy-le-Grand\u00a0: ce que l&#039;on sait de l&#039;homme abattu par la police;elm:context_link;itc:0;sec:content-canvas\" class=\"link \">\u00ab\u00a0F\u00e9minicide emp\u00each\u00e9\u00a0\u00bb \u00e0 Noisy-le-Grand\u00a0: ce que l&rsquo;on sait de l&rsquo;homme abattu par la police<\/a><\/strong><\/p>\n<p>L&rsquo;exploitation des appels \u00e0 Police secours r\u00e9v\u00e9lera que son conjoint, boucher de profession, s&rsquo;est content\u00e9 de demander l&rsquo;intervention des forces de [&#8230;] <a href=\"https:\/\/www.lepoint.fr\/societe\/aux-assises-de-nice-la-tentative-de-feminicide-et-les-nombreuses-alertes-22-06-2025-2592612_23.php\" rel=\"nofollow noopener\" target=\"_blank\" data-ylk=\"slk:Lire la suite;elm:context_link;itc:0;sec:content-canvas\" class=\"link \">Lire la suite<\/a><\/p>\n","protected":false},"excerpt":{"rendered":"Il est 6\u00a0h\u00a045, le 21\u00a0f\u00e9vrier 2022, quand la police arrive au\u00a05\u00a0de la rue Cavendish, \u00e0 Nice. Les pompiers&hellip;\n","protected":false},"author":2,"featured_media":195770,"comment_status":"","ping_status":"","sticky":false,"template":"","format":"standard","meta":{"footnotes":""},"categories":[2819],"tags":[1111,11,7623,1777,674,1011,27,12,2401,882,25,33462],"class_list":{"0":"post-195769","1":"post","2":"type-post","3":"status-publish","4":"format-standard","5":"has-post-thumbnail","7":"category-nice","8":"tag-actu","9":"tag-actualites","10":"tag-coup-de-couteau","11":"tag-eu","12":"tag-europe","13":"tag-fr","14":"tag-france","15":"tag-news","16":"tag-nice","17":"tag-provence-alpes-cote-dazur","18":"tag-republique-francaise","19":"tag-vehicule-de-secours"},"share_on_mastodon":{"url":"https:\/\/pubeurope.com\/@fr\/114726886968283271","error":""},"_links":{"self":[{"href":"https:\/\/www.europesays.com\/fr\/wp-json\/wp\/v2\/posts\/195769","targetHints":{"allow":["GET"]}}],"collection":[{"href":"https:\/\/www.europesays.com\/fr\/wp-json\/wp\/v2\/posts"}],"about":[{"href":"https:\/\/www.europesays.com\/fr\/wp-json\/wp\/v2\/types\/post"}],"author":[{"embeddable":true,"href":"https:\/\/www.europesays.com\/fr\/wp-json\/wp\/v2\/users\/2"}],"replies":[{"embeddable":true,"href":"https:\/\/www.europesays.com\/fr\/wp-json\/wp\/v2\/comments?post=195769"}],"version-history":[{"count":0,"href":"https:\/\/www.europesays.com\/fr\/wp-json\/wp\/v2\/posts\/195769\/revisions"}],"wp:featuredmedia":[{"embeddable":true,"href":"https:\/\/www.europesays.com\/fr\/wp-json\/wp\/v2\/media\/195770"}],"wp:attachment":[{"href":"https:\/\/www.europesays.com\/fr\/wp-json\/wp\/v2\/media?parent=195769"}],"wp:term":[{"taxonomy":"category","embeddable":true,"href":"https:\/\/www.europesays.com\/fr\/wp-json\/wp\/v2\/categories?post=195769"},{"taxonomy":"post_tag","embeddable":true,"href":"https:\/\/www.europesays.com\/fr\/wp-json\/wp\/v2\/tags?post=195769"}],"curies":[{"name":"wp","href":"https:\/\/api.w.org\/{rel}","templated":true}]}}