{"id":195771,"date":"2025-06-22T11:55:19","date_gmt":"2025-06-22T11:55:19","guid":{"rendered":"https:\/\/www.europesays.com\/fr\/195771\/"},"modified":"2025-06-22T11:55:19","modified_gmt":"2025-06-22T11:55:19","slug":"louis-xvi-municipales-et-bicyclette-les-echos-de-la-redaction-de-presse-ocean","status":"publish","type":"post","link":"https:\/\/www.europesays.com\/fr\/195771\/","title":{"rendered":"Louis XVI, municipales et bicyclette\u00a0:\u00a0: les \u00e9chos de la r\u00e9daction de Presse Oc\u00e9an"},"content":{"rendered":"<p>Qui a dit quoi\u00a0? Qui a fait quoi\u00a0? La r\u00e9daction de Presse Oc\u00e9an a rassembl\u00e9 pour vous les petites phrases et les \u00e9chos glan\u00e9s ici et l\u00e0. Ce qu\u2019il ne fallait pas manquer en Loire-Atlantique cette semaine du 16 au 21\u00a0juin 2025.<\/p>\n<p>Retrouvez chaque semaine les indiscr\u00e9tions de la r\u00e9daction.<\/p>\n<p>D\u00e9 (ca) pit\u00e9s<\/p>\n<p>L\u2019extr\u00eame droite n\u2019aime pas que l\u2019on touche aux monuments nantais, m\u00eame \u00e0 titre provisoire. Sur X, Bryan Pecqueur (RN) <a href=\"https:\/\/nantes.maville.com\/info\/info-locale\/voyage-nantes\/video-voyage-a-nantes-la-statue-de-louis-xvi-disparait-sous-un-jeu-de-miroir-edbd5e35-9b17-3691-ac66-62cd2512fc1d\" target=\"_self\" rel=\"noopener\">accuse la mairie d\u2019avoir fait retirer la statue de Louis XVI<\/a>, place Foch, \u00a0au motif de sortir les symboles monarchistes de l\u2019espace public\u00a0.<\/p>\n<p>? \u00c0 LIRE AUSSI | <a href=\"https:\/\/nantes.maville.com\/actu\/actudet_-l-etranger-antipodos-remplace-louis-xvi-sur-sa-colonne-le-temps-du-voyage-a-nantes-_8-6862013_actu.Htm\" target=\"_self\" rel=\"noopener\">L\u2019\u00e9tranger Antipodos remplace Louis XVI sur sa colonne le temps du Voyage \u00e0 Nantes<\/a> <\/p>\n<p>Et la responsable locale d\u2019Identit\u00e9-Libert\u00e9s, le micro-parti de Marion Mar\u00e9chal, fustige le d\u00e9montage des statues de la fontaine de la place Royale, au nom de \u00a0la cancel-culture\u00a0. Sauf que lesdites statues, remplac\u00e9es cet \u00e9t\u00e9 par des \u0153uvres du Voyage \u00e0 Nantes, retrouveront leur place apr\u00e8s restauration.<\/p>\n<p>Ou l\u2019art de s\u2019emballer pour rien.<\/p>\n<p>\n                Nous avons bloqu\u00e9 l\u2019affichage de ce contenu pour respecter vos choix en mati\u00e8re de cookies.<br \/>En cliquant sur \u00abConsulter\u00bb, vous acceptez le d\u00e9p\u00f4t de cookies par des services de r\u00e9seaux sociaux tels que Twitter.<br \/>\n                Consulter\n            <\/p>\n<blockquote class=\"twitter-tweet\" wp_automatic_readability=\"10.407008086253\">\n<p lang=\"fr\" dir=\"ltr\">.<a href=\"https:\/\/twitter.com\/Johanna_Rolland?ref_src=twsrc%5Etfw\" target=\"_blank\" rel=\"noopener\">@Johanna_Rolland<\/a> r\u00e9cidive : elle d\u00e9teste tellement notre histoire qu\u2019elle la d\u00e9monte maintenant \u00e0 coups de pelleteuse.<\/p>\n<p>?? Sous pr\u00e9texte de \u00ab r\u00e9actualiser le r\u00e9cit urbain \u00bb, elle d\u00e9truit g\u00e9nies, all\u00e9gories et statues&#8230;<\/p>\n<p>Stoppons-la <a href=\"https:\/\/twitter.com\/hashtag\/Nantes?src=hash&amp;ref_src=twsrc%5Etfw\" target=\"_blank\" rel=\"noopener\">#Nantes<\/a> ne lui appartient pas !<a href=\"https:\/\/twitter.com\/Rnational44?ref_src=twsrc%5Etfw\" target=\"_blank\" rel=\"noopener\">@Rnational44<\/a>\u2026 <a href=\"https:\/\/t.co\/dIBJMXDvz3\">pic.twitter.com\/dIBJMXDvz3<\/a><\/p>\n<p>\u2014 Bryan Pecqueur ???? (@bryanpecqueur) <a href=\"https:\/\/twitter.com\/bryanpecqueur\/status\/1934664773045571592?ref_src=twsrc%5Etfw\" target=\"_blank\" rel=\"noopener\">June 16, 2025<\/a><\/p><\/blockquote>\n<p>Dessin de Frap<\/p>\n<p>\t<img decoding=\"async\" src=\"https:\/\/www.europesays.com\/fr\/wp-content\/uploads\/2025\/06\/P35306818D6865647G_px_640_.jpg\" alt=\"photo le dessin de frap du 21\u00a0juin 2025.  \u00a9  frap\" width=\"640\" title=\" Le dessin de Frap du 21\u00a0juin 2025.   Frap \"\/><\/p>\n<p class=\"elmt-legende\"> Le dessin de Frap du 21\u00a0juin 2025.   Frap <\/p>\n<p>\u00c0 bicyclette<\/p>\n<p>D\u00e9j\u00e0 senior advisor de la banque d\u2019affaires Avolta depuis 2022, Fran\u00e7ois de Rugy vient d\u2019int\u00e9grer le conseil de surveillance d\u2019Anod, un fabricant fran\u00e7ais de v\u00e9los hybrides, sp\u00e9cialiste de la micro-mobilit\u00e9 urbaine. L\u2019ancien ministre de la Transition \u00e9cologique, aujourd\u2019hui conseiller r\u00e9gional (Renaissance), explique qu\u2019il \u00a0prendra part aux r\u00e9flexions strat\u00e9giques de cette entreprise innovante\u00a0 bas\u00e9e \u00e0 Paris mais dont l\u2019atelier est implant\u00e9 en Vend\u00e9e. Jamais deux sans trois<\/p>\n<p>Depuis la parution du tome 1 de Proc\u00e8s, une justice interlope, \u00e0 l\u2019\u00e9t\u00e9 2024, Yvon Chotard, ancien avocat et \u00e9lu nantais, n\u2019a pas ch\u00f4m\u00e9. Une enfance entre les b\u00e9nitiers de Bretagne et ceux des bords de la Loire et L\u2019avant et l\u2019apr\u00e8s d\u2019une dr\u00f4le de r\u00e9volution viennent en effet de sortir. Pour ceux qui auraient loup\u00e9 le coche, il est encore temps de rattraper son retard puisque l\u2019auteur pr\u00e9voit de sortir neuf tomes.<\/p>\n<p>Surprise<\/p>\n<p>C\u2019est dit\u00a0: le Rassemblement national escompte passer la barre des 10\u00a0% et entrer au conseil municipal de Nantes au printemps prochain. Qui pour mener la campagne\u00a0? \u00a0Ce sera une nouvelle candidature, trois personnes ont postul\u00e9 pour mener la liste \u00e0 Nantes\u00a0, se borne \u00e0 indiquer Gauthier Bouchet, responsable d\u00e9partemental du parti. La t\u00eate de liste sera d\u00e9voil\u00e9e d\u00e9but septembre.<\/p>\n<p>Pas s\u00fbr du tout que Bryan Pecqueur, candidat aux l\u00e9gislatives \u00e0 deux reprises sur la 1re circonscription de Loire-Atlantique, et qualifi\u00e9 au second tour en juin dernier, soit finalement choisi. \u00a0Il figurera parmi les personnes \u00e9ligibles\u00a0, se contente de dire Gauthier Bouchet. Chaude ambiance.<\/p>\n<p>? \u00c0 LIRE AUSSI | <a href=\"https:\/\/nantes.maville.com\/actu\/actudet_-municipales.-pour-les-ecologistes-nantais-l-adversaire-politique-c-est-la-droite-reactionnaire-_8-6860245_actu.Htm\" target=\"_self\" rel=\"noopener\">Municipales. Pour les \u00e9cologistes nantais, \u00ab\u00a0l\u2019adversaire politique, c\u2019est la droite r\u00e9actionnaire\u00a0\u00bb<\/a> <\/p>\n<p>Mesquin<\/p>\n<p>Le s\u00e9nateur Philippe Grosvalet, le pr\u00e9sident du D\u00e9partement Michel M\u00e9nard et le maire de St-Nazaire David Samzun n\u2019ont pas eu le droit de voter pour l\u2019\u00e9lection du nouveau secr\u00e9taire de la f\u00e9d\u00e9ration du PS 44, jeudi.<\/p>\n<p>Tous les trois sont pourtant adh\u00e9rents mais la \u00a0f\u00e9d\u00e9\u00a0 leur a object\u00e9 qu\u2019ils n\u2019\u00e9taient pas \u00e0 jour de leur cotisation en tant qu\u2019\u00e9lus. Rien \u00e0 voir, bien s\u00fbr, avec le fait qu\u2019ils ne sont pas sur la ligne d\u2019Olivier Faure, le patron du PS, comme le premier f\u00e9d\u00e9ral r\u00e9\u00e9lu Karim Benbrahim et Johanna Rolland, maire de Nantes.<\/p>\n<p>\u00a0<\/p>\n<p>\t\t<script async src=\"https:\/\/platform.twitter.com\/widgets.js\" charset=\"utf-8\"><\/script><\/p>\n","protected":false},"excerpt":{"rendered":"Qui a dit quoi\u00a0? Qui a fait quoi\u00a0? La r\u00e9daction de Presse Oc\u00e9an a rassembl\u00e9 pour vous les&hellip;\n","protected":false},"author":2,"featured_media":195772,"comment_status":"","ping_status":"","sticky":false,"template":"","format":"standard","meta":{"footnotes":""},"categories":[2818],"tags":[1111,11,33464,17611,1777,674,1011,27,17260,3554,766,12,12517,2636,4048,1833,25,3272,33463],"class_list":{"0":"post-195771","1":"post","2":"type-post","3":"status-publish","4":"format-standard","5":"has-post-thumbnail","7":"category-nantes","8":"tag-actu","9":"tag-actualites","10":"tag-bicyclette","11":"tag-echos","12":"tag-eu","13":"tag-europe","14":"tag-fr","15":"tag-france","16":"tag-louis","17":"tag-municipales","18":"tag-nantes","19":"tag-news","20":"tag-ocean","21":"tag-pays-de-la-loire","22":"tag-presse","23":"tag-redaction","24":"tag-republique-francaise","25":"tag-saint-nazaire","26":"tag-xvi"},"share_on_mastodon":{"url":"https:\/\/pubeurope.com\/@fr\/114726890742318735","error":""},"_links":{"self":[{"href":"https:\/\/www.europesays.com\/fr\/wp-json\/wp\/v2\/posts\/195771","targetHints":{"allow":["GET"]}}],"collection":[{"href":"https:\/\/www.europesays.com\/fr\/wp-json\/wp\/v2\/posts"}],"about":[{"href":"https:\/\/www.europesays.com\/fr\/wp-json\/wp\/v2\/types\/post"}],"author":[{"embeddable":true,"href":"https:\/\/www.europesays.com\/fr\/wp-json\/wp\/v2\/users\/2"}],"replies":[{"embeddable":true,"href":"https:\/\/www.europesays.com\/fr\/wp-json\/wp\/v2\/comments?post=195771"}],"version-history":[{"count":0,"href":"https:\/\/www.europesays.com\/fr\/wp-json\/wp\/v2\/posts\/195771\/revisions"}],"wp:featuredmedia":[{"embeddable":true,"href":"https:\/\/www.europesays.com\/fr\/wp-json\/wp\/v2\/media\/195772"}],"wp:attachment":[{"href":"https:\/\/www.europesays.com\/fr\/wp-json\/wp\/v2\/media?parent=195771"}],"wp:term":[{"taxonomy":"category","embeddable":true,"href":"https:\/\/www.europesays.com\/fr\/wp-json\/wp\/v2\/categories?post=195771"},{"taxonomy":"post_tag","embeddable":true,"href":"https:\/\/www.europesays.com\/fr\/wp-json\/wp\/v2\/tags?post=195771"}],"curies":[{"name":"wp","href":"https:\/\/api.w.org\/{rel}","templated":true}]}}