{"id":195783,"date":"2025-06-22T12:01:12","date_gmt":"2025-06-22T12:01:12","guid":{"rendered":"https:\/\/www.europesays.com\/fr\/195783\/"},"modified":"2025-06-22T12:01:12","modified_gmt":"2025-06-22T12:01:12","slug":"de-marseille-a-roubaix-alonzo-en-live-a-la-condition-publique-en-cadre-de-lurbx-festival","status":"publish","type":"post","link":"https:\/\/www.europesays.com\/fr\/195783\/","title":{"rendered":"De Marseille \u00e0 Roubaix : Alonzo en live \u00e0 la Condition Publique en cadre de l&rsquo;URBX Festival !"},"content":{"rendered":"<p data-start=\"756\" data-end=\"1058\">Le rappeur marseillais <strong data-start=\"779\" data-end=\"789\">Alonzo<\/strong> sera en concert \u00e0 <strong data-start=\"808\" data-end=\"844\">La Condition Publique de Roubaix<\/strong>, le <strong data-start=\"849\" data-end=\"875\">vendredi 27 juin \u00e0 20h<\/strong>, dans le cadre de l\u2019<strong data-start=\"896\" data-end=\"918\">URBX Festival 2025<\/strong>, festival roubaisien des cultures urbaines qui se tiendra du 19 au 29 juin. Une date exclusive dans les Hauts-de-France, \u00e0 ne pas manquer !<\/p>\n<p data-start=\"1060\" data-end=\"1347\">Avec <strong data-start=\"1065\" data-end=\"1092\">15 ans de carri\u00e8re solo<\/strong> au compteur, Alonzo s\u2019est impos\u00e9 comme une figure majeure du rap fran\u00e7ais. De ses d\u00e9buts avec les Psy 4 de la Rime \u00e0 ses tubes incontournables comme Binta, La Belle Vie, Papa Allo ou La Sele\u00e7ao, l\u2019artiste multiplie les hits et les collaborations.<\/p>\n<p data-start=\"1349\" data-end=\"1732\">Il revient cette ann\u00e9e avec <strong data-start=\"1377\" data-end=\"1400\">\u00ab\u00a0Longue Vie \u00e0 Nous\u00a0\u00bb<\/strong>, un nouvel album fort et introspectif, v\u00e9ritable hommage \u00e0 ses racines marseillaises, \u00e0 son parcours et \u00e0 toute une g\u00e9n\u00e9ration. Cet opus marque un <strong data-start=\"1548\" data-end=\"1571\">tournant artistique<\/strong>, \u00e0 la fois intime et f\u00e9d\u00e9rateur, qui le m\u00e8nera jusqu\u2019\u00e0 <strong data-start=\"1627\" data-end=\"1653\">la cons\u00e9cration ultime<\/strong> : un concert \u00e9v\u00e9nement au <strong data-start=\"1680\" data-end=\"1712\">Stade V\u00e9lodrome de Marseille<\/strong> le 19 juillet 2025.<\/p>\n<p data-start=\"2214\" data-end=\"2456\">\ud83d\udccd <strong data-start=\"2217\" data-end=\"2238\">Infos pratiques :<\/strong><br data-start=\"2238\" data-end=\"2241\"\/>\ud83d\udcc5 Vendredi 27 juin \u2013 20h<br data-start=\"2266\" data-end=\"2269\"\/>\ud83d\udccd La Condition Publique \u2013 14 place Faidherbe, Roubaix<br data-start=\"2323\" data-end=\"2326\"\/>\ud83c\udf9f\ufe0f 20 \u20ac \u2013 R\u00e9servation via URBX Festival (lien en bio)<br data-start=\"2380\" data-end=\"2383\"\/>\ud83d\udce3 Plus d\u2019infos sur <a class=\"\" href=\"https:\/\/www.urbxfestival.com\/\" target=\"_new\" rel=\"noopener nofollow\" data-start=\"2403\" data-end=\"2456\">www.urbxfestival.com<\/a><\/p>\n<p class=\"title\">\ud83d\udc49 Plus d\u2019infos sur URBX 2025<\/p>\n<p data-start=\"179\" data-end=\"537\">Pour sa 4e \u00e9dition, <strong data-start=\"199\" data-end=\"216\">URBX Festival<\/strong> investit \u00e0 nouveau Roubaix et la m\u00e9tropole du 19 au 29 juin 2025, avec une programmation toujours plus ambitieuse. Pens\u00e9 comme un grand rendez-vous populaire et cr\u00e9atif, URBX met \u00e0 l\u2019honneur <strong data-start=\"408\" data-end=\"457\">cinq disciplines phares des cultures urbaines<\/strong> : la <strong data-start=\"463\" data-end=\"474\">musique<\/strong>, la <strong data-start=\"479\" data-end=\"488\">danse<\/strong>, la <strong data-start=\"493\" data-end=\"501\">mode<\/strong>, le <strong data-start=\"506\" data-end=\"520\">street art<\/strong> et le <strong data-start=\"527\" data-end=\"536\">sport<\/strong>.<\/p>\n<p data-start=\"804\" data-end=\"948\">Le <strong data-start=\"807\" data-end=\"818\">19 juin<\/strong>, la soir\u00e9e d\u2019ouverture s\u2019annonce intense avec une <strong data-start=\"869\" data-end=\"899\">Carte blanche \u00e0 Heaven Sam<\/strong>, parrain 2025, toujours \u00e0 La Condition Publique.<\/p>\n<p data-start=\"950\" data-end=\"1293\">Au programme pendant dix jours :<br data-start=\"982\" data-end=\"985\"\/>\ud83c\udfb6 Concerts (Soso Maness, Naza, Heaven Sam, Alonzo, Nayra, Ocean Wisdom\u2026)<br data-start=\"1058\" data-end=\"1061\"\/>\ud83d\udd7a Spectacles et workshops de danse (Zarbaht, Dans la Rue la Danse, Pantsula\u2026)<br data-start=\"1139\" data-end=\"1142\"\/>\ud83c\udfa8 Street-art sur les murs et les toits de Roubaix<br data-start=\"1192\" data-end=\"1195\"\/>\ud83d\udc55 D\u00e9fil\u00e9 ESMOD, ateliers Anti_Fashion<br data-start=\"1233\" data-end=\"1236\"\/>\ud83c\udfae E-sport, cin\u00e9ma, expos, afters festifs et Block Party\u2026<\/p>\n<p data-start=\"1295\" data-end=\"1449\">\ud83d\udcc5 <strong data-start=\"1298\" data-end=\"1350\">\u00c0 ne pas manquer : le concert gratuit du 21 juin<\/strong>, jour de la F\u00eate de la musique, avec Soso Maness, Naza et Heaven Sam pour une ambiance survolt\u00e9e !<\/p>\n<p>Suivez les sur Instagram : <a href=\"https:\/\/www.instagram.com\/urbx_festival\" target=\"_blank\" rel=\"noopener nofollow\">@urbx_festival<\/a><\/p>\n<p>Abonnez-vous \u00e0 la Newsletter : <a href=\"https:\/\/www.urbxfestival.com\/\" target=\"_blank\" rel=\"noopener nofollow\">urbxfestival.com<\/a><\/p>\n<p><script async src=\"\/\/www.instagram.com\/embed.js\"><\/script><\/p>\n","protected":false},"excerpt":{"rendered":"Le rappeur marseillais Alonzo sera en concert \u00e0 La Condition Publique de Roubaix, le vendredi 27 juin \u00e0&hellip;\n","protected":false},"author":2,"featured_media":195784,"comment_status":"","ping_status":"","sticky":false,"template":"","format":"standard","meta":{"footnotes":""},"categories":[2815],"tags":[1111,11,31410,1697,1777,674,1011,27,811,1307,12,25,22085],"class_list":{"0":"post-195783","1":"post","2":"type-post","3":"status-publish","4":"format-standard","5":"has-post-thumbnail","7":"category-lille","8":"tag-actu","9":"tag-actualites","10":"tag-alonzo","11":"tag-concert","12":"tag-eu","13":"tag-europe","14":"tag-fr","15":"tag-france","16":"tag-hauts-de-france","17":"tag-lille","18":"tag-news","19":"tag-republique-francaise","20":"tag-urbx"},"share_on_mastodon":{"url":"https:\/\/pubeurope.com\/@fr\/114726914197081987","error":""},"_links":{"self":[{"href":"https:\/\/www.europesays.com\/fr\/wp-json\/wp\/v2\/posts\/195783","targetHints":{"allow":["GET"]}}],"collection":[{"href":"https:\/\/www.europesays.com\/fr\/wp-json\/wp\/v2\/posts"}],"about":[{"href":"https:\/\/www.europesays.com\/fr\/wp-json\/wp\/v2\/types\/post"}],"author":[{"embeddable":true,"href":"https:\/\/www.europesays.com\/fr\/wp-json\/wp\/v2\/users\/2"}],"replies":[{"embeddable":true,"href":"https:\/\/www.europesays.com\/fr\/wp-json\/wp\/v2\/comments?post=195783"}],"version-history":[{"count":0,"href":"https:\/\/www.europesays.com\/fr\/wp-json\/wp\/v2\/posts\/195783\/revisions"}],"wp:featuredmedia":[{"embeddable":true,"href":"https:\/\/www.europesays.com\/fr\/wp-json\/wp\/v2\/media\/195784"}],"wp:attachment":[{"href":"https:\/\/www.europesays.com\/fr\/wp-json\/wp\/v2\/media?parent=195783"}],"wp:term":[{"taxonomy":"category","embeddable":true,"href":"https:\/\/www.europesays.com\/fr\/wp-json\/wp\/v2\/categories?post=195783"},{"taxonomy":"post_tag","embeddable":true,"href":"https:\/\/www.europesays.com\/fr\/wp-json\/wp\/v2\/tags?post=195783"}],"curies":[{"name":"wp","href":"https:\/\/api.w.org\/{rel}","templated":true}]}}