{"id":195787,"date":"2025-06-22T12:03:09","date_gmt":"2025-06-22T12:03:09","guid":{"rendered":"https:\/\/www.europesays.com\/fr\/195787\/"},"modified":"2025-06-22T12:03:09","modified_gmt":"2025-06-22T12:03:09","slug":"pas-de-metro-m1-et-m2-a-marseille-ce-dimanche-en-raison-dun-mouvement-social","status":"publish","type":"post","link":"https:\/\/www.europesays.com\/fr\/195787\/","title":{"rendered":"Pas de m\u00e9tro M1 et M2 \u00e0 Marseille ce dimanche en raison d&rsquo;un mouvement social"},"content":{"rendered":"<p>Si vous comptiez prendre le m\u00e9tro \u00e0 <a href=\"https:\/\/www.laprovence.com\/bouches-du-rhone\/marseille-13055\" target=\"_blank\" rel=\"noopener\">Marseille<\/a> ce dimanche 22 juin, il faudra faire autrement. Les lignes M1 et M2 sont \u00e0 l&rsquo;arr\u00eat en raison d&rsquo;un mouvement social, <a href=\"https:\/\/www.laprovence.com\/article\/societe\/3250616501739114\/pas-de-metro-a-marseille-ce-dimanche-risque-dinterruption-en-raison-dun-mouvement-social\" target=\"_blank\" rel=\"noopener\">comme annonc\u00e9 samedi 21 juin<\/a>.\u00a0<\/p>\n<p>Globalement, le syndicat y d\u00e9nonce les conditions ainsi que l&rsquo;organisation du travail des employ\u00e9s concern\u00e9s. \u00ab\u00a0Aujourd&rsquo;hui la direction a d\u00e9cid\u00e9 de faire la sourde oreille pensant que notre mouvement n&rsquo;est qu&rsquo;un caprice et ne durera pas. Marseillaises marseillais le m\u00e9tro ne r\u00e9ouvrira pas tant que nous ne serons pas \u00e9cout\u00e9s, <a href=\"https:\/\/www.syndicat-fo-rtm.fr\/actus\/c\/0\/i\/89463416\/message-du-personnel-metro-aux-marseillaises-et-marseillais\" target=\"_blank\" rel=\"noopener\">pr\u00e9vient FO dans son communiqu\u00e9<\/a>. Quand 100% des responsables de l&rsquo;exploitation m\u00e9tro sont \u00e0 l&rsquo;unisson sur ces constats sensibles, il y a peut-\u00eatre des questions \u00e0 se poser, nous ne sommes pas tous d\u00e9c\u00e9r\u00e9br\u00e9s.\u00a0\u00bb<\/p>\n<p>\u00ab\u00a0Si aujourd&rsquo;hui le service n&rsquo;est pas assur\u00e9 croyez bien que nous en sommes d\u00e9sol\u00e9s mais c&rsquo;est uniquement li\u00e9 au refus de dialogue de la direction, il faut remettre l&rsquo;\u00e9glise au centre du village\u00a0\u00bb, conclut l&rsquo;organisation syndicale.<\/p>\n","protected":false},"excerpt":{"rendered":"Si vous comptiez prendre le m\u00e9tro \u00e0 Marseille ce dimanche 22 juin, il faudra faire autrement. Les lignes&hellip;\n","protected":false},"author":2,"featured_media":195788,"comment_status":"","ping_status":"","sticky":false,"template":"","format":"standard","meta":{"footnotes":""},"categories":[2814],"tags":[17,1111,11,2837,6664,1777,674,1011,27,884,4047,15777,12,5261,882,13637,25,104],"class_list":{"0":"post-195787","1":"post","2":"type-post","3":"status-publish","4":"format-standard","5":"has-post-thumbnail","7":"category-marseille","8":"tag-17","9":"tag-actu","10":"tag-actualites","11":"tag-dun","12":"tag-dimanche","13":"tag-eu","14":"tag-europe","15":"tag-fr","16":"tag-france","17":"tag-marseille","18":"tag-metro","19":"tag-mouvement","20":"tag-news","21":"tag-pas","22":"tag-provence-alpes-cote-dazur","23":"tag-raison","24":"tag-republique-francaise","25":"tag-societe"},"share_on_mastodon":{"url":"https:\/\/pubeurope.com\/@fr\/114726922149832777","error":""},"_links":{"self":[{"href":"https:\/\/www.europesays.com\/fr\/wp-json\/wp\/v2\/posts\/195787","targetHints":{"allow":["GET"]}}],"collection":[{"href":"https:\/\/www.europesays.com\/fr\/wp-json\/wp\/v2\/posts"}],"about":[{"href":"https:\/\/www.europesays.com\/fr\/wp-json\/wp\/v2\/types\/post"}],"author":[{"embeddable":true,"href":"https:\/\/www.europesays.com\/fr\/wp-json\/wp\/v2\/users\/2"}],"replies":[{"embeddable":true,"href":"https:\/\/www.europesays.com\/fr\/wp-json\/wp\/v2\/comments?post=195787"}],"version-history":[{"count":0,"href":"https:\/\/www.europesays.com\/fr\/wp-json\/wp\/v2\/posts\/195787\/revisions"}],"wp:featuredmedia":[{"embeddable":true,"href":"https:\/\/www.europesays.com\/fr\/wp-json\/wp\/v2\/media\/195788"}],"wp:attachment":[{"href":"https:\/\/www.europesays.com\/fr\/wp-json\/wp\/v2\/media?parent=195787"}],"wp:term":[{"taxonomy":"category","embeddable":true,"href":"https:\/\/www.europesays.com\/fr\/wp-json\/wp\/v2\/categories?post=195787"},{"taxonomy":"post_tag","embeddable":true,"href":"https:\/\/www.europesays.com\/fr\/wp-json\/wp\/v2\/tags?post=195787"}],"curies":[{"name":"wp","href":"https:\/\/api.w.org\/{rel}","templated":true}]}}