{"id":195789,"date":"2025-06-22T12:04:13","date_gmt":"2025-06-22T12:04:13","guid":{"rendered":"https:\/\/www.europesays.com\/fr\/195789\/"},"modified":"2025-06-22T12:04:13","modified_gmt":"2025-06-22T12:04:13","slug":"le-prix-ibrahim-ali-contre-le-racisme-et-les-discriminations-devoile-ses-premiers-laureats","status":"publish","type":"post","link":"https:\/\/www.europesays.com\/fr\/195789\/","title":{"rendered":"le prix Ibrahim-Ali contre le racisme et les discriminations d\u00e9voile ses premiers laur\u00e9ats"},"content":{"rendered":"<p>Le 21\u00a0f\u00e9vrier\u00a01995, Ibrahim Ali, jeune Marseillais de 17\u00a0ans, <a href=\"https:\/\/www.laprovence.com\/article\/region\/9607857502298914\/marseille-30-ans-apres-le-meurtre-dibrahim-ali-le-21-fevrier-1995-le-temps-sest-arrete-a-la-savine\" target=\"_blank\" rel=\"noopener\">\u00e9tait tu\u00e9 par balles (dans le dos) par un colleur d\u2019affiches du Front national<\/a> sur l\u2019avenue des Aygalades (15e). Si <a href=\"https:\/\/www.laprovence.com\/article\/edition-marseille\/6387215\/ibrahim-ali-aygalades-une-avenue-deux-adresses.html\" target=\"_blank\" rel=\"noopener\">donner son nom \u00e0 cette art\u00e8re<\/a> doit permettre de ne jamais oublier l\u2019\u00e9ternel adolescent de la Savine (15e),<a href=\"https:\/\/www.laprovence.com\/article\/region\/1350009201365815\/marseille-un-prix-ibrahim-ali-contre-le-racisme-et-pour-changer-les-mentalites-des-le-plus-jeune-age\" target=\"_blank\" rel=\"noopener\"> la cr\u00e9ation du prix Ibrahim-Ali<\/a> porte la question de \u00ab\u00a0la transmission de ce drame aux jeunes g\u00e9n\u00e9rations\u00a0\u00bb, pr\u00e9sente la Ville de Marseille, qui a initi\u00e9 le projet.<\/p>\n<p>Ce samedi 21\u00a0juin, la <a href=\"https:\/\/www.laprovence.com\/article\/societe\/3943575417953714\/video-le-tres-chaud-retour-de-la-fete-des-ecoles-sur-le-vieux-port-de-marseille\" target=\"_blank\" rel=\"noopener\">f\u00eate des \u00e9coles<\/a> \u00e9tait l\u2019occasion de d\u00e9voiler les laur\u00e9ats de la premi\u00e8re \u00e9dition du prix et de d\u00e9couvrir leur travail sur le th\u00e8me de la lutte contre le racisme et les discriminations, et du m\u00e9tissage. 30 classes d\u2019\u00e9l\u00e9mentaire et de maternelle ont ainsi vu des spectacles, assist\u00e9 \u00e0 des lectures et se sont document\u00e9es pour construire des projets artistiques ou ludiques depuis f\u00e9vrier.<\/p>\n<p>Sur sc\u00e8ne, le maire (DVG) de Marseille, Beno\u00eet Payan, a r\u00e9compens\u00e9 les \u00e9coles Gilles-Vigneault (5e), et Simone-de-Beauvoir (3e), Rouet (8e), Jean-Fiolle (6e), la Savine (15e), Convalescents (1er), Eydoux (6e) et Aygalades-Oasis (15e), pour leurs productions th\u00e9\u00e2trales, dans\u00e9es, plastiques ou la cr\u00e9ation de textes, de chansons ou d\u2019un jeu de soci\u00e9t\u00e9.<\/p>\n<p>\u00ab\u00a0Une premi\u00e8re r\u00e9flexion sur la diff\u00e9rence\u00a0\u00bb<\/p>\n<p>Des projets rassembl\u00e9s<strong> <\/strong>dans une exposition, qui \u00e9tait montr\u00e9e pour la premi\u00e8re fois lors de la f\u00eate des \u00e9coles sur l&rsquo;esplanade Bargemon (2e). \u00ab\u00a0On a travaill\u00e9 avec nos \u00e9l\u00e8ves sur un spectacle de danse, expliquent Emmanuelle et Chlo\u00e9, professeures des petites sections de l\u2019\u00e9cole Coin-Joli (9e). Ils dansaient d\u2019abord par groupe de m\u00eame couleur, puis se m\u00e9langeaient pour en faire na\u00eetre de nouvelles. Ils sont petits mais ont cern\u00e9 les enjeux de ce travail, qui m\u00eale un \u00e9veil artistique et une premi\u00e8re r\u00e9flexion sur la diff\u00e9rence.\u00a0\u00bb<\/p>\n<p>Visibles sur des tablettes, les spectacles se m\u00ealent aux affiches, aux dessins, aux photos et aux textes r\u00e9alis\u00e9s par les \u00e9l\u00e8ves. \u00ab\u00a0C\u2019est assez \u00e9mouvant, livre J\u00e9r\u00f4me, 38\u00a0ans, qui a vu sa fille travailler sur ce prix pendant plusieurs semaines. Ce qu\u2019ont livr\u00e9 les enfants est assez fort. C\u2019est bien de les sensibiliser \u00e0 la lutte contre le racisme tr\u00e8s t\u00f4t et \u00e7a permet aussi d\u2019ouvrir le d\u00e9bat \u00e0 la maison sur ces th\u00e8mes. Ma fille parlait beaucoup de la chanson qu\u2019elle pr\u00e9parait avec sa classe, on sentait que \u00e7a la touchait. C\u2019est bien de ne pas oublier, de rendre hommage \u00e0 ce jeune qui \u00e9tait l\u2019un d\u2019entre nous.\u00a0\u00bb<\/p>\n<p>Au total, pr\u00e8s de 900 \u00e9l\u00e8ves, de la petite section au CM2, ont pris part au prix Ibrahim-Ali. \u00ab\u00a0\u00c7a a permis de faire des sorties et de faire un spectacle devant les parents, raconte Lyla, 9\u00a0ans, en CM1 dans une \u00e9cole du centre-ville. Et on a aussi appris\u00a0qu\u2019un gar\u00e7on avait \u00e9t\u00e9 tu\u00e9 \u00e0 Marseille, juste parce qu\u2019il \u00e9tait noir.\u00a0\u00bb<\/p>\n","protected":false},"excerpt":{"rendered":"Le 21\u00a0f\u00e9vrier\u00a01995, Ibrahim Ali, jeune Marseillais de 17\u00a0ans, \u00e9tait tu\u00e9 par balles (dans le dos) par un colleur&hellip;\n","protected":false},"author":2,"featured_media":195790,"comment_status":"","ping_status":"","sticky":false,"template":"","format":"standard","meta":{"footnotes":""},"categories":[2814],"tags":[17,1111,11,1444,5894,1777,674,1011,27,33465,151,884,12,2141,882,10162,16,25],"class_list":{"0":"post-195789","1":"post","2":"type-post","3":"status-publish","4":"format-standard","5":"has-post-thumbnail","7":"category-marseille","8":"tag-17","9":"tag-actu","10":"tag-actualites","11":"tag-contre","12":"tag-discriminations","13":"tag-eu","14":"tag-europe","15":"tag-fr","16":"tag-france","17":"tag-ibrahim-ali","18":"tag-les","19":"tag-marseille","20":"tag-news","21":"tag-prix","22":"tag-provence-alpes-cote-dazur","23":"tag-racisme","24":"tag-region","25":"tag-republique-francaise"},"share_on_mastodon":{"url":"https:\/\/pubeurope.com\/@fr\/114726926617796824","error":""},"_links":{"self":[{"href":"https:\/\/www.europesays.com\/fr\/wp-json\/wp\/v2\/posts\/195789","targetHints":{"allow":["GET"]}}],"collection":[{"href":"https:\/\/www.europesays.com\/fr\/wp-json\/wp\/v2\/posts"}],"about":[{"href":"https:\/\/www.europesays.com\/fr\/wp-json\/wp\/v2\/types\/post"}],"author":[{"embeddable":true,"href":"https:\/\/www.europesays.com\/fr\/wp-json\/wp\/v2\/users\/2"}],"replies":[{"embeddable":true,"href":"https:\/\/www.europesays.com\/fr\/wp-json\/wp\/v2\/comments?post=195789"}],"version-history":[{"count":0,"href":"https:\/\/www.europesays.com\/fr\/wp-json\/wp\/v2\/posts\/195789\/revisions"}],"wp:featuredmedia":[{"embeddable":true,"href":"https:\/\/www.europesays.com\/fr\/wp-json\/wp\/v2\/media\/195790"}],"wp:attachment":[{"href":"https:\/\/www.europesays.com\/fr\/wp-json\/wp\/v2\/media?parent=195789"}],"wp:term":[{"taxonomy":"category","embeddable":true,"href":"https:\/\/www.europesays.com\/fr\/wp-json\/wp\/v2\/categories?post=195789"},{"taxonomy":"post_tag","embeddable":true,"href":"https:\/\/www.europesays.com\/fr\/wp-json\/wp\/v2\/tags?post=195789"}],"curies":[{"name":"wp","href":"https:\/\/api.w.org\/{rel}","templated":true}]}}