{"id":19579,"date":"2025-04-12T10:03:11","date_gmt":"2025-04-12T10:03:11","guid":{"rendered":"https:\/\/www.europesays.com\/fr\/19579\/"},"modified":"2025-04-12T10:03:11","modified_gmt":"2025-04-12T10:03:11","slug":"adriana-karembeu-et-marc-lavoine-baisers-fougueux-roulade-dans-le-sable-a-la-une-de-closer-ce-vendredi-11-avril","status":"publish","type":"post","link":"https:\/\/www.europesays.com\/fr\/19579\/","title":{"rendered":"Adriana Karembeu et Marc Lavoine : baisers fougueux, roulade dans le sable&#8230; A la Une de Closer ce vendredi 11 avril"},"content":{"rendered":"<p>Chabadabada \u00e0 Deauville pour <a href=\"https:\/\/www.closermag.fr\/people\/marc-lavoine-adriana-karembeu-naurait-pas-une-place-exclusive-dans-son-coeur-jai-connu-un-mec-qui-3534741\" target=\"_blank\" rel=\"noopener\"><br \/>\nAdriana Karembeu et Marc Lavoine<\/a> ! Dans la station baln\u00e9aire,<br \/>\nles amoureux ont scotch\u00e9 les passants avec un remake d\u00a0\u00bbUn homme<br \/>\net une femme, le mythique film de Claude Lelouch. Accompagn\u00e9s<br \/>\nde Nina, la fille de 6 ans de l&rsquo;ex-mannequin, <strong>ils sont<br \/>\nretomb\u00e9s en enfance<\/strong> les pieds dans l&rsquo;eau. Roulade dans le<br \/>\nsable, fous rires en cascade, \u00e9treintes tr\u00e8s hot et baisers<br \/>\nbaveux&#8230; le couple a tout donn\u00e9. Pour tout d\u00e9couvrir de leur<br \/>\n<a href=\"https:\/\/www.closermag.fr\/people\/exclu-marc-lavoine-et-adriana-karembeu-escapade-romantique-avec-nina-la-fille-de-lex-mannequin-3535958\" target=\"_blank\" rel=\"noopener\"><br \/>\nescapade en famille en photos<\/a> (et retrouver nos autres<br \/>\narticles), rendez-vous ce vendredi 11 avril.<\/p>\n","protected":false},"excerpt":{"rendered":"Chabadabada \u00e0 Deauville pour Adriana Karembeu et Marc Lavoine ! Dans la station baln\u00e9aire, les amoureux ont scotch\u00e9&hellip;\n","protected":false},"author":2,"featured_media":19580,"comment_status":"","ping_status":"","sticky":false,"template":"","format":"standard","meta":{"footnotes":""},"categories":[1359],"tags":[6382,548,58,59,1011,27,7593,973],"class_list":{"0":"post-19579","1":"post","2":"type-post","3":"status-publish","4":"format-standard","5":"has-post-thumbnail","7":"category-people","8":"tag-adriana-karembeu","9":"tag-article-simple","10":"tag-divertissement","11":"tag-entertainment","12":"tag-fr","13":"tag-france","14":"tag-marc-lavoine","15":"tag-people"},"share_on_mastodon":{"url":"https:\/\/pubeurope.com\/@fr\/114324426169385347","error":""},"_links":{"self":[{"href":"https:\/\/www.europesays.com\/fr\/wp-json\/wp\/v2\/posts\/19579","targetHints":{"allow":["GET"]}}],"collection":[{"href":"https:\/\/www.europesays.com\/fr\/wp-json\/wp\/v2\/posts"}],"about":[{"href":"https:\/\/www.europesays.com\/fr\/wp-json\/wp\/v2\/types\/post"}],"author":[{"embeddable":true,"href":"https:\/\/www.europesays.com\/fr\/wp-json\/wp\/v2\/users\/2"}],"replies":[{"embeddable":true,"href":"https:\/\/www.europesays.com\/fr\/wp-json\/wp\/v2\/comments?post=19579"}],"version-history":[{"count":0,"href":"https:\/\/www.europesays.com\/fr\/wp-json\/wp\/v2\/posts\/19579\/revisions"}],"wp:featuredmedia":[{"embeddable":true,"href":"https:\/\/www.europesays.com\/fr\/wp-json\/wp\/v2\/media\/19580"}],"wp:attachment":[{"href":"https:\/\/www.europesays.com\/fr\/wp-json\/wp\/v2\/media?parent=19579"}],"wp:term":[{"taxonomy":"category","embeddable":true,"href":"https:\/\/www.europesays.com\/fr\/wp-json\/wp\/v2\/categories?post=19579"},{"taxonomy":"post_tag","embeddable":true,"href":"https:\/\/www.europesays.com\/fr\/wp-json\/wp\/v2\/tags?post=19579"}],"curies":[{"name":"wp","href":"https:\/\/api.w.org\/{rel}","templated":true}]}}