{"id":195791,"date":"2025-06-22T12:05:11","date_gmt":"2025-06-22T12:05:11","guid":{"rendered":"https:\/\/www.europesays.com\/fr\/195791\/"},"modified":"2025-06-22T12:05:11","modified_gmt":"2025-06-22T12:05:11","slug":"une-qualite-de-lair-degradee-ce-dimanche","status":"publish","type":"post","link":"https:\/\/www.europesays.com\/fr\/195791\/","title":{"rendered":"une qualit\u00e9 de l&rsquo;air d\u00e9grad\u00e9e ce dimanche"},"content":{"rendered":"<p>                            <img loading=\"lazy\" width=\"1074\" height=\"620\" class=\"attachment-article size-article wp-post-image lazyload\" alt=\"\" decoding=\"async\" src=\"https:\/\/www.europesays.com\/fr\/wp-content\/uploads\/2025\/05\/Vue-de-Lyon-sur-les-berges-du-Rhone-@CM-e1743789092937.jpg\" data-eio-rwidth=\"1074\" data-eio-rheight=\"620\"\/><\/p>\n<p>Vue de Lyon sur les berges du Rh\u00f4ne @CM<\/p>\n<p class=\"content\" style=\"font-size:1.2em;font-weight:700\">La qualit\u00e9 de l&rsquo;air dans toute l&rsquo;agglom\u00e9ration lyonnaise ainsi que dans la r\u00e9gion restera tr\u00e8s d\u00e9grad\u00e9e ce dimanche 22 juin 2025.<\/p>\n<blockquote class=\"wp-block-quote is-layout-flow wp-block-quote-is-layout-flow\">\n<p>L&rsquo;air respir\u00e9e reste tr\u00e8s d\u00e9grad\u00e9e dans la m\u00e9tropole de Lyon ce dimanche 22 juin 2025.  L&rsquo;Atmo, l&rsquo;observatoire de la qualit\u00e9 de l&rsquo;air en Auvergne-Rh\u00f4ne-Alpes, annonce que l&rsquo;air de la ville et son agglom\u00e9ration reste mauvaise pour la journ\u00e9e.  Dans le centre de la r\u00e9gion, \u00ab\u00a0les niveaux d\u2019ozone pourraient rester \u00e9lev\u00e9s et une vigilance pollution est maintenue\u00a0\u00bb, remarque l&rsquo;observatoire. <\/p>\n<\/blockquote>\n<p>Une vigilance orange a d&rsquo;ailleurs \u00e9t\u00e9 activ\u00e9e dans la vall\u00e9e du Rh\u00f4ne, le bassin lyonnais et le bassin st\u00e9phanois concernant la qualit\u00e9 de l&rsquo;air. Les indices seront mauvais toute la journ\u00e9e avec des concentrations d&rsquo;ozone et de multi-polluants d\u00e9grad\u00e9es.<\/p>\n<blockquote class=\"wp-block-quote is-layout-flow wp-block-quote-is-layout-flow\">\n<p>L&rsquo;Atmo indique tout de m\u00eame qu&rsquo;une \u00ab\u00a0une l\u00e9g\u00e8re d\u00e9gradation orageuse devrait arriver par l\u2019ouest de la r\u00e9gion et assurer un brassage atmosph\u00e9rique efficace en Auvergne\u00a0\u00bb. <\/p>\n<\/blockquote>\n","protected":false},"excerpt":{"rendered":"Vue de Lyon sur les berges du Rh\u00f4ne @CM La qualit\u00e9 de l&rsquo;air dans toute l&rsquo;agglom\u00e9ration lyonnaise ainsi&hellip;\n","protected":false},"author":2,"featured_media":96274,"comment_status":"","ping_status":"","sticky":false,"template":"","format":"standard","meta":{"footnotes":""},"categories":[1889],"tags":[1111,11,2430,6698,1777,674,1011,27,2428,2487,12,1800,25],"class_list":{"0":"post-195791","1":"post","2":"type-post","3":"status-publish","4":"format-standard","5":"has-post-thumbnail","7":"category-lyon","8":"tag-actu","9":"tag-actualites","10":"tag-auvergne-rhone-alpes","11":"tag-canicule","12":"tag-eu","13":"tag-europe","14":"tag-fr","15":"tag-france","16":"tag-lyon","17":"tag-meteo","18":"tag-news","19":"tag-pollution","20":"tag-republique-francaise"},"share_on_mastodon":{"url":"https:\/\/pubeurope.com\/@fr\/114726930121073136","error":""},"_links":{"self":[{"href":"https:\/\/www.europesays.com\/fr\/wp-json\/wp\/v2\/posts\/195791","targetHints":{"allow":["GET"]}}],"collection":[{"href":"https:\/\/www.europesays.com\/fr\/wp-json\/wp\/v2\/posts"}],"about":[{"href":"https:\/\/www.europesays.com\/fr\/wp-json\/wp\/v2\/types\/post"}],"author":[{"embeddable":true,"href":"https:\/\/www.europesays.com\/fr\/wp-json\/wp\/v2\/users\/2"}],"replies":[{"embeddable":true,"href":"https:\/\/www.europesays.com\/fr\/wp-json\/wp\/v2\/comments?post=195791"}],"version-history":[{"count":0,"href":"https:\/\/www.europesays.com\/fr\/wp-json\/wp\/v2\/posts\/195791\/revisions"}],"wp:featuredmedia":[{"embeddable":true,"href":"https:\/\/www.europesays.com\/fr\/wp-json\/wp\/v2\/media\/96274"}],"wp:attachment":[{"href":"https:\/\/www.europesays.com\/fr\/wp-json\/wp\/v2\/media?parent=195791"}],"wp:term":[{"taxonomy":"category","embeddable":true,"href":"https:\/\/www.europesays.com\/fr\/wp-json\/wp\/v2\/categories?post=195791"},{"taxonomy":"post_tag","embeddable":true,"href":"https:\/\/www.europesays.com\/fr\/wp-json\/wp\/v2\/tags?post=195791"}],"curies":[{"name":"wp","href":"https:\/\/api.w.org\/{rel}","templated":true}]}}