{"id":195792,"date":"2025-06-22T12:06:22","date_gmt":"2025-06-22T12:06:22","guid":{"rendered":"https:\/\/www.europesays.com\/fr\/195792\/"},"modified":"2025-06-22T12:06:22","modified_gmt":"2025-06-22T12:06:22","slug":"handball-disparition-de-denis-lathoud-ne-a-lyon-et-ancien-joueur-de-lequipe-de-france","status":"publish","type":"post","link":"https:\/\/www.europesays.com\/fr\/195792\/","title":{"rendered":"Handball : disparition de Denis Lathoud, n\u00e9 \u00e0 Lyon et ancien joueur de l&rsquo;\u00e9quipe de France"},"content":{"rendered":"<p>Natif de Lyon, l&rsquo;ancien joueur international fran\u00e7ais Denis Lathoud, qui avait fait partie de l&rsquo;\u00e9quipe des \u00ab\u00a0Barjots\u00a0\u00bb championne du monde en 1995, est d\u00e9c\u00e9d\u00e9 \u00e0 l&rsquo;\u00e2ge de 59 ans. C&rsquo;est le pr\u00e9sident de la F\u00e9d\u00e9ration fran\u00e7aise de handball Philippe Bana qui a annonc\u00e9 la triste nouvelle dimanche 22 juin sur les r\u00e9seaux sociaux.<\/p>\n<p>C&rsquo;est une <b>grande perte<\/b> pour le <b>sport fran\u00e7ais et lyonnais.\u00a0<\/b><\/p>\n<p><b>Denis Lathoud<\/b>, n\u00e9 \u00e0 <b>Lyon <\/b>le 13 janvier 1966 et <b>ancien joueur de handball<\/b> de <b>V\u00e9nissieux <\/b>et de<b> l&rsquo;\u00e9quipe de France<\/b>, est <b>d\u00e9c\u00e9d\u00e9 <\/b>dans la nuit de samedi 21 \u00e0 dimanche 22 juin \u00e0 l&rsquo;\u00e2ge de <b>59 ans.<\/b><\/p>\n<p>L&rsquo;annonce a \u00e9t\u00e9 faite par <b>Philippe Bana<\/b>, pr\u00e9sident de la <b>F\u00e9d\u00e9ration fran\u00e7aise de handball.<\/b><\/p>\n<p>\u00ab\u00a0Denis Lathoud est parti cette nuit. Le roc nous quitte. Repose en paix fr\u00e8re. Tout le handball adresse ses condol\u00e9ances \u00e0 la famille. Tous en deuil\u00a0\u00bb, a-t-il d\u00e9clar\u00e9 sur X (anciennement Twitter.)<\/p>\n<p>Selon l&rsquo;entourage de Denis Lathoud, celui-ci souffrait d&rsquo;un <b>cancer<\/b>.<\/p>\n<p>Champion de France avec V\u00e9nissieux et champion du monde avec l&rsquo;\u00e9quipe de France<\/p>\n<p>Denis Lathoud a \u00e9volu\u00e9 au <b>poste d&rsquo;arri\u00e8re gauche<\/b>, bien aid\u00e9 par sa haute taille (1m98).\u00a0<\/p>\n<p>Il a fait partie de l&rsquo;\u00e9quipe de France qui s&rsquo;est progressivement impos\u00e9e sur la sc\u00e8ne mondiale du handball atteignant la cons\u00e9cration lors de sa victoire en <b>championnat du monde en 1995<\/b> dans laquelle Denis Lathoud joua un r\u00f4le cl\u00e9. L&rsquo;\u00e9quipe \u00e9tait surnomm\u00e9e <b>\u00ab\u00a0Les Barjots.\u00a0\u00bb<\/b><\/p>\n<p>Il comptait au total <b>164 s\u00e9lections <\/b>en \u00e9quipe de France et avait jou\u00e9 en club notamment pour PSG-Asni\u00e8res apr\u00e8s \u00eatre pass\u00e9 par <b>V\u00e9nissieux <\/b>et N\u00eemes.<\/p>\n<p>Denis Lathoud comptait <b>deux titres de champion de France<\/b>, l&rsquo;un avec <b>V\u00e9nissieux <\/b>en <b>1992 <\/b>et l&rsquo;autre avec N\u00eemes en 1993.<\/p>\n<p><img loading=\"lazy\" decoding=\"async\" src=\"https:\/\/www.europesays.com\/fr\/wp-content\/uploads\/2025\/06\/1750593982_582_img\" width=\"350\" height=\"200\" border=\"0\" title=\"La premi\u00c3\u00a8re demi-finale du Top 14 au stade de l'OL \u00c3\u00a0 D\u00c3\u00a9cines a oppos\u00c3\u00a9 Toulouse \u00c3\u00a0 Bayonne.\"\/><\/p>\n<p>\u25baRugby<\/p>\n<p style=\"font-size: 22px;\"><b>Top 14 : nouveau record d&rsquo;affluence \u00e0 D\u00e9cines lors de Toulouse &#8211; Bayonne<\/b><\/p>\n<p>Le Stade Toulousain s&rsquo;est impos\u00e9 face \u00e0 l&rsquo;Aviron&#8230;<\/p>\n<p><\/p>\n","protected":false},"excerpt":{"rendered":"Natif de Lyon, l&rsquo;ancien joueur international fran\u00e7ais Denis Lathoud, qui avait fait partie de l&rsquo;\u00e9quipe des \u00ab\u00a0Barjots\u00a0\u00bb championne&hellip;\n","protected":false},"author":2,"featured_media":195793,"comment_status":"","ping_status":"","sticky":false,"template":"","format":"standard","meta":{"footnotes":""},"categories":[1889],"tags":[1111,11,2430,33466,33468,1777,674,1011,27,1792,33467,2428,12,25,5430],"class_list":{"0":"post-195792","1":"post","2":"type-post","3":"status-publish","4":"format-standard","5":"has-post-thumbnail","7":"category-lyon","8":"tag-actu","9":"tag-actualites","10":"tag-auvergne-rhone-alpes","11":"tag-denis-lathoud","12":"tag-equipe-de-france-de-handball","13":"tag-eu","14":"tag-europe","15":"tag-fr","16":"tag-france","17":"tag-handball","18":"tag-handball-les-barjots","19":"tag-lyon","20":"tag-news","21":"tag-republique-francaise","22":"tag-vnissieux"},"share_on_mastodon":{"url":"https:\/\/pubeurope.com\/@fr\/114726934079635189","error":""},"_links":{"self":[{"href":"https:\/\/www.europesays.com\/fr\/wp-json\/wp\/v2\/posts\/195792","targetHints":{"allow":["GET"]}}],"collection":[{"href":"https:\/\/www.europesays.com\/fr\/wp-json\/wp\/v2\/posts"}],"about":[{"href":"https:\/\/www.europesays.com\/fr\/wp-json\/wp\/v2\/types\/post"}],"author":[{"embeddable":true,"href":"https:\/\/www.europesays.com\/fr\/wp-json\/wp\/v2\/users\/2"}],"replies":[{"embeddable":true,"href":"https:\/\/www.europesays.com\/fr\/wp-json\/wp\/v2\/comments?post=195792"}],"version-history":[{"count":0,"href":"https:\/\/www.europesays.com\/fr\/wp-json\/wp\/v2\/posts\/195792\/revisions"}],"wp:featuredmedia":[{"embeddable":true,"href":"https:\/\/www.europesays.com\/fr\/wp-json\/wp\/v2\/media\/195793"}],"wp:attachment":[{"href":"https:\/\/www.europesays.com\/fr\/wp-json\/wp\/v2\/media?parent=195792"}],"wp:term":[{"taxonomy":"category","embeddable":true,"href":"https:\/\/www.europesays.com\/fr\/wp-json\/wp\/v2\/categories?post=195792"},{"taxonomy":"post_tag","embeddable":true,"href":"https:\/\/www.europesays.com\/fr\/wp-json\/wp\/v2\/tags?post=195792"}],"curies":[{"name":"wp","href":"https:\/\/api.w.org\/{rel}","templated":true}]}}