{"id":195798,"date":"2025-06-22T12:10:10","date_gmt":"2025-06-22T12:10:10","guid":{"rendered":"https:\/\/www.europesays.com\/fr\/195798\/"},"modified":"2025-06-22T12:10:10","modified_gmt":"2025-06-22T12:10:10","slug":"une-personne-entre-la-vie-et-la-mort-et-au-moins-102-interpellations","status":"publish","type":"post","link":"https:\/\/www.europesays.com\/fr\/195798\/","title":{"rendered":"une personne entre la vie et la mort et au moins 102 interpellations"},"content":{"rendered":"<p>            Par<br \/>\n        <strong><br \/>\n            <a href=\"https:\/\/actu.fr\/auteur\/antoine-grotteria02\" title=\"Consulter tous les articles de Antoine Grotteria\" target=\"_blank\" rel=\"noopener\">Antoine Grotteria<\/a><br \/>\n        <\/strong><\/p>\n<p>        Publi\u00e9 le<\/p>\n<p>            22 juin 2025 \u00e0 13h08        <\/p>\n<p>Une soir\u00e9e globalement <strong>tr\u00e8s festive<\/strong>, mais plusieurs <strong>incidents<\/strong>. Ce samedi 21\u00a0juin 2025, <a href=\"https:\/\/actu.fr\/paris\/\" target=\"_blank\" rel=\"noopener\">Paris<\/a> f\u00eatait la 43e \u00e9dition de la F\u00eate de la musique. \u00c0 cette occasion, un <a href=\"https:\/\/actu.fr\/loisirs-culture\/menace-terroriste-debordements-pour-la-fete-de-la-musique-bruno-retailleau-appelle-a-la-vigilance-extreme_62800785.html\" target=\"_blank\" rel=\"noopener\">dispositif de s\u00e9curit\u00e9<\/a> important avait \u00e9t\u00e9 d\u00e9ploy\u00e9 dans la capitale. Ce qui n\u2019a emp\u00each\u00e9 des d\u00e9bordements. Dans un communiqu\u00e9 adress\u00e9 ce dimanche 22\u00a0juin, la <a href=\"https:\/\/actu.fr\/tag\/prefecture-de-police-de-paris\" target=\"_blank\" rel=\"noopener\">pr\u00e9fecture de Police de Paris<\/a> a annonc\u00e9 l\u2019arrestation d\u2019au moins <strong>102\u00a0personne<\/strong>s pour des faits de \u00ab\u2009vol, d\u00e9gradation, port d\u2019arme prohib\u00e9e\u2009\u00bb ou encore \u00ab\u2009violences volontaires\u2009\u00bb.<\/p>\n<p>Le quartier de Ch\u00e2telet principalement concern\u00e9<\/p>\n<p class=\" wall-content\">Parmi les faits rapport\u00e9s, les autorit\u00e9s mentionnent l\u2019agression sexuelle et les violences volontaires subies par une personne dans le 1er arrondissement, vers 21h30. La victime aurait \u00e9t\u00e9 agress\u00e9e par deux personnes avec une paire de ciseaux. Elle a \u00e9t\u00e9 transport\u00e9e \u00e0 l\u2019h\u00f4pital avec un <strong>pronostic vital engag\u00e9<\/strong>.<\/p>\n<blockquote class=\"tiktok-embed\" cite=\"https:\/\/www.tiktok.com\/@cheickcamara87\/video\/7518576654143278358\" data-video-id=\"7518576654143278358\" data-embed-from=\"oembed\" style=\"max-width:605px; min-width:325px;\"><p>\n<a target=\"_blank\" title=\"@cheickcamara87\" href=\"https:\/\/www.tiktok.com\/@cheickcamara87?refer=embed\" rel=\"noopener\">@cheickcamara87<\/a> <\/p>\n<p><a title=\"paris\" target=\"_blank\" href=\"https:\/\/www.tiktok.com\/tag\/paris?refer=embed\" rel=\"noopener\">#paris<\/a> <a title=\"musique\" target=\"_blank\" href=\"https:\/\/www.tiktok.com\/tag\/musique?refer=embed\" rel=\"noopener\">#musique<\/a> <\/p>\n<p> <a target=\"_blank\" title=\"\u266c Charger - Triangle des bermudes\" href=\"https:\/\/www.tiktok.com\/music\/Charger-7470536424104544273?refer=embed\" rel=\"noopener\">\u266c Charger \u2013 Triangle des bermudes<\/a> <\/p>\n<\/blockquote>\n<p class=\" wall-content\">Dans le 6e arrondissement, rue Princesse, la situation a \u00e9galement d\u00e9g\u00e9n\u00e9r\u00e9. Des <strong>tirs de mortier<\/strong> ont \u00e9t\u00e9 ex\u00e9cut\u00e9s, puis un v\u00e9hicule a \u00e9t\u00e9 d\u00e9grad\u00e9. Des projectiles ont \u00e9t\u00e9 lanc\u00e9s sur les policiers. Selon la pr\u00e9fecture de Police, ces derniers ont ripost\u00e9 en faisant \u00ab\u2009usage de moyens interm\u00e9diaires\u2009\u00bb. <strong>Il n\u2019y a pas eu de bless\u00e9<\/strong>.<\/p>\n<p class=\" wall-content\">La majorit\u00e9 des incidents se sont d\u00e9roul\u00e9s dans le quartier de <a href=\"https:\/\/actu.fr\/tag\/chatelet\" target=\"_blank\" rel=\"noopener\">Ch\u00e2telet<\/a>, o\u00f9 \u00e9tait mass\u00e9e une <strong>foule consid\u00e9rable<\/strong>, comme le montrent des vid\u00e9os publi\u00e9es sur le r\u00e9seau social TikTok. Vers 5\u00a0heures, des policiers ont \u00e9t\u00e9 \u00ab\u2009pris \u00e0 partie et ont d\u00fb faire usage de la force pour disperser un groupe hostile\u2009\u00bb, indique la pr\u00e9fecture de Police. Des personnes ont \u00e9galement tent\u00e9 de piller un magasin Nike. Plus t\u00f4t, des personnes ont \u00e9t\u00e9 secourues pr\u00e8s du forum des Halles, comme le mentionnait le journaliste Luc Auffret.<\/p>\n<p>Vid\u00e9os : en ce moment sur Actu<\/p>\n<blockquote class=\"tiktok-embed\" cite=\"https:\/\/www.tiktok.com\/@pikefr\/video\/7518534376842464535\" data-video-id=\"7518534376842464535\" data-embed-from=\"oembed\" style=\"max-width:605px; min-width:325px;\"><p>\n<a target=\"_blank\" title=\"@pikefr\" href=\"https:\/\/www.tiktok.com\/@pikefr?refer=embed\" rel=\"noopener\">@pikefr<\/a> <\/p>\n<p>F\u00eate de la musique a Ch\u00e2telet les halles avec un mouvement de foule qui a entra\u00een\u00e9 une intervention des forces de l\u2019ordre  <a title=\"fetedelamusique\" target=\"_blank\" href=\"https:\/\/www.tiktok.com\/tag\/fetedelamusique?refer=embed\" rel=\"noopener\">#fetedelamusique<\/a> <a title=\"actu\" target=\"_blank\" href=\"https:\/\/www.tiktok.com\/tag\/actu?refer=embed\" rel=\"noopener\">#actu<\/a> <a title=\"manifestation\" target=\"_blank\" href=\"https:\/\/www.tiktok.com\/tag\/manifestation?refer=embed\" rel=\"noopener\">#manifestation<\/a> <a title=\"paris\" target=\"_blank\" href=\"https:\/\/www.tiktok.com\/tag\/paris?refer=embed\" rel=\"noopener\">#paris<\/a> <a title=\"info\" target=\"_blank\" href=\"https:\/\/www.tiktok.com\/tag\/info?refer=embed\" rel=\"noopener\">#info<\/a> <a title=\"pikefr\" target=\"_blank\" href=\"https:\/\/www.tiktok.com\/tag\/pikefr?refer=embed\" rel=\"noopener\">#pikefr<\/a> <\/p>\n<p> <a target=\"_blank\" title=\"\u266c Eu Sento Gabu! - PXLWYSE\" href=\"https:\/\/www.tiktok.com\/music\/Eu-Sento-Gabu-7358093655477110801?refer=embed\" rel=\"noopener\">\u266c Eu Sento Gabu! \u2013 PXLWYSE<\/a> <\/p>\n<\/blockquote>\n<blockquote class=\"tiktok-embed\" cite=\"https:\/\/www.tiktok.com\/@lucauffret\/video\/7518531191222390038\" data-video-id=\"7518531191222390038\" data-embed-from=\"oembed\" style=\"max-width:605px; min-width:325px;\"><p>\n<a target=\"_blank\" title=\"@lucauffret\" href=\"https:\/\/www.tiktok.com\/@lucauffret?refer=embed\" rel=\"noopener\">@lucauffret<\/a> <\/p>\n<p>Plusieurs bless\u00e9s sont pris en charge par les pompiers et le SAMU \u00e0 Ch\u00e2telet \u00e0 Paris. La raison est inconnue pour le moment. <a title=\"chatelet\" target=\"_blank\" href=\"https:\/\/www.tiktok.com\/tag\/chatelet?refer=embed\" rel=\"noopener\">#Chatelet<\/a> <a title=\"paris\" target=\"_blank\" href=\"https:\/\/www.tiktok.com\/tag\/paris?refer=embed\" rel=\"noopener\">#Paris<\/a> <a title=\"fetedelamusique\" target=\"_blank\" href=\"https:\/\/www.tiktok.com\/tag\/fetedelamusique?refer=embed\" rel=\"noopener\">#fetedelamusique<\/a> <\/p>\n<p> <a target=\"_blank\" title=\"\u266c Minimal for news \/ news suspense(1169746) - Hiraoka Kotaro\" href=\"https:\/\/www.tiktok.com\/music\/Minimal-for-news-news-suspense-1169746-7055051802865862658?refer=embed\" rel=\"noopener\">\u266c Minimal for news \/ news suspense(1169746) \u2013 Hiraoka Kotaro<\/a> <\/p>\n<\/blockquote>\n<p class=\" wall-content\">Le ministre de l\u2019Int\u00e9rieur <a href=\"https:\/\/actu.fr\/tag\/bruno-retailleau\" target=\"_blank\" rel=\"noopener\">Bruno Retailleau<\/a> avait annonc\u00e9 la mobilisation de <strong>50\u2009000 forces de l\u2019ordre<\/strong>, dont<strong> 6\u2009000 dans la capitale<\/strong>. Cette f\u00eate survient \u00e0 un moment o\u00f9 le dispositif Sentinelle a \u00e9t\u00e9 renforc\u00e9 par la France. Une d\u00e9cision qui r\u00e9sulte du conflit opposant Isra\u00ebl \u00e0 l\u2019Iran.<\/p>\n<p class=\" wall-content\">Suivez toute l\u2019actualit\u00e9 de vos villes et m\u00e9dias favoris en vous inscrivant \u00e0 <a href=\"https:\/\/moncompte.actu.fr\" title=\"D\u00e9couvez Mon Actu\" rel=\"nofollow noopener\" data-trk=\"{&quot;cta&quot;:{&quot;action&quot;:&quot;https:\\\/\\\/moncompte.actu.fr&quot;,&quot;category&quot;:&quot;mon compte&quot;,&quot;from&quot;:&quot;article footer&quot;,&quot;name&quot;:&quot;Mon actu&quot;,&quot;type&quot;:&quot;cta&quot;}}\" target=\"_blank\">Mon Actu<\/a>.<\/p>\n<ul class=\"ac-article-tag wall-content\">\n<li><a href=\"https:\/\/actu.fr\/tag\/fete-de-la-musique\" data-trk=\"{&quot;cta&quot;:{&quot;action&quot;:&quot;F\\u00eate de la musique&quot;,&quot;category&quot;:&quot;tag&quot;,&quot;from&quot;:&quot;article footer&quot;,&quot;name&quot;:&quot;F\\u00eate de la musique&quot;,&quot;type&quot;:&quot;cta&quot;}}\" target=\"_blank\" rel=\"noopener\">#F\u00eate de la musique<\/a><\/li>\n<li><a href=\"https:\/\/actu.fr\/tag\/police\" data-trk=\"{&quot;cta&quot;:{&quot;action&quot;:&quot;Police&quot;,&quot;category&quot;:&quot;tag&quot;,&quot;from&quot;:&quot;article footer&quot;,&quot;name&quot;:&quot;Police&quot;,&quot;type&quot;:&quot;cta&quot;}}\" target=\"_blank\" rel=\"noopener\">#Police<\/a><\/li>\n<\/ul>\n<p>                    <script async src=\"\/\/www.tiktok.com\/embed.js\"><\/script><\/p>\n","protected":false},"excerpt":{"rendered":"Par Antoine Grotteria Publi\u00e9 le 22 juin 2025 \u00e0 13h08 Une soir\u00e9e globalement tr\u00e8s festive, mais plusieurs incidents.&hellip;\n","protected":false},"author":2,"featured_media":195799,"comment_status":"","ping_status":"","sticky":false,"template":"","format":"standard","meta":{"footnotes":""},"categories":[1888],"tags":[1111,1928,11,1927,1777,674,118,25885,1011,27,12,1926,626,1925,1072,25],"class_list":{"0":"post-195798","1":"post","2":"type-post","3":"status-publish","4":"format-standard","5":"has-post-thumbnail","7":"category-paris","8":"tag-actu","9":"tag-actu-paris","10":"tag-actualites","11":"tag-actualites-paris","12":"tag-eu","13":"tag-europe","14":"tag-faits-divers","15":"tag-fete-de-la-musique","16":"tag-fr","17":"tag-france","18":"tag-news","19":"tag-news-paris","20":"tag-paris","21":"tag-paris-news","22":"tag-police","23":"tag-republique-francaise"},"share_on_mastodon":{"url":"https:\/\/pubeurope.com\/@fr\/114726949737915729","error":""},"_links":{"self":[{"href":"https:\/\/www.europesays.com\/fr\/wp-json\/wp\/v2\/posts\/195798","targetHints":{"allow":["GET"]}}],"collection":[{"href":"https:\/\/www.europesays.com\/fr\/wp-json\/wp\/v2\/posts"}],"about":[{"href":"https:\/\/www.europesays.com\/fr\/wp-json\/wp\/v2\/types\/post"}],"author":[{"embeddable":true,"href":"https:\/\/www.europesays.com\/fr\/wp-json\/wp\/v2\/users\/2"}],"replies":[{"embeddable":true,"href":"https:\/\/www.europesays.com\/fr\/wp-json\/wp\/v2\/comments?post=195798"}],"version-history":[{"count":0,"href":"https:\/\/www.europesays.com\/fr\/wp-json\/wp\/v2\/posts\/195798\/revisions"}],"wp:featuredmedia":[{"embeddable":true,"href":"https:\/\/www.europesays.com\/fr\/wp-json\/wp\/v2\/media\/195799"}],"wp:attachment":[{"href":"https:\/\/www.europesays.com\/fr\/wp-json\/wp\/v2\/media?parent=195798"}],"wp:term":[{"taxonomy":"category","embeddable":true,"href":"https:\/\/www.europesays.com\/fr\/wp-json\/wp\/v2\/categories?post=195798"},{"taxonomy":"post_tag","embeddable":true,"href":"https:\/\/www.europesays.com\/fr\/wp-json\/wp\/v2\/tags?post=195798"}],"curies":[{"name":"wp","href":"https:\/\/api.w.org\/{rel}","templated":true}]}}