{"id":195800,"date":"2025-06-22T12:11:25","date_gmt":"2025-06-22T12:11:25","guid":{"rendered":"https:\/\/www.europesays.com\/fr\/195800\/"},"modified":"2025-06-22T12:11:25","modified_gmt":"2025-06-22T12:11:25","slug":"apres-une-serie-de-cambriolages-la-crainte-des-habitants-des-hauts-de-seine","status":"publish","type":"post","link":"https:\/\/www.europesays.com\/fr\/195800\/","title":{"rendered":"apr\u00e8s une s\u00e9rie de cambriolages, la crainte des habitants des Hauts-de-Seine"},"content":{"rendered":"<p>            Par<br \/>\n        <strong><br \/>\n            <a href=\"https:\/\/actu.fr\/auteur\/hugo-hancewicz\" title=\"Consulter tous les articles de Hugo Hancewicz\" target=\"_blank\" rel=\"noopener\">Hugo Hancewicz<\/a><br \/>\n        <\/strong><\/p>\n<p>        Publi\u00e9 le<\/p>\n<p>            22 juin 2025 \u00e0 6h40        <\/p>\n<p>Dans les ruelles bord\u00e9es d\u2019arbustes et de murs en pierre pr\u00e8s de la gare de <a href=\"https:\/\/actu.fr\/ile-de-france\/sevres_92072\" target=\"_blank\" rel=\"noopener\">S\u00e8vres<\/a>, le calme r\u00e8gne en apparence. Mais derri\u00e8re les volets tir\u00e9s et les portails fleuris, <strong>l\u2019inqui\u00e9tude gronde doucement<\/strong>. Yolande, la soixantaine bien entam\u00e9e, vit ici depuis plus de dix ans. Aujourd\u2019hui, elle le dit sans d\u00e9tour, elle ne se sent plus en s\u00e9curit\u00e9. <strong>\u00ab\u2009On ne dort plus sur nos deux oreilles\u2009\u00bb<\/strong>, souffle-t-elle. Le <a href=\"https:\/\/actu.fr\/tag\/cambriolage\" target=\"_blank\" rel=\"noopener\">home-jacking<\/a> qui a <a href=\"https:\/\/actu.fr\/ile-de-france\/sevres_92072\/sevres-christophe-beaugrand-victime-d-une-violente-tentative-de-cambriolage-en-pleine-nuit-son-mari-blesse_62732005.html\" target=\"_blank\" rel=\"noopener\">vis\u00e9 le pr\u00e9sentateur Christophe Beaugrand<\/a>, dans ce m\u00eame quartier, a frapp\u00e9 les esprits. \u00ab\u2009\u00c7a fait peur de se dire que \u00e7a se passe juste \u00e0 c\u00f4t\u00e9 de chez nous\u2009\u00bb, glisse-t-elle. Longtemps consid\u00e9r\u00e9s comme <a href=\"https:\/\/actu.fr\/faits-divers\/cambriolages-vols-trafic-de-drogues-que-disent-les-chiffres-sur-la-delinquance-dans-les-hauts-de-seine_62428196.html\" target=\"_blank\" rel=\"noopener\">relativement \u00e9pargn\u00e9s par l\u2019ins\u00e9curit\u00e9<\/a>, les <a href=\"https:\/\/actu.fr\/ile-de-france\/hauts-de-seine_92\" target=\"_blank\" rel=\"noopener\">Hauts-de-Seine<\/a> voient certaines de leurs communes<strong> multiplier les efforts<\/strong> pour apaiser des habitants de plus en plus sur le qui-vive et enrayer un \u00ab\u00a0sentiment d\u2019ins\u00e9curit\u00e9\u00a0\u00bb grandissant.<\/p>\n<p>\u00ab\u2009Je me bats pour partir\u2009\u00bb<\/p>\n<p class=\" wall-content\">Dans un quartier cossu de S\u00e8vres, l\u2019odeur du ch\u00e8vrefeuille flotte dans l\u2019air et les chants d\u2019oiseaux accompagnent les journ\u00e9es, <strong>mais l\u2019atmosph\u00e8re a chang\u00e9<\/strong>. Dans les conversations du quotidien, un mot revient souvent\u2009: la peur. Certains habitants envisagent m\u00eame de partir, l\u00e0 o\u00f9 ils avaient mis des ann\u00e9es \u00e0 poser leurs valises. \u00ab\u2009Je me suis battu pour habiter ici il y a vingt ans\u2026 <strong>et maintenant je me bats pour partir<\/strong>, l\u00e2che un r\u00e9sident de S\u00e8vres. On se sent en ins\u00e9curit\u00e9\u00a0\u00bb.<\/p>\n<p class=\" wall-content\">Un peu plus loin dans les all\u00e9es, les r\u00e9cents home-jackings ont laiss\u00e9 des traces. Beno\u00eet, appuy\u00e9 contre son portail <strong>o\u00f9 tr\u00f4ne un autocollant Verisure bien visible<\/strong>, ne cache pas ses peurs. \u00ab\u2009\u00c7a devient inqui\u00e9tant. <a href=\"https:\/\/actu.fr\/ile-de-france\/sevres_92072\/hauts-de-seine-les-membres-d-une-famille-ligotes-dans-leur-cave-lors-d-un-home-jacking_62467598.html\" target=\"_blank\" rel=\"noopener\">Une famille s\u2019est quand m\u00eame fait ligoter dans sa cave<\/a> \u00e0 deux pas d\u2019ici\u00a0\u00bb, s\u2019emballe-t-il.<\/p>\n<p>    <img   decoding=\"async\" loading=\"lazy\" src=\"https:\/\/www.europesays.com\/fr\/wp-content\/uploads\/2025\/06\/img-4935-960x640.jpg\" alt=\"\u00c0 S\u00e8vres, de nombreuses r\u00e9sidences sont \u00e9quip\u00e9s de syst\u00e8me d'alarme.\" width=\"960\" height=\"640\"\/><br \/>\n    \u00c0 S\u00e8vres, de nombreuses r\u00e9sidences sont \u00e9quip\u00e9es de syst\u00e8me d\u2019alarme. (\u00a9HH\/actu Paris)<\/p>\n<p class=\" wall-content\">Ces craintes ne sont pas isol\u00e9es. Elle traverse plusieurs villes du d\u00e9partement,<strong> m\u00eame celles qui affichaient jusqu\u2019ici une relative tranquillit\u00e9<\/strong>. Car malgr\u00e9 la pr\u00e9sence croissante de cam\u00e9ras sur les fa\u00e7ades et d\u2019alarmes dans les maisons, <a href=\"https:\/\/actu.fr\/ile-de-france\/sevres_92072\/un-pere-de-famille-blesse-lors-d-un-violent-home-jacking-dans-les-hauts-de-seine-une-enquete-ouverte_62061541.html\" target=\"_blank\" rel=\"noopener\">les malfaiteurs ne semblent plus se laisser impressionner<\/a>.<\/p>\n<blockquote class=\"ac-article-quote wall-content\">\n<p>\u00ab\u00a0On a peur de quitter la maison et de la retrouver visit\u00e9e \u00e0 notre retour\u00a0\u00bb<\/p>\n<p>    <strong>Beno\u00eet<\/strong><br \/>\n        Habitant de S\u00e8vres    <\/p><\/blockquote>\n<p>Des mesures pour lutter contre l\u2019ins\u00e9curit\u00e9<\/p>\n<p class=\" wall-content\">La situation \u00e0 Rueil-Malmaison illustre cette tension. En 2023, <a href=\"https:\/\/actu.fr\/societe\/delinquance-dans-les-hauts-de-seine-quelles-sont-les-villes-les-plus-sures_60827548.html\" target=\"_blank\" rel=\"noopener\">pr\u00e8s de 500 cambriolages ont \u00e9t\u00e9 recens\u00e9s<\/a>, faisant d\u2019elle la ville <strong>la plus touch\u00e9e du d\u00e9partement<\/strong>. Un constat pr\u00e9occupant, qui a pouss\u00e9 la municipalit\u00e9 \u00e0 r\u00e9agir face au \u00ab\u2009sentiment d\u2019ins\u00e9curit\u00e9\u2009\u00bb exprim\u00e9 par nombre de leurs habitants.<\/p>\n<p class=\" wall-content\"><a href=\"https:\/\/actu.fr\/ile-de-france\/rueil-malmaison_92063\/face-au-sentiment-d-insecurite-de-ses-habitants-cette-ville-des-hauts-de-seine-prend-une-decision-radicale_62237381.html\" target=\"_blank\" rel=\"noopener\">Rallumage des lampadaires la nuit<\/a>, aides financi\u00e8res pour installer des alarmes, <strong>extension du r\u00e9seau de vid\u00e9oprotection<\/strong>, d\u00e9veloppement du dispositif Voisins Vigilants, intensification des patrouilles de la police municipale\u2026 Les initiatives se multiplient pour tenter de <strong>restaurer un sentiment de s\u00e9curit\u00e9<\/strong>. Derni\u00e8re mesure en date\u2009: <a href=\"https:\/\/actu.fr\/ile-de-france\/rueil-malmaison_92063\/un-dispositif-inedit-cette-ville-des-hauts-de-seine-s-attaque-au-harcelement-de-rue_62672081.html\" target=\"_blank\" rel=\"noopener\">la distribution de 3\u2009000 bips d\u2019alarme<\/a> \u00e0 destination des femmes de la commune.<\/p>\n<p class=\" wall-content\">\u00c0 l\u2019h\u00f4tel de ville, on assume pleinement ces efforts. <strong>\u00ab\u2009Ce n\u2019est pas parce que c\u2019est un sentiment qu\u2019il est moins important\u2009\u00bb<\/strong>, affirme un proche du maire. La ville, dit-il, attire des habitants au profil plus ais\u00e9, ce qui peut les rendre davantage expos\u00e9s, et plus sensibles, \u00e0 ce type de d\u00e9linquance.<\/p>\n<p>Des r\u00e9sultats encourageants malgr\u00e9 les craintes<\/p>\n<p class=\" wall-content\">\u00c0 quelques kilom\u00e8tres de l\u00e0, \u00e0 S\u00e8vres, l\u2019approche est similaire, et les r\u00e9sultats se veulent encourageants. Car malgr\u00e9 le choc suscit\u00e9 par le nouveau <a href=\"https:\/\/actu.fr\/ile-de-france\/sevres_92072\/tentative-de-home-jacking-chez-christophe-beaugrand-trois-hommes-dont-deux-adolescents-mis-en-examen_62795995.html\" target=\"_blank\" rel=\"noopener\">home-jacking au d\u00e9but du mois<\/a>, <strong>la tendance semble s\u2019inverser<\/strong>. Sur les cinq premiers mois de 2025, \u00ab\u2009le nombre de cambriolages a chut\u00e9 de 43\u2009% par rapport \u00e0 l\u2019ann\u00e9e pr\u00e9c\u00e9dente\u2009\u00bb, pr\u00e9cise la municipalit\u00e9 \u00e0 <a href=\"https:\/\/actu.fr\/paris\/\" target=\"_blank\" rel=\"noopener\">actu Paris<\/a>. Une dynamique positive, amorc\u00e9e d\u00e8s 2024<strong> avec une premi\u00e8re baisse de 7\u2009%<\/strong>.<\/p>\n<p class=\" wall-content\">Cette am\u00e9lioration, la commune l\u2019attribue \u00e0 \u00ab\u2009une coordination \u00e9troite entre la ville et le commissariat local\u2009\u00bb. Depuis l\u2019an dernier, <strong>les cam\u00e9ras de vid\u00e9oprotection sont directement reli\u00e9es \u00e0 la police<\/strong>, facilitant les interventions. R\u00e9sultat, le taux d\u2019\u00e9lucidation a bondi de plus de 40\u2009%.<\/p>\n<p>Pr\u00e9vention et renforcement des moyens<\/p>\n<p class=\" wall-content\">Mais S\u00e8vres ne mise pas uniquement sur la technologie. <strong>La pr\u00e9vention occupe aussi une place centrale<\/strong>. <a href=\"https:\/\/actu.fr\/societe\/contre-les-cambriolages-pensez-a-l-operation-tranquillite-vacances_59823844.html\" target=\"_blank\" rel=\"noopener\">L\u2019Op\u00e9ration Tranquillit\u00e9 Vacances<\/a> est promue chaque \u00e9t\u00e9, en lien avec les forces de l\u2019ordre. Des campagnes sont \u00e9galement relay\u00e9es sur les r\u00e9seaux sociaux, et \u00ab\u2009la plateforme Voisins Vigilants reste un outil cl\u00e9 pour maintenir un lien direct avec la population\u2009\u00bb, assure la ville.<\/p>\n<p class=\" wall-content\">Et l\u2019effort ne s\u2019arr\u00eate pas l\u00e0. Le Conseil municipal doit se prononcer prochainement <strong>sur l\u2019implantation de 18 nouvelles cam\u00e9ras<\/strong>, qui viendraient s\u2019ajouter aux 30 d\u00e9j\u00e0 en service. Un renforcement du maillage territorial qui s\u2019accompagnera d\u2019une pr\u00e9sence accrue de la police municipale sur le terrain.<\/p>\n<p>    <a href=\"https:\/\/email.publihebdos.com\/form?lid=Mqc7o19yVDtMEo2FE8aUtw2\" title=\"Ouvrie le lien\" target=\"_blank\" rel=\"noopener\">Cliquez ici pour visualiser le contenu<\/a><\/p>\n<p>\u00ab\u2009Plus il y a d\u2019actions pour la s\u00e9curit\u00e9, mieux c\u2019est\u2009\u00bb<\/p>\n<p class=\" wall-content\">Toutefois, certains refusent de <strong>c\u00e9der \u00e0 la psychose ambiante<\/strong>. \u00c0 Rueil, J\u00e9r\u00f4me, p\u00e8re de famille et r\u00e9sident depuis seize ans, relativise. \u00ab\u2009Je n\u2019ai jamais eu de probl\u00e8me ici. La ville n\u2019est pas \u00e9pargn\u00e9e, mais elle met clairement les moyens\u2009\u00bb, observe-t-il.<\/p>\n<p class=\" wall-content\">\u00ab\u2009Plus il y a d\u2019actions pour la s\u00e9curit\u00e9, mieux c\u2019est. Et franchement, les cam\u00e9ras, elles ne g\u00eanent que ceux qui ont des choses \u00e0 se reprocher\u2009\u00bb, sourit-il. Malgr\u00e9 tout, chez lui, comme chez beaucoup, <strong>une alarme est d\u00e9sormais activ\u00e9e chaque soir<\/strong>.<\/p>\n<p class=\" wall-content\">La situation, toutefois, m\u00e9rite d\u2019\u00eatre nuanc\u00e9e. En 2021, 51,7 % des habitants des Hauts-de-Seine d\u00e9claraient <a href=\"https:\/\/actu.fr\/societe\/sentiment-d-insecurite-peur-dans-les-transports-agressions-les-hauts-de-seine-en-chiffres_57005653.html\" target=\"_blank\" rel=\"noopener\">ressentir un sentiment d\u2019ins\u00e9curit\u00e9<\/a>, <strong>un chiffre inf\u00e9rieur \u00e0 la moyenne r\u00e9gionale de 53,7 %<\/strong>, et en baisse depuis. Une tendance que certains expliquent aussi par l\u2019impact des r\u00e9seaux sociaux, o\u00f9 le moindre \u00e9v\u00e9nement est souvent amplifi\u00e9.<\/p>\n<p class=\" wall-content\">Suivez toute l\u2019actualit\u00e9 de vos villes et m\u00e9dias favoris en vous inscrivant \u00e0 <a href=\"https:\/\/moncompte.actu.fr\" title=\"D\u00e9couvez Mon Actu\" rel=\"nofollow noopener\" data-trk=\"{&quot;cta&quot;:{&quot;action&quot;:&quot;https:\\\/\\\/moncompte.actu.fr&quot;,&quot;category&quot;:&quot;mon compte&quot;,&quot;from&quot;:&quot;article footer&quot;,&quot;name&quot;:&quot;Mon actu&quot;,&quot;type&quot;:&quot;cta&quot;}}\" target=\"_blank\">Mon Actu<\/a>.<\/p>\n","protected":false},"excerpt":{"rendered":"Par Hugo Hancewicz Publi\u00e9 le 22 juin 2025 \u00e0 6h40 Dans les ruelles bord\u00e9es d\u2019arbustes et de murs&hellip;\n","protected":false},"author":2,"featured_media":195801,"comment_status":"","ping_status":"","sticky":false,"template":"","format":"standard","meta":{"footnotes":""},"categories":[1888],"tags":[11,1174,1777,674,1011,27,9816,2825,12,626,25,104],"class_list":{"0":"post-195800","1":"post","2":"type-post","3":"status-publish","4":"format-standard","5":"has-post-thumbnail","7":"category-paris","8":"tag-actualites","9":"tag-cambriolage","10":"tag-eu","11":"tag-europe","12":"tag-fr","13":"tag-france","14":"tag-home-jacking","15":"tag-insecurite","16":"tag-news","17":"tag-paris","18":"tag-republique-francaise","19":"tag-societe"},"share_on_mastodon":{"url":"https:\/\/pubeurope.com\/@fr\/114726953603254297","error":""},"_links":{"self":[{"href":"https:\/\/www.europesays.com\/fr\/wp-json\/wp\/v2\/posts\/195800","targetHints":{"allow":["GET"]}}],"collection":[{"href":"https:\/\/www.europesays.com\/fr\/wp-json\/wp\/v2\/posts"}],"about":[{"href":"https:\/\/www.europesays.com\/fr\/wp-json\/wp\/v2\/types\/post"}],"author":[{"embeddable":true,"href":"https:\/\/www.europesays.com\/fr\/wp-json\/wp\/v2\/users\/2"}],"replies":[{"embeddable":true,"href":"https:\/\/www.europesays.com\/fr\/wp-json\/wp\/v2\/comments?post=195800"}],"version-history":[{"count":0,"href":"https:\/\/www.europesays.com\/fr\/wp-json\/wp\/v2\/posts\/195800\/revisions"}],"wp:featuredmedia":[{"embeddable":true,"href":"https:\/\/www.europesays.com\/fr\/wp-json\/wp\/v2\/media\/195801"}],"wp:attachment":[{"href":"https:\/\/www.europesays.com\/fr\/wp-json\/wp\/v2\/media?parent=195800"}],"wp:term":[{"taxonomy":"category","embeddable":true,"href":"https:\/\/www.europesays.com\/fr\/wp-json\/wp\/v2\/categories?post=195800"},{"taxonomy":"post_tag","embeddable":true,"href":"https:\/\/www.europesays.com\/fr\/wp-json\/wp\/v2\/tags?post=195800"}],"curies":[{"name":"wp","href":"https:\/\/api.w.org\/{rel}","templated":true}]}}