{"id":195810,"date":"2025-06-22T12:16:18","date_gmt":"2025-06-22T12:16:18","guid":{"rendered":"https:\/\/www.europesays.com\/fr\/195810\/"},"modified":"2025-06-22T12:16:18","modified_gmt":"2025-06-22T12:16:18","slug":"netanyahu-sen-prend-au-royaume-uni-a-la-france-et-au-canada-apres-leur-appel-a-un-cessez-le-feu-a-gaza","status":"publish","type":"post","link":"https:\/\/www.europesays.com\/fr\/195810\/","title":{"rendered":"Netanyahu s\u2019en prend au Royaume-Uni, \u00e0 la France et au Canada apr\u00e8s leur appel \u00e0 un cessez-le-feu \u00e0 Gaza"},"content":{"rendered":"<p>AA \/ J\u00e9rusalem \u2013 Ankara \/ Zein Khalil et Ahmed Asmar<\/p>\n<p>Le Premier ministre isra\u00e9lien Benyamin Netanyahu a vivement critiqu\u00e9 lundi soir une d\u00e9claration conjointe du Royaume-Uni, de la France et du Canada appelant \u00e0 un cessez-le-feu imm\u00e9diat \u00e0 Gaza.<\/p>\n<p>Dans un communiqu\u00e9 publi\u00e9 tard dans la soir\u00e9e, Netanyahu a estim\u00e9 que cet appel \u00e9quivaut \u00e0 \u00ab\u00a0offrir un immense prix\u00a0\u00bb \u00e0 ce qu\u2019il qualifie d\u2019\u00a0\u00bbattaque g\u00e9nocidaire\u00a0\u00bb contre Isra\u00ebl survenue en octobre 2023.<\/p>\n<p>Il a r\u00e9affirm\u00e9 que la guerre se poursuivra jusqu\u2019\u00e0 \u00ab\u00a0la r\u00e9alisation d\u2019une victoire totale\u00a0\u00bb.<\/p>\n<p>\u00ab La guerre peut s\u2019arr\u00eater d\u00e8s demain si les otages restants sont lib\u00e9r\u00e9s, si le Hamas d\u00e9pose les armes, si ses dirigeants meurtriers sont exil\u00e9s et si Gaza est d\u00e9militaris\u00e9e \u00bb, a-t-il d\u00e9clar\u00e9. Pour rappel, Netanyahu fait l\u2019objet d\u2019un mandat de la Cour p\u00e9nale internationale pour crimes de guerre et crimes contre l\u2019humanit\u00e9 \u00e0 Gaza.<\/p>\n<p>Plus t\u00f4t lundi, le Royaume-Uni, la France et le Canada ont adress\u00e9 un avertissement s\u00e9v\u00e8re \u00e0 Isra\u00ebl, appelant \u00e0 une cessation imm\u00e9diate des op\u00e9rations militaires dans la bande de Gaza et \u00e0 la lev\u00e9e des restrictions entravant l\u2019acheminement de l\u2019aide humanitaire, sans quoi des \u00ab\u00a0mesures concr\u00e8tes suppl\u00e9mentaires\u00a0\u00bb seraient envisag\u00e9es.<\/p>\n<p>\u00ab Nous nous opposons fermement \u00e0 l\u2019intensification des op\u00e9rations militaires isra\u00e9liennes \u00e0 Gaza. Le niveau de souffrance humaine est insoutenable. L\u2019annonce faite hier selon laquelle Isra\u00ebl autoriserait l\u2019entr\u00e9e d\u2019une quantit\u00e9 minimale de nourriture est totalement insuffisante \u00bb, ont d\u00e9clar\u00e9 les trois pays dans leur communiqu\u00e9 commun.<\/p>\n<p>Les signataires ont \u00e9galement accus\u00e9 Isra\u00ebl d\u2019entraver l\u2019aide humanitaire vitale, avertissant que de telles actions \u00ab\u00a0risquent de constituer une violation du droit international humanitaire\u00a0\u00bb.<\/p>\n<p>\u00ab Nous ne resterons pas les bras crois\u00e9s pendant que le gouvernement Netanyahu poursuit ces actions inacceptables. Si Isra\u00ebl ne cesse pas son offensive militaire renouvel\u00e9e et ne l\u00e8ve pas les restrictions sur l\u2019aide humanitaire, nous prendrons d\u2019autres mesures concr\u00e8tes en r\u00e9ponse \u00bb, ont-ils ajout\u00e9.<\/p>\n<p>En d\u00e9pit des appels internationaux \u00e0 un cessez-le-feu, l\u2019arm\u00e9e isra\u00e9lienne poursuit une offensive d\u00e9vastatrice contre Gaza depuis octobre 2023, ayant fait pr\u00e8s de 53 500 morts, majoritairement des femmes et des enfants.<\/p>\n<p>Pour ces attaques, Isra\u00ebl est vis\u00e9 par une plainte pour g\u00e9nocide devant la Cour internationale de Justice.<\/p>\n<p>* Traduit de l&rsquo;Anglais par Adama Bamba<\/p>\n<p>                            &#13;<br \/>\n                                <a href=\"https:\/\/www.aa.com.tr\/fr\/p\/abonnement\/1001\" target=\"_blank\" style=\"font-size:12px; color:#444; text-decoration:none;\" rel=\"noopener\">&#13;<br \/>\n                                    Seulement une partie des d\u00e9p\u00eaches, que l&rsquo;Agence Anadolu diffuse \u00e0 ses abonn\u00e9s via le Syst\u00e8me de Diffusion interne (HAS), est diffus\u00e9e sur le site de l&rsquo;AA, de mani\u00e8re r\u00e9sum\u00e9e. <b style=\"color:#1897F7\">Contactez-nous s&rsquo;il vous pla\u00eet pour vous abonner.<\/b>&#13;<br \/>\n                                <\/a>&#13;<\/p>\n","protected":false},"excerpt":{"rendered":"AA \/ J\u00e9rusalem \u2013 Ankara \/ Zein Khalil et Ahmed Asmar Le Premier ministre isra\u00e9lien Benyamin Netanyahu a&hellip;\n","protected":false},"author":2,"featured_media":195811,"comment_status":"","ping_status":"","sticky":false,"template":"","format":"standard","meta":{"footnotes":""},"categories":[1588],"tags":[11,1785,3262,574,33470,1777,674,27,12,33471,473,1853,1851,1850,1852],"class_list":{"0":"post-195810","1":"post","2":"type-post","3":"status-publish","4":"format-standard","5":"has-post-thumbnail","7":"category-royaume-uni","8":"tag-actualites","9":"tag-anadolu-ajansi","10":"tag-benyamin-netanyahu","11":"tag-canada","12":"tag-cessez-le-feu-gaza","13":"tag-eu","14":"tag-europe","15":"tag-france","16":"tag-news","17":"tag-royaume-un","18":"tag-royaume-uni","19":"tag-royaume-uni-de-grande-bretagne-et-dirlande-du-nord","20":"tag-uk","21":"tag-united-kingdom","22":"tag-united-kingdom-of-great-britain-and-northern-ireland"},"share_on_mastodon":{"url":"https:\/\/pubeurope.com\/@fr\/114726973173180652","error":""},"_links":{"self":[{"href":"https:\/\/www.europesays.com\/fr\/wp-json\/wp\/v2\/posts\/195810","targetHints":{"allow":["GET"]}}],"collection":[{"href":"https:\/\/www.europesays.com\/fr\/wp-json\/wp\/v2\/posts"}],"about":[{"href":"https:\/\/www.europesays.com\/fr\/wp-json\/wp\/v2\/types\/post"}],"author":[{"embeddable":true,"href":"https:\/\/www.europesays.com\/fr\/wp-json\/wp\/v2\/users\/2"}],"replies":[{"embeddable":true,"href":"https:\/\/www.europesays.com\/fr\/wp-json\/wp\/v2\/comments?post=195810"}],"version-history":[{"count":0,"href":"https:\/\/www.europesays.com\/fr\/wp-json\/wp\/v2\/posts\/195810\/revisions"}],"wp:featuredmedia":[{"embeddable":true,"href":"https:\/\/www.europesays.com\/fr\/wp-json\/wp\/v2\/media\/195811"}],"wp:attachment":[{"href":"https:\/\/www.europesays.com\/fr\/wp-json\/wp\/v2\/media?parent=195810"}],"wp:term":[{"taxonomy":"category","embeddable":true,"href":"https:\/\/www.europesays.com\/fr\/wp-json\/wp\/v2\/categories?post=195810"},{"taxonomy":"post_tag","embeddable":true,"href":"https:\/\/www.europesays.com\/fr\/wp-json\/wp\/v2\/tags?post=195810"}],"curies":[{"name":"wp","href":"https:\/\/api.w.org\/{rel}","templated":true}]}}