{"id":195812,"date":"2025-06-22T12:17:08","date_gmt":"2025-06-22T12:17:08","guid":{"rendered":"https:\/\/www.europesays.com\/fr\/195812\/"},"modified":"2025-06-22T12:17:08","modified_gmt":"2025-06-22T12:17:08","slug":"arcelormittal-annule-des-projets-dacier-vert-en-allemagne","status":"publish","type":"post","link":"https:\/\/www.europesays.com\/fr\/195812\/","title":{"rendered":"ArcelorMittal annule des projets d&rsquo;acier vert en Allemagne"},"content":{"rendered":"<p>Principaux renseignements<\/p>\n<ul class=\"wp-block-list\">\n<li><strong>ArcelorMittal annule des projets d\u2019acier vert en Allemagne en raison des co\u00fbts \u00e9nerg\u00e9tiques \u00e9lev\u00e9s et des conditions de march\u00e9 difficiles.<\/strong><\/li>\n<li><strong>L\u2019entreprise reporte des projets de fours \u00e0 arc \u00e9lectrique \u00e0 Br\u00eame et \u00e0 Eisenh\u00fcttenstadt, invoquant l\u2019impossibilit\u00e9 de respecter la date limite de construction de juin 2025 pour b\u00e9n\u00e9ficier d\u2019un soutien financier de 1,3 milliard d\u2019euros.<\/strong><\/li>\n<li><strong>ArcelorMittal continue de planifier la construction de fours \u00e0 arc \u00e9lectrique \u00e0 Br\u00eame et \u00e0 Eisenh\u00fcttenstadt, dans le but de se pr\u00e9parer \u00e0 un sc\u00e9nario futur dans lequel la production bas\u00e9e sur les fours \u00e0 arc \u00e9lectrique devient \u00e9conomiquement viable sur ces sites.<\/strong><\/li>\n<\/ul>\n<p>Confront\u00e9 \u00e0 des co\u00fbts \u00e9nerg\u00e9tiques \u00e9lev\u00e9s et \u00e0 des conditions de march\u00e9 difficiles en Allemagne, ArcelorMittal a \u00e9t\u00e9 contraint d\u2019annuler ses projets d\u2019acier vert. L\u2019entreprise a inform\u00e9 le gouvernement allemand qu\u2019elle ne pouvait pas poursuivre ses projets de fer \u00e0 r\u00e9duction directe (DRI) et de four \u00e9lectrique \u00e0 arc (EAF) \u00e0 Br\u00eame et \u00e0 Eisenh\u00fcttenstadt en raison de son incapacit\u00e9 \u00e0 respecter la date limite de construction de juin 2025 pour b\u00e9n\u00e9ficier d\u2019une aide financi\u00e8re de 1,3 milliard d\u2019euros.<\/p>\n<p>Bien qu\u2019ArcelorMittal reporte ces projets sp\u00e9cifiques, il a l\u2019intention de continuer \u00e0 planifier la construction de fours \u00e9lectriques \u00e0 arc \u00e0 Br\u00eame et \u00e0 Eisenh\u00fcttenstadt. Cette strat\u00e9gie vise \u00e0 se pr\u00e9parer \u00e0 un sc\u00e9nario futur dans lequel la production bas\u00e9e sur les fours \u00e0 arc \u00e9lectrique deviendrait \u00e9conomiquement viable sur ces sites.<\/p>\n<p>D\u00e9fis de l\u2019industrie sid\u00e9rurgique europ\u00e9enne<\/p>\n<p>Les annulations refl\u00e8tent les difficult\u00e9s plus g\u00e9n\u00e9rales auxquelles est confront\u00e9e l\u2019industrie europ\u00e9enne de l\u2019acier, notamment la faiblesse de la demande et le niveau \u00e9lev\u00e9 des importations. ArcelorMittal reconna\u00eet qu\u2019il est de moins en moins probable qu\u2019il atteigne son objectif d\u2019intensit\u00e9 des \u00e9missions de carbone pour 2030, citant les retards dans le d\u00e9veloppement de l\u2019hydrog\u00e8ne vert et la comp\u00e9titivit\u00e9 limit\u00e9e de la production de DRI \u00e0 base de gaz naturel.<\/p>\n<p>Geert van Poelvoorde, PDG d\u2019ArcelorMittal Europe, s\u2019est inqui\u00e9t\u00e9 de la viabilit\u00e9 de l\u2019industrie sid\u00e9rurgique europ\u00e9enne, d\u00e9clarant qu\u2019elle est confront\u00e9e \u00e0 une pression sans pr\u00e9c\u00e9dent, sans m\u00eame tenir compte des co\u00fbts suppl\u00e9mentaires li\u00e9s \u00e0 la d\u00e9carbonisation. Bien qu\u2019il reconnaisse les efforts d\u00e9ploy\u00e9s par la Commission europ\u00e9enne et les \u00c9tats membres dans le cadre du <a href=\"https:\/\/fr.businessam.be\/lue-devoile-un-plan-daction-pour-lacier-afin-de-relever-les-defis-de-lindustrie\/\" target=\"_blank\" rel=\"noreferrer noopener nofollow\">plan d\u2019action pour l\u2019acier<\/a> et les m\u00e9taux, il estime que ces actions pourraient ne pas \u00eatre suffisantes ou opportunes pour atteindre l\u2019objectif vis\u00e9.<\/p>\n<p>L\u2019usine Steelanol de Gand en danger<\/p>\n<p>Outre les projets d\u2019acier vert annul\u00e9s, ArcelorMittal envisage de fermer son usine pionni\u00e8re Steelanol \u00e0 Gand. Cette installation convertit le carbone des gaz de hauts fourneaux en \u00e9thanol en utilisant la technologie de la fermentation. Malgr\u00e9 un investissement de 215 millions d\u2019euros et une capacit\u00e9 de production annuelle potentielle de 60 000 tonnes d\u2019\u00e9thanol \u00e0 utiliser comme mati\u00e8re premi\u00e8re chimique ou comme carburant, le projet est confront\u00e9 \u00e0 des d\u00e9fis \u00e9conomiques dans le cadre de la r\u00e9glementation europ\u00e9enne actuelle.<\/p>\n<p>Frederik Van de Velde, PDG d\u2019ArcelorMittal Belgique, a d\u00e9clar\u00e9 que l\u2019entreprise s\u2019est donn\u00e9 environ un an pour prendre une d\u00e9cision finale sur la fermeture de l\u2019usine. M\u00eame en atteignant les objectifs de production maximale, le projet ne serait pas \u00e9conomiquement viable dans le cadre des r\u00e8gles actuelles de l\u2019UE.<\/p>\n<p>Critique de la position de la Commission europ\u00e9enne<\/p>\n<p>Van de Velde critique le fait que la Commission europ\u00e9enne se concentre uniquement sur l\u2019hydrog\u00e8ne en tant que voie vers la neutralit\u00e9 climatique, arguant que les technologies op\u00e9rationnelles d\u2019\u00e9conomie de carbone telles que Steelanol sont n\u00e9glig\u00e9es malgr\u00e9 leurs avantages imm\u00e9diats en mati\u00e8re de r\u00e9duction des \u00e9missions. L\u2019\u00e9thanol produit par Steelanol n\u2019est actuellement reconnu ni comme un \u00ab\u00a0biocarburant avanc\u00e9\u00a0\u00bb ni comme un \u00ab\u00a0carburant recycl\u00e9\u00a0\u00bb dans le cadre de la r\u00e9glementation europ\u00e9enne, ce qui emp\u00eache ArcelorMittal de d\u00e9duire les \u00e9missions qu\u2019il \u00e9vite de son bilan carbone.<\/p>\n","protected":false},"excerpt":{"rendered":"Principaux renseignements ArcelorMittal annule des projets d\u2019acier vert en Allemagne en raison des co\u00fbts \u00e9nerg\u00e9tiques \u00e9lev\u00e9s et des&hellip;\n","protected":false},"author":2,"featured_media":15678,"comment_status":"","ping_status":"","sticky":false,"template":"","format":"standard","meta":{"footnotes":""},"categories":[1587],"tags":[11,672,1804,1805,1803,1777,674,1801,12,1802],"class_list":{"0":"post-195812","1":"post","2":"type-post","3":"status-publish","4":"format-standard","5":"has-post-thumbnail","7":"category-allemagne","8":"tag-actualites","9":"tag-allemagne","10":"tag-bundesrepublik-deutschland","11":"tag-de","12":"tag-deutschland","13":"tag-eu","14":"tag-europe","15":"tag-germany","16":"tag-news","17":"tag-republique-federale-dallemagne"},"share_on_mastodon":{"url":"https:\/\/pubeurope.com\/@fr\/114726977208304271","error":""},"_links":{"self":[{"href":"https:\/\/www.europesays.com\/fr\/wp-json\/wp\/v2\/posts\/195812","targetHints":{"allow":["GET"]}}],"collection":[{"href":"https:\/\/www.europesays.com\/fr\/wp-json\/wp\/v2\/posts"}],"about":[{"href":"https:\/\/www.europesays.com\/fr\/wp-json\/wp\/v2\/types\/post"}],"author":[{"embeddable":true,"href":"https:\/\/www.europesays.com\/fr\/wp-json\/wp\/v2\/users\/2"}],"replies":[{"embeddable":true,"href":"https:\/\/www.europesays.com\/fr\/wp-json\/wp\/v2\/comments?post=195812"}],"version-history":[{"count":0,"href":"https:\/\/www.europesays.com\/fr\/wp-json\/wp\/v2\/posts\/195812\/revisions"}],"wp:featuredmedia":[{"embeddable":true,"href":"https:\/\/www.europesays.com\/fr\/wp-json\/wp\/v2\/media\/15678"}],"wp:attachment":[{"href":"https:\/\/www.europesays.com\/fr\/wp-json\/wp\/v2\/media?parent=195812"}],"wp:term":[{"taxonomy":"category","embeddable":true,"href":"https:\/\/www.europesays.com\/fr\/wp-json\/wp\/v2\/categories?post=195812"},{"taxonomy":"post_tag","embeddable":true,"href":"https:\/\/www.europesays.com\/fr\/wp-json\/wp\/v2\/tags?post=195812"}],"curies":[{"name":"wp","href":"https:\/\/api.w.org\/{rel}","templated":true}]}}