{"id":195813,"date":"2025-06-22T12:18:13","date_gmt":"2025-06-22T12:18:13","guid":{"rendered":"https:\/\/www.europesays.com\/fr\/195813\/"},"modified":"2025-06-22T12:18:13","modified_gmt":"2025-06-22T12:18:13","slug":"algerie-huasse-des-exportations-de-gaz-vers-leurope","status":"publish","type":"post","link":"https:\/\/www.europesays.com\/fr\/195813\/","title":{"rendered":"Alg\u00e9rie : huasse des exportations de gaz vers l&rsquo;Europe"},"content":{"rendered":"<p>Les cartes sont en train d\u2019\u00eatre rabattues dans le jeu \u00e9nerg\u00e9tique europ\u00e9en. Le mois de mai 2025 a confirm\u00e9 une tendance qui ne cesse de se dessiner depuis plusieurs mois. L\u2019Union europ\u00e9enne importe de moins en moins de gaz naturel par pipelines. En toile de fond, des<strong><a href=\"https:\/\/www.algerie360.com\/fermeture-du-detroit-dormuz-le-petrole-va-t-il-flamber-a-200-le-baril\/\" rel=\"nofollow noopener\" target=\"_blank\"> bouleversements g\u00e9opolitiques<\/a><\/strong>, une strat\u00e9gie de<strong> d\u00e9sengagement progressif vis-\u00e0-vis de la Russie<\/strong>, et la mont\u00e9e en puissance des alternatives, dont le gaz naturel liqu\u00e9fi\u00e9 (GNL). Mais au milieu de ces flux contrari\u00e9s, un acteur discret, mais constant, continue de gagner du terrain, l\u2019Alg\u00e9rie.<\/p>\n<p data-start=\"855\" data-end=\"1300\">L\u2019\u00e9volution du march\u00e9 europ\u00e9en du gaz r\u00e9v\u00e8le ainsi une recomposition silencieuse des \u00e9quilibres entre fournisseurs historiques et nouvelles priorit\u00e9s strat\u00e9giques. Si les chiffres traduisent une baisse globale des volumes, ils disent aussi les choix politiques et les nouvelles d\u00e9pendances \u00e0 venir. Et<strong> l\u2019Alg\u00e9rie, deuxi\u00e8me fournisseur de l\u2019Europe<\/strong> via pipelines depuis le d\u00e9but de l\u2019ann\u00e9e, semble bien plac\u00e9e pour capitaliser sur cette transition.<\/p>\n<p><strong data-start=\"1302\" data-end=\"1382\">Une baisse marqu\u00e9e des importations europ\u00e9ennes de gaz par gazoducs<\/strong><\/p>\n<p data-start=\"1384\" data-end=\"1666\">En mai 2025, l\u2019Union europ\u00e9enne a import\u00e9 12,1 milliards de m\u00e8tres cubes de gaz via pipelines, contre 13,6 milliards \u00e0 la m\u00eame p\u00e9riode en 2024. Soit un recul de 11 % en glissement annuel. M\u00eame sur un mois, <strong>la tendance est \u00e0 la baisse<\/strong>, avec une diminution de 1 % par rapport \u00e0 avril.<\/p>\n<p data-start=\"1668\" data-end=\"2100\">Ce repli a \u00e9t\u00e9 amorc\u00e9 en d\u00e9but d\u2019ann\u00e9e. Entre janvier et mai 2025, les importations cumul\u00e9es de gaz par canalisation atteignent 60 milliards de m\u00e8tres cubes, en <strong>recul de 10 % par rapport aux cinq premiers mois de 2024<\/strong>. Une baisse structurelle, accentu\u00e9e par la fin de l\u2019accord de transit du gaz russe via l\u2019Ukraine \u00e0 la fin de l\u2019ann\u00e9e 2024, qui privait l\u2019UE de 15 milliards de m\u00e8tres cubes annuels.<\/p>\n<p><a href=\"https:\/\/l.algerie360.com\/QRWjOq\" target=\"_blank\" title=\"LG Alg\u00e9rie\" rel=\"nofollow noopener\"><img loading=\"lazy\" decoding=\"async\" src=\"data:image\/svg+xml,%3Csvg%20xmlns=\" http:=\"\" data-src=\"https:\/\/www.europesays.com\/fr\/wp-content\/uploads\/2025\/06\/RAC-Heater-Banners_lg.jpg.webp\" class=\"img-fluid lazy\" width=\"700\" height=\"300\" style=\"width: 100%; height: auto; margin-bottom: 20px;\" alt=\"LG Alg\u00e9rie\" data-smush-webp-fallback=\"{&quot;src&quot;:&quot;https:\\\/\\\/www.algerie360.com\\\/wp-content\\\/uploads\\\/2025\\\/06\\\/RAC-Heater-Banners_lg.jpg&quot;}\"\/><\/a><\/p>\n<p data-start=\"2102\" data-end=\"2446\">Dans ce contexte, l\u2019approvisionnement norv\u00e9gien, jusqu\u2019ici pilier de la s\u00e9curit\u00e9 \u00e9nerg\u00e9tique europ\u00e9enne, a recul\u00e9 en mai. Malgr\u00e9 quelques hausses ponctuelles vers l\u2019Allemagne (+2 %), la Pologne (+6 %), l\u2019Irlande (+2 %) et la Belgique (+1 %). \u00c0 l\u2019inverse, l<strong>a France (-16 %) et les Pays-Bas (-12 %)<\/strong> ont re\u00e7u nettement moins de volumes norv\u00e9giens.<\/p>\n<p><strong data-start=\"2448\" data-end=\"2539\">L\u2019Alg\u00e9rie, deuxi\u00e8me fournisseur de gaz par pipeline et partenaire \u00e9nerg\u00e9tique strat\u00e9gique<\/strong><\/p>\n<p data-start=\"2541\" data-end=\"2874\">Derri\u00e8re la Norv\u00e8ge, l\u2019Alg\u00e9rie confirme sa place de deuxi\u00e8me exportateur de gaz vers l\u2019Union europ\u00e9enne par canalisation depuis le d\u00e9but de l\u2019ann\u00e9e 2025. Entre janvier et mai, elle a accru ses livraisons vers deux de ses principaux clients europ\u00e9ens. <strong>+4 % vers l\u2019Espagne et +2 % vers l\u2019Italie<\/strong>, par rapport \u00e0 la m\u00eame p\u00e9riode en 2024.<\/p>\n<p data-start=\"2541\" data-end=\"2874\"><strong>\ud83d\udfe2 \u00c0 LIRE AUSSI :\u00a0<a title=\"Le g\u00e9ant QatarEnergy rejoint Sonatrach et Total sur le m\u00e9ga-projet p\u00e9trolier Ahara\" href=\"https:\/\/www.algerie360.com\/le-geant-qatarenergy-rejoint-sonatrach-et-total-sur-le-mega-projet-petrolier-ahara\/\" rel=\"nofollow noopener\" target=\"_blank\">Le g\u00e9ant QatarEnergy rejoint Sonatrach et Total sur le m\u00e9ga-projet p\u00e9trolier Ahara<\/a><\/strong><\/p>\n<p data-start=\"2876\" data-end=\"3229\">En mai, l\u2019Alg\u00e9rie est devenue le deuxi\u00e8me fournisseur de gaz \u00e0 l\u2019Espagne, juste derri\u00e8re les \u00c9tats-Unis. Une bascule notable, bien qu\u2019elle ait marqu\u00e9 une pause dans ses exportations de GNL vers ce pays pour le troisi\u00e8me mois cons\u00e9cutif. Le canal des pipelines, notamment via Medgaz, reste donc l\u2019axe central de la relation \u00e9nerg\u00e9tique alg\u00e9ro-europ\u00e9enne.<\/p>\n<p data-start=\"3231\" data-end=\"3521\">Selon la plateforme <strong><a href=\"https:\/\/attaqa.net\/2025\/06\/20\/%d9%88%d8%a7%d8%b1%d8%af%d8%a7%d8%aa-%d8%a7%d9%84%d8%a7%d8%aa%d8%ad%d8%a7%d8%af-%d8%a7%d9%84%d8%a3%d9%88%d8%b1%d9%88%d8%a8%d9%8a-%d9%85%d9%86-%d8%a7%d9%84%d8%ba%d8%a7%d8%b2-%d8%b9%d8%a8%d8%b1-%d8%a7-7\/?fbclid=IwY2xjawLCqkxleHRuA2FlbQIxMQABHnUeoQ24C6rN8p6Jm60b2b4alfOKenYq1zjTi7K9z4wI-1DWa6JPH_mO6Y3__aem_FWhmXjud26RTb2Zdr0lN9g\" rel=\"nofollow noopener\" target=\"_blank\">Attaqa,<\/a><\/strong> ce regain alg\u00e9rien intervient dans un contexte o\u00f9<strong><a href=\"https:\/\/www.algerie360.com\/lalliance-saffine-entre-l-algerie-et-la-russie-2-nouveaux-accords-signes\/\" rel=\"nofollow noopener\" target=\"_blank\"> la Russie<\/a><\/strong>, longtemps omnipr\u00e9sente, a vu ses volumes compress\u00e9s par la guerre en Ukraine et les sanctions europ\u00e9ennes. L\u2019Alg\u00e9rie, en tant qu\u2019acteur stable et historiquement li\u00e9 \u00e0 l\u2019Europe, tire ainsi profit d\u2019un march\u00e9 en qu\u00eate de fiabilit\u00e9.<\/p>\n<p><strong data-start=\"3523\" data-end=\"3614\">\u00c9nergies renouvelables : la nouvelle donne \u00e9nerg\u00e9tique europ\u00e9enne<\/strong><\/p>\n<p data-start=\"3616\" data-end=\"4019\">Face \u00e0 la chute des flux gaziers russes, l\u2019Europe s\u2019est tourn\u00e9e vers le gaz naturel liqu\u00e9fi\u00e9. Au cours des cinq premiers mois de 2025,<strong> les importations europ\u00e9ennes de GNL ont bondi de 23 %,<\/strong> atteignant 57,9 millions de tonnes. Soit environ 79 milliards de m\u00e8tres cubes. Un renversement qui red\u00e9finit les priorit\u00e9s logistiques et les partenariats internationaux, notamment avec les \u00c9tats-Unis et le Qatar.<\/p>\n<p data-start=\"3616\" data-end=\"4019\"><strong>\ud83d\udfe2 \u00c0 LIRE AUSSI :\u00a0<a href=\"https:\/\/www.algerie360.com\/lalgerie-face-a-son-dilemme-energetique-35-de-demande-en-petrole-attendus-dici-2030\/\" rel=\"nofollow noopener\" target=\"_blank\">L\u2019Alg\u00e9rie face \u00e0 son dilemme \u00e9nerg\u00e9tique : +35 % de demande en p\u00e9trole attendus d\u2019ici 2030<\/a><\/strong><\/p>\n<p data-start=\"4021\" data-end=\"4256\">Parall\u00e8lement, la Commission europ\u00e9enne pousse pour un arr\u00eat total des importations de gaz russe. Sous forme gazeuse ou liqu\u00e9fi\u00e9e, d\u2019ici fin 2027. Un projet qui reste suspendu \u00e0 l\u2019approbation du Parlement europ\u00e9en et des \u00c9tats membres.<\/p>\n<p data-start=\"4258\" data-end=\"4641\">Sur le moyen terme, les perspectives sont claires.<strong> L\u2019UE pr\u00e9voit de r\u00e9duire ses importations de gaz de 25 % d\u2019ici 2030<\/strong>. \u00c0 mesure que le d\u00e9ploiement des \u00e9nergies renouvelables s\u2019intensifie et que les politiques d\u2019efficacit\u00e9 \u00e9nerg\u00e9tique produisent leurs effets. En 2024, l\u2019Union avait import\u00e9 environ 275 milliards de m\u00e8tres cubes, contre une demande attendue de 233 milliards en 2030.<\/p>\n","protected":false},"excerpt":{"rendered":"Les cartes sont en train d\u2019\u00eatre rabattues dans le jeu \u00e9nerg\u00e9tique europ\u00e9en. Le mois de mai 2025 a&hellip;\n","protected":false},"author":2,"featured_media":195814,"comment_status":"","ping_status":"","sticky":false,"template":"","format":"standard","meta":{"footnotes":""},"categories":[1586],"tags":[328,11,1777,674,1011,27,12,25],"class_list":{"0":"post-195813","1":"post","2":"type-post","3":"status-publish","4":"format-standard","5":"has-post-thumbnail","7":"category-europe","8":"tag-a-la-une","9":"tag-actualites","10":"tag-eu","11":"tag-europe","12":"tag-fr","13":"tag-france","14":"tag-news","15":"tag-republique-francaise"},"share_on_mastodon":{"url":"https:\/\/pubeurope.com\/@fr\/114726981077128603","error":""},"_links":{"self":[{"href":"https:\/\/www.europesays.com\/fr\/wp-json\/wp\/v2\/posts\/195813","targetHints":{"allow":["GET"]}}],"collection":[{"href":"https:\/\/www.europesays.com\/fr\/wp-json\/wp\/v2\/posts"}],"about":[{"href":"https:\/\/www.europesays.com\/fr\/wp-json\/wp\/v2\/types\/post"}],"author":[{"embeddable":true,"href":"https:\/\/www.europesays.com\/fr\/wp-json\/wp\/v2\/users\/2"}],"replies":[{"embeddable":true,"href":"https:\/\/www.europesays.com\/fr\/wp-json\/wp\/v2\/comments?post=195813"}],"version-history":[{"count":0,"href":"https:\/\/www.europesays.com\/fr\/wp-json\/wp\/v2\/posts\/195813\/revisions"}],"wp:featuredmedia":[{"embeddable":true,"href":"https:\/\/www.europesays.com\/fr\/wp-json\/wp\/v2\/media\/195814"}],"wp:attachment":[{"href":"https:\/\/www.europesays.com\/fr\/wp-json\/wp\/v2\/media?parent=195813"}],"wp:term":[{"taxonomy":"category","embeddable":true,"href":"https:\/\/www.europesays.com\/fr\/wp-json\/wp\/v2\/categories?post=195813"},{"taxonomy":"post_tag","embeddable":true,"href":"https:\/\/www.europesays.com\/fr\/wp-json\/wp\/v2\/tags?post=195813"}],"curies":[{"name":"wp","href":"https:\/\/api.w.org\/{rel}","templated":true}]}}