{"id":195817,"date":"2025-06-22T12:20:09","date_gmt":"2025-06-22T12:20:09","guid":{"rendered":"https:\/\/www.europesays.com\/fr\/195817\/"},"modified":"2025-06-22T12:20:09","modified_gmt":"2025-06-22T12:20:09","slug":"le-bilan-de-la-fete-de-la-musique-a-caen","status":"publish","type":"post","link":"https:\/\/www.europesays.com\/fr\/195817\/","title":{"rendered":"le bilan de la F\u00eate de la musique \u00e0 Caen"},"content":{"rendered":"<p>            Par<br \/>\n        <strong><br \/>\n            <a href=\"https:\/\/actu.fr\/auteur\/arnaud-heroult\" title=\"Consulter tous les articles de Arnaud H\u00e9roult\" target=\"_blank\" rel=\"noopener\">Arnaud H\u00e9roult<\/a><br \/>\n        <\/strong><\/p>\n<p>        Publi\u00e9 le<\/p>\n<p>            22 juin 2025 \u00e0 12h07        <\/p>\n<p>Comme partout en France, <a href=\"https:\/\/actu.fr\/normandie\/caen_14118\/ou-celebrer-la-fete-de-la-musique-dans-le-centre-ville-de-caen-ce-samedi-21-juin_62784691.html\" target=\"_blank\" rel=\"noopener\">la F\u00eate de la musique<\/a> a d\u00e9ferl\u00e9 sur la ville de Caen (Calvados). Pour g\u00e9rer la s\u00e9curit\u00e9 publique, un dispositif de 40 policiers \u00e9tait mobilis\u00e9 dans les rues.<\/p>\n<p>\u00ab\u2009Beaucoup d\u2019alcool\u2009\u00bb<\/p>\n<p class=\" wall-content\">\u00ab\u2009Cela s\u2019est pass\u00e9 plut\u00f4t bien avec la foule et la chaleur\u2009\u00bb, commente la police nationale qui rel\u00e8ve \u00ab\u2009beaucoup d\u2019alcool, beaucoup d\u2019ivresse\u2009\u00bb, avec des interventions prises en charge par les pompiers.<\/p>\n<p>Deux gardes \u00e0 vue pour agressions sexuelles<\/p>\n<p class=\" wall-content\">Les forces de l\u2019ordre sont n\u00e9anmoins intervenues pour deux agressions sexuelles sur des jeunes filles apr\u00e8s que des hommes se sont frott\u00e9s \u00e0 elles dans la foule avec \u00ab\u2009des gestes d\u00e9plac\u00e9s.\u2009\u00bb Deux hommes ont \u00e9t\u00e9 arr\u00eat\u00e9s et plac\u00e9s en garde \u00e0 vue.<\/p>\n<p>Des piq\u00fbres signal\u00e9es<\/p>\n<p class=\" wall-content\">D\u2019autres jeunes filles se sont aussi plaintes de piq\u00fbres susceptibles de contenir de la drogue. Les policiers les ont invit\u00e9s \u00e0 consulter en cas de malaise et \u00e0 porter plainte.<\/p>\n<p>Interpellations pour rixe<\/p>\n<p class=\" wall-content\">Autre intervention de la police, nationale et municipale, celle \u00e0 la suite d\u2019une rixe lors de laquelle deux hommes ont \u00e9t\u00e9 interpell\u00e9s.<\/p>\n<p>Vid\u00e9os : en ce moment sur Actu<\/p>\n<p class=\" wall-content\">Suivez toute l\u2019actualit\u00e9 de vos villes et m\u00e9dias favoris en vous inscrivant \u00e0 <a href=\"https:\/\/moncompte.actu.fr\" title=\"D\u00e9couvez Mon Actu\" rel=\"nofollow noopener\" data-trk=\"{&quot;cta&quot;:{&quot;action&quot;:&quot;https:\\\/\\\/moncompte.actu.fr&quot;,&quot;category&quot;:&quot;mon compte&quot;,&quot;from&quot;:&quot;article footer&quot;,&quot;name&quot;:&quot;Mon actu&quot;,&quot;type&quot;:&quot;cta&quot;}}\" target=\"_blank\">Mon Actu<\/a>.<\/p>\n","protected":false},"excerpt":{"rendered":"Par Arnaud H\u00e9roult Publi\u00e9 le 22 juin 2025 \u00e0 12h07 Comme partout en France, la F\u00eate de la&hellip;\n","protected":false},"author":2,"featured_media":195818,"comment_status":"","ping_status":"","sticky":false,"template":"","format":"standard","meta":{"footnotes":""},"categories":[2],"tags":[11,5492,118,25885,1011,27,12,1072,25],"class_list":{"0":"post-195817","1":"post","2":"type-post","3":"status-publish","4":"format-standard","5":"has-post-thumbnail","7":"category-actualites","8":"tag-actualites","9":"tag-caen","10":"tag-faits-divers","11":"tag-fete-de-la-musique","12":"tag-fr","13":"tag-france","14":"tag-news","15":"tag-police","16":"tag-republique-francaise"},"share_on_mastodon":{"url":"https:\/\/pubeurope.com\/@fr\/114726988962613390","error":""},"_links":{"self":[{"href":"https:\/\/www.europesays.com\/fr\/wp-json\/wp\/v2\/posts\/195817","targetHints":{"allow":["GET"]}}],"collection":[{"href":"https:\/\/www.europesays.com\/fr\/wp-json\/wp\/v2\/posts"}],"about":[{"href":"https:\/\/www.europesays.com\/fr\/wp-json\/wp\/v2\/types\/post"}],"author":[{"embeddable":true,"href":"https:\/\/www.europesays.com\/fr\/wp-json\/wp\/v2\/users\/2"}],"replies":[{"embeddable":true,"href":"https:\/\/www.europesays.com\/fr\/wp-json\/wp\/v2\/comments?post=195817"}],"version-history":[{"count":0,"href":"https:\/\/www.europesays.com\/fr\/wp-json\/wp\/v2\/posts\/195817\/revisions"}],"wp:featuredmedia":[{"embeddable":true,"href":"https:\/\/www.europesays.com\/fr\/wp-json\/wp\/v2\/media\/195818"}],"wp:attachment":[{"href":"https:\/\/www.europesays.com\/fr\/wp-json\/wp\/v2\/media?parent=195817"}],"wp:term":[{"taxonomy":"category","embeddable":true,"href":"https:\/\/www.europesays.com\/fr\/wp-json\/wp\/v2\/categories?post=195817"},{"taxonomy":"post_tag","embeddable":true,"href":"https:\/\/www.europesays.com\/fr\/wp-json\/wp\/v2\/tags?post=195817"}],"curies":[{"name":"wp","href":"https:\/\/api.w.org\/{rel}","templated":true}]}}