{"id":195821,"date":"2025-06-22T12:22:12","date_gmt":"2025-06-22T12:22:12","guid":{"rendered":"https:\/\/www.europesays.com\/fr\/195821\/"},"modified":"2025-06-22T12:22:12","modified_gmt":"2025-06-22T12:22:12","slug":"peyo-le-premier-chien-militaire-de-france-guide-par-drone-est-installe-a-la-base-aerienne-115-dorange","status":"publish","type":"post","link":"https:\/\/www.europesays.com\/fr\/195821\/","title":{"rendered":"Peyo, le premier chien militaire de France guid\u00e9 par drone est install\u00e9 \u00e0 la base a\u00e9rienne 115 d&rsquo;Orange"},"content":{"rendered":"<p>\u00ab\u00a0Drone !\u00a0\u00bb Lorsque son ma\u00eetre lui donne le top d\u00e9part, Peyo d\u00e9tale avec tout son attirail, les yeux riv\u00e9s sur son ma\u00eetre dans les airs. Car oui, le Malinois de plus de 7 ans, m\u00e9daill\u00e9 en avril \u00e0 Paris lors de la cinqui\u00e8me \u00e9dition des <a href=\"https:\/\/www.facebook.com\/SocieteCentraleCanine\/posts\/troph%C3%A9es-des-chiens-h%C3%A9ros-ouverture-des-candidatures-pour-la-5e-%C3%A9dition-mettre-e\/609761461376634\/\" target=\"_blank\" rel=\"noopener\">Troph\u00e9es des chiens h\u00e9ros<\/a>, l&rsquo;a d\u00e9sormais bien compris : m\u00eame si son bin\u00f4me, le sergent-chef Dorian, est loin derri\u00e8re lui sur terre, il sait que c&rsquo;est bel et bien lui qui est devant dans les airs et qui le guide \u00e0 l&rsquo;aide d&rsquo;un drone. Et cette particularit\u00e9, l&rsquo;alliance du flair sans faille de l&rsquo;animal avec la technologie de pointe, a fait de Peyo le premier chien militaire form\u00e9 au guidage par drone, en France.<\/p>\n<p>Sur un terrain de Caderousse, l&rsquo;animal encha\u00eene les virages et suit le petit engin volant \u00e9voluant \u00e0 environ deux m\u00e8tres du sol, pas plus. Si Peyo est capable de suivre un guidage \u00e0 plus de 300 m\u00e8tres de son ma\u00eetre, qui pilote le drone, les distances \u00e9taient moindres lors de notre reportage. Malgr\u00e9 une petite distraction caus\u00e9e par le passage d&rsquo;un lapin ce jour-l\u00e0, l&rsquo;entra\u00eenement est r\u00e9ussi \u00e0 la perfection pour le chien ! Il a bien marqu\u00e9 les arr\u00eats quand le drone volait en stationnaire.<\/p>\n","protected":false},"excerpt":{"rendered":"\u00ab\u00a0Drone !\u00a0\u00bb Lorsque son ma\u00eetre lui donne le top d\u00e9part, Peyo d\u00e9tale avec tout son attirail, les yeux&hellip;\n","protected":false},"author":2,"featured_media":195822,"comment_status":"","ping_status":"","sticky":false,"template":"","format":"standard","meta":{"footnotes":""},"categories":[4],"tags":[17,11,4850,1011,27,4463,3579,12,5912,33472,7910,25,104],"class_list":{"0":"post-195821","1":"post","2":"type-post","3":"status-publish","4":"format-standard","5":"has-post-thumbnail","7":"category-france","8":"tag-17","9":"tag-actualites","10":"tag-chien","11":"tag-fr","12":"tag-france","13":"tag-guide","14":"tag-militaire","15":"tag-news","16":"tag-par","17":"tag-peyo","18":"tag-premier","19":"tag-republique-francaise","20":"tag-societe"},"share_on_mastodon":{"url":"https:\/\/pubeurope.com\/@fr\/114726996815338832","error":""},"_links":{"self":[{"href":"https:\/\/www.europesays.com\/fr\/wp-json\/wp\/v2\/posts\/195821","targetHints":{"allow":["GET"]}}],"collection":[{"href":"https:\/\/www.europesays.com\/fr\/wp-json\/wp\/v2\/posts"}],"about":[{"href":"https:\/\/www.europesays.com\/fr\/wp-json\/wp\/v2\/types\/post"}],"author":[{"embeddable":true,"href":"https:\/\/www.europesays.com\/fr\/wp-json\/wp\/v2\/users\/2"}],"replies":[{"embeddable":true,"href":"https:\/\/www.europesays.com\/fr\/wp-json\/wp\/v2\/comments?post=195821"}],"version-history":[{"count":0,"href":"https:\/\/www.europesays.com\/fr\/wp-json\/wp\/v2\/posts\/195821\/revisions"}],"wp:featuredmedia":[{"embeddable":true,"href":"https:\/\/www.europesays.com\/fr\/wp-json\/wp\/v2\/media\/195822"}],"wp:attachment":[{"href":"https:\/\/www.europesays.com\/fr\/wp-json\/wp\/v2\/media?parent=195821"}],"wp:term":[{"taxonomy":"category","embeddable":true,"href":"https:\/\/www.europesays.com\/fr\/wp-json\/wp\/v2\/categories?post=195821"},{"taxonomy":"post_tag","embeddable":true,"href":"https:\/\/www.europesays.com\/fr\/wp-json\/wp\/v2\/tags?post=195821"}],"curies":[{"name":"wp","href":"https:\/\/api.w.org\/{rel}","templated":true}]}}