{"id":195834,"date":"2025-06-22T12:31:16","date_gmt":"2025-06-22T12:31:16","guid":{"rendered":"https:\/\/www.europesays.com\/fr\/195834\/"},"modified":"2025-06-22T12:31:16","modified_gmt":"2025-06-22T12:31:16","slug":"une-seance-au-complet-pour-le-psg-a-deux-jours-de-seattle","status":"publish","type":"post","link":"https:\/\/www.europesays.com\/fr\/195834\/","title":{"rendered":"Une s\u00e9ance au complet pour le PSG \u00e0 deux jours de Seattle &#8211;"},"content":{"rendered":"<p><img width=\"700\" height=\"350\" src=\"https:\/\/www.europesays.com\/fr\/wp-content\/uploads\/2025\/06\/PSG-entrainement-1.jpg\" class=\"attachment-jannah-image-post size-jannah-image-post wp-post-image\" alt=\"Psg entrainement\" is_main_img=\"1\" decoding=\"async\" fetchpriority=\"high\"  \/><br \/>\n Image :<br \/>\npsg.fr<\/p>\n<p>Demain soir (21 heures, DAZN), le PSG affronte Seattle pour<br \/>\nle compte de la troisi\u00e8me journ\u00e9e de la phase de poules de la Coupe<br \/>\ndu monde des clubs. Luis Enrique a pu compter sur un groupe au<br \/>\ncomplet deux jours avant cette rencontre.<\/p>\n<p>Apr\u00e8s dix jours en <strong>Californie<\/strong>, le<br \/>\n<strong>PSG<\/strong> va s\u2019entra\u00eener une derni\u00e8re fois ce dimanche<br \/>\n(11h30 heure locale, 20h30 en France) sur de l\u2019universit\u00e9 de<br \/>\n<strong>Californie<\/strong> \u00e0 <strong>Irvine<\/strong> avant de<br \/>\nprendre la direction de <strong>Seattle<\/strong>, l\u00e0 o\u00f9 le club de<br \/>\nla capitale va affronter les <strong>Sounders<\/strong> pour le<br \/>\ncompte de la troisi\u00e8me et derni\u00e8re journ\u00e9e de la phase de poules de<br \/>\nla <strong><a href=\"https:\/\/canal-supporters.com\/comment-le-psg-a-vecu-la-defaite-contre-botafogo\/\" title=\"\" rel=\"nofollow noopener\" target=\"_blank\">Coupe du monde des clubs<\/a><\/strong>. Deuxi\u00e8me de son<br \/>\ngroupe, le club de la capitale devra s\u2019imposer contre les<br \/>\nAm\u00e9ricains pour valider son billet pour les huiti\u00e8mes de finale de<br \/>\nla comp\u00e9tition.<\/p>\n<p>A voir aussi : <a href=\"https:\/\/canal-supporters.com\/psg-house-ventes-de-maillots-la-popularite-grandissante-du-psg-en-californie\/\" title=\"\" rel=\"nofollow noopener\" target=\"_blank\">PSG House, ventes de maillots\u2026 la popularit\u00e9 grandissante<br \/>\ndu PSG en Californie<\/a><\/p>\n<p><a href=\"https:\/\/x.com\/CanalSupporters\" target=\"_blank\" rel=\"noopener nofollow\" title=\"\">canalsupporters.com<\/a><\/p>\n<p>Hakimi de retour<br \/>\n\u00e0 l\u2019entra\u00eenement collectif<\/p>\n<p>Hier, les joueurs du <strong>PSG<\/strong> se sont une nouvelle<br \/>\nfois entra\u00een\u00e9s. Comme depuis quelques jours,\u00a0<strong><a href=\"https:\/\/canal-supporters.com\/ousmane-dembele-de-retour-a-lentrainent-collectif\/\" rel=\"nofollow noopener\" target=\"_blank\">Ousmane<br \/>\nDemb\u00e9l\u00e9<\/a><\/strong>\u00a0\u00e9tait bien pr\u00e9sent \u00e0 l\u2019entra\u00eenement<br \/>\ncollectif, comme le rapporte <a href=\"https:\/\/www.lequipe.fr\/Football\/Actualites\/Derniere-seance-pour-les-joueurs-du-psg-sur-les-terrains-de-l-universite-d-irvine-avant-leur-depart-pour-seattle\/1572036\" target=\"_blank\" rel=\"noopener nofollow\" title=\"\">L\u2019Equipe<\/a>.<br \/>\nCependant, le staff ne prendra aucun risque avec son meilleur<br \/>\nbuteur. L\u2019opposition face \u00e0 <strong>Seattle Sounders<\/strong><br \/>\npourrait offrir les conditions \u00e0 quelques minutes de jeu, avance le<br \/>\nquotidien sportif. Pas pr\u00e9sent \u00e0 l\u2019entra\u00eenement collectif vendredi,<br \/>\nse contentant de travailler en salle, <strong>Achraf<br \/>\nHakimi<\/strong> \u00e9tait bien de retour \u00e0 l\u2019entra\u00eenement collectif<br \/>\nhier, conclut L\u2019Equipe.\u00a0<\/p><\/p>\n","protected":false},"excerpt":{"rendered":"Image : psg.fr Demain soir (21 heures, DAZN), le PSG affronte Seattle pour le compte de la troisi\u00e8me&hellip;\n","protected":false},"author":2,"featured_media":174251,"comment_status":"","ping_status":"","sticky":false,"template":"","format":"standard","meta":{"footnotes":""},"categories":[1410],"tags":[14568,81,7151,787,12732,33473,63,1011,27,17476,33474,2782,626,91,92,93,33475,33476,33113,33477,33114,33478,60,96,33479],"class_list":{"0":"post-195834","1":"post","2":"type-post","3":"status-publish","4":"format-standard","5":"has-post-thumbnail","7":"category-football","8":"tag-achraf-hakimi","9":"tag-canal-supporters","10":"tag-coupe-du-monde-des-clubs","11":"tag-cs","12":"tag-dembele","13":"tag-entrainement-au-complet","14":"tag-football","15":"tag-fr","16":"tag-france","17":"tag-hakimi","18":"tag-irvine","19":"tag-ousmane-dembele","20":"tag-paris","21":"tag-paris-saint-germain","22":"tag-paris-sg","23":"tag-psg","24":"tag-sea-psg","25":"tag-seapsg","26":"tag-seattle","27":"tag-seattle-psg","28":"tag-seattle-sounders","29":"tag-seattle-sounders-psg","30":"tag-sports","31":"tag-une","32":"tag-universite-de-californie"},"share_on_mastodon":{"url":"https:\/\/pubeurope.com\/@fr\/114727032244070962","error":""},"_links":{"self":[{"href":"https:\/\/www.europesays.com\/fr\/wp-json\/wp\/v2\/posts\/195834","targetHints":{"allow":["GET"]}}],"collection":[{"href":"https:\/\/www.europesays.com\/fr\/wp-json\/wp\/v2\/posts"}],"about":[{"href":"https:\/\/www.europesays.com\/fr\/wp-json\/wp\/v2\/types\/post"}],"author":[{"embeddable":true,"href":"https:\/\/www.europesays.com\/fr\/wp-json\/wp\/v2\/users\/2"}],"replies":[{"embeddable":true,"href":"https:\/\/www.europesays.com\/fr\/wp-json\/wp\/v2\/comments?post=195834"}],"version-history":[{"count":0,"href":"https:\/\/www.europesays.com\/fr\/wp-json\/wp\/v2\/posts\/195834\/revisions"}],"wp:featuredmedia":[{"embeddable":true,"href":"https:\/\/www.europesays.com\/fr\/wp-json\/wp\/v2\/media\/174251"}],"wp:attachment":[{"href":"https:\/\/www.europesays.com\/fr\/wp-json\/wp\/v2\/media?parent=195834"}],"wp:term":[{"taxonomy":"category","embeddable":true,"href":"https:\/\/www.europesays.com\/fr\/wp-json\/wp\/v2\/categories?post=195834"},{"taxonomy":"post_tag","embeddable":true,"href":"https:\/\/www.europesays.com\/fr\/wp-json\/wp\/v2\/tags?post=195834"}],"curies":[{"name":"wp","href":"https:\/\/api.w.org\/{rel}","templated":true}]}}