{"id":195835,"date":"2025-06-22T12:32:13","date_gmt":"2025-06-22T12:32:13","guid":{"rendered":"https:\/\/www.europesays.com\/fr\/195835\/"},"modified":"2025-06-22T12:32:13","modified_gmt":"2025-06-22T12:32:13","slug":"victime-dune-maladie-devastatrice-marie-sophie-lacarrau-alerte-les-francais","status":"publish","type":"post","link":"https:\/\/www.europesays.com\/fr\/195835\/","title":{"rendered":"Victime d&rsquo;une maladie \u00ab\u00a0d\u00e9vastatrice\u00a0\u00bb, Marie-Sophie Lacarrau alerte les Fran\u00e7ais"},"content":{"rendered":"<p>                                        <img width=\"658\" height=\"329\" src=\"https:\/\/www.europesays.com\/fr\/wp-content\/uploads\/2025\/06\/Victime-dune-maladie-22devastatrice22-Marie-Sophie-Lacarrau-alerte-les-Francais-658x329.jpg\" class=\"attachment-single-desktop size-single-desktop wp-post-image\" alt=\"Victime d'une maladie &quot;d\u00e9vastatrice&quot;, Marie-Sophie Lacarrau alerte les Fran\u00e7ais\" fetchpriority=\"high\" loading=\"eager\" decoding=\"sync\"  \/>                                    <\/p>\n<p>                            Marie-Sophie Lacarrau a lanc\u00e9 l&rsquo;alerte aupr\u00e8s des Fran\u00e7ais \u00e0 propos de cette maladie \u00ab\u00a0d\u00e9vastatrice\u00a0\u00bb dont elle a \u00e9t\u00e9 victime !<\/p>\n<p>Marie-Sophie Lacarrau, <a href=\"https:\/\/www.tuxboard.com\/marie-sophie-lacarrau-ne-veut-plus-jamais-repondre-a-cette-question-08072024\/\" target=\"_blank\" rel=\"noopener\">la pr\u00e9sentatrice embl\u00e9matique<\/a> du journal de 13 heures sur TF1 depuis janvier 2021, est aujourd\u2019hui bien connue du grand public. Pourtant, dans son parcours, elle a fait face \u00e0 une <strong>\u00e9preuve difficile qui l\u2019a oblig\u00e9e \u00e0 s\u2019\u00e9loigner des \u00e9crans<\/strong> pendant plusieurs mois.<\/p>\n<p>Marie-Sophie Lacarrau victime d\u2019une grave maladie<\/p>\n<p>En d\u00e9but d\u2019ann\u00e9e 2022, quelques mois seulement apr\u00e8s son arriv\u00e9e sur la premi\u00e8re cha\u00eene, Marie-Sophie Lacarrau a d\u00fb s\u2019absenter pendant cinq mois pour cause d\u2019un probl\u00e8me de sant\u00e9 vraiment tr\u00e8s s\u00e9rieux.<\/p>\n<p>Dans une interview accord\u00e9e au Parisien en mai 2022, elle a lev\u00e9 le voile sur cette<strong> absence myst\u00e9rieuse qui avait inqui\u00e9t\u00e9 ses fans<\/strong>. Marie-Sophie Lacarrau a expliqu\u00e9 qu\u2019elle avait souffert d\u2019une <a href=\"https:\/\/www.tuxboard.com\/marie-sophie-lacarrau-sans-tabou-sur-son-salaire-sur-tf1-21062024\/\" target=\"_blank\" rel=\"noopener\">infection rare<\/a> et grave de l\u2019\u0153il droit, appel\u00e9e k\u00e9ratite amibienne.<\/p>\n<p>Cette maladie affecte la corn\u00e9e et est caus\u00e9e par des amibes, de petits parasites pr\u00e9sents dans l\u2019eau du robinet. Bien que tr\u00e8s peu fr\u00e9quente, avec moins de 100 cas recens\u00e9s chaque ann\u00e9e en France, cette infection peut entra\u00eener des cons\u00e9quences lourdes.<\/p>\n<p>Les victimes risquent notamment une perte partielle ou totale de la vision. La <a href=\"https:\/\/www.tuxboard.com\/marie-sophie-lacarrau-absente-a-cause-de-cette-maladie-qui-la-fait-beaucoup-souffrir-05032024\/\" target=\"_blank\" rel=\"noopener\">principale int\u00e9ress\u00e9e<\/a> a d\u2019ailleurs partag\u00e9 son exp\u00e9rience bouleversante. Elle a alors d\u00e9crit <strong>cette p\u00e9riode comme un v\u00e9ritable calvaire<\/strong>.<\/p>\n<p>L\u2019animatrice a confi\u00e9 : \u00ab\u00a0Entre No\u00ebl et le jour de l\u2019An, je n\u2019ai plus support\u00e9 la lumi\u00e8re, du jour au lendemain. J\u2019ai v\u00e9cu deux mois dans le noir\u00a0\u00bb. Cette sensibilit\u00e9 extr\u00eame \u00e0 la lumi\u00e8re l\u2019a plong\u00e9e dans une quasi-obscurit\u00e9.<\/p>\n<p>\u00ab\u00a0Quand elle arrive, elle est assez d\u00e9vastatrice\u00a0\u00bb<\/p>\n<p>Marie-Sophie Lacarrau a v\u00e9cu <a href=\"https:\/\/www.tuxboard.com\/marie-sophie-lacarrau-obligee-de-faire-ca-tous-les-jours-depuis-sa-terrible-maladie-29102023\/\" target=\"_blank\" rel=\"noopener\">une \u00e9preuve<\/a> psychologiquement et physiquement \u00e9prouvante. Apr\u00e8s plusieurs consultations et un diagnostic initial erron\u00e9 de simple infection bact\u00e9rienne, elle a finalement re\u00e7u le bon traitement \u00e0 la Fondation Rothschild \u00e0 Paris.<\/p>\n<p>Sa corn\u00e9e, cependant, a \u00e9t\u00e9 \u00ab\u00a0tr\u00e8s tr\u00e8s tr\u00e8s attaqu\u00e9e\u00a0\u00bb, ce qui explique les s\u00e9quelles qu\u2019elle porte encore. Marie-Sophie Lacarrau a surtout voulu profiter de <strong>cette \u00e9preuve pour alerter le public<\/strong>, notamment les porteurs de lentilles de contact, qui sont pr\u00e8s de 4 millions en France.<\/p>\n<p>Elle reconna\u00eet avoir commis une erreur courante en nettoyant ses lentilles avec de l\u2019eau du robinet. Elle a avou\u00e9 : \u00ab\u00a0Si je prends la parole aujourd\u2019hui, ce n\u2019est ni pour me regarder le nombril ni pour me plaindre\u00a0\u00bb.<\/p>\n<p>Avant d\u2019expliquer aussi : \u00ab\u00a0Mais pour envoyer un message \u00e0 tous les porteurs de lentilles de contact\u00a0\u00bb. Selon elle, il faut \u00e0 tout prix \u00e9viter de nettoyer ses lentilles avec de l\u2019eau du robinet. Il faut aussi <strong>\u00e9viter de se baigner ou de se doucher en les portant<\/strong>.<\/p>\n<p>Marie-Sophie Lacarrau insiste sur la gravit\u00e9 de cette maladie malgr\u00e9 sa raret\u00e9. Elle a rappel\u00e9 : \u00ab\u00a0La k\u00e9ratite amibienne existe. Oui, elle est rarissime. Mais quand elle arrive, elle est assez d\u00e9vastatrice\u00a0\u00bb.<\/p>\n<p>Ces cons\u00e9quences au quotidien<\/p>\n<p>Un an apr\u00e8s son infection, sur RTL, elle rappelait l\u2019importance de cette mise en garde. Elle a d\u00e9clar\u00e9 : \u00ab\u00a0Je me suis rendu compte que de nombreuses personnes portant des lentilles <strong>ne connaissaient pas cette infection<\/strong>\u00ab\u00a0.<\/p>\n<p>Et de pr\u00e9ciser : \u00ab\u00a0Alors je me suis dit que cela pouvait servir pour mettre en garde\u00a0\u00bb. Malgr\u00e9 cette \u00e9preuve, Marie-Sophie Lacarrau a retrouv\u00e9 peu \u00e0 peu le chemin des plateaux t\u00e9l\u00e9. Plus forte, elle doit toutefois composer avec des s\u00e9quelles, notamment une sensibilit\u00e9 accrue \u00e0 la lumi\u00e8re.<\/p>\n<p>En juin 2023, elle expliquait sur RTL ne plus ressentir de douleur \u00e0 l\u2019\u0153il. C\u2019est un progr\u00e8s important apr\u00e8s les mois de souffrance. Elle a \u00e9galement gagn\u00e9 en tol\u00e9rance face aux lumi\u00e8res vives du studio.<\/p>\n<p>Marie-Sophie Lacarrau supporte d\u00e9sormais \u00ab\u00a080 % des lumi\u00e8res en plateau\u00a0\u00bb. Alors qu\u2019au d\u00e9but elle n\u2019en supportait que \u00ab\u00a030 %\u00a0\u00bb. Certaines contraintes persistent. Marie-Sophie Lacarrau doit <strong>travailler sans prompteur sur certains lancements.<\/strong><\/p>\n<p>                                    <img loading=\"lazy\" decoding=\"async\" src=\"data:image\/svg+xml,%3Csvg%20xmlns=\" http:=\"\" itemprop=\"image\" width=\"32\" height=\"32\" alt=\"avatar\" class=\"avatar avatar-32\" data-lazy-src=\"https:\/\/www.europesays.com\/fr\/wp-content\/uploads\/2025\/04\/victoria-bernard.jpg\"\/>                                                                    <\/p>\n<p>                                    <a class=\"post-author-name\" href=\"https:\/\/www.tuxboard.com\/author\/victoriabernard2022tx\/\" title=\"Victoria Bernard\" itemprop=\"url\" target=\"_blank\" rel=\"noopener\">Victoria Bernard<\/a><\/p>\n<p itemprop=\"description\">Diplom\u00e9e d&rsquo;une grande \u00e9cole de journaliste et j&rsquo;ai aussi un dipl\u00f4me en pr\u00e9paration d&rsquo;ap\u00e9ro. J&rsquo;adore \u00e9crire et surtout pour Tuxboard, l&rsquo;\u00e9quipe est vraiment top et les sujets tr\u00e8s vari\u00e9s m\u00eame si je pr\u00e9f\u00e8re \u00e9crire sur le m\u00e9dia et aussi les tendances mode !<\/p>\n","protected":false},"excerpt":{"rendered":"Marie-Sophie Lacarrau a lanc\u00e9 l&rsquo;alerte aupr\u00e8s des Fran\u00e7ais \u00e0 propos de cette maladie \u00ab\u00a0d\u00e9vastatrice\u00a0\u00bb dont elle a \u00e9t\u00e9&hellip;\n","protected":false},"author":2,"featured_media":195836,"comment_status":"","ping_status":"","sticky":false,"template":"","format":"standard","meta":{"footnotes":""},"categories":[1359],"tags":[58,59,1011,27,19428,973],"class_list":{"0":"post-195835","1":"post","2":"type-post","3":"status-publish","4":"format-standard","5":"has-post-thumbnail","7":"category-people","8":"tag-divertissement","9":"tag-entertainment","10":"tag-fr","11":"tag-france","12":"tag-marie-sophie-lacarrau","13":"tag-people"},"share_on_mastodon":{"url":"https:\/\/pubeurope.com\/@fr\/114727036176429930","error":""},"_links":{"self":[{"href":"https:\/\/www.europesays.com\/fr\/wp-json\/wp\/v2\/posts\/195835","targetHints":{"allow":["GET"]}}],"collection":[{"href":"https:\/\/www.europesays.com\/fr\/wp-json\/wp\/v2\/posts"}],"about":[{"href":"https:\/\/www.europesays.com\/fr\/wp-json\/wp\/v2\/types\/post"}],"author":[{"embeddable":true,"href":"https:\/\/www.europesays.com\/fr\/wp-json\/wp\/v2\/users\/2"}],"replies":[{"embeddable":true,"href":"https:\/\/www.europesays.com\/fr\/wp-json\/wp\/v2\/comments?post=195835"}],"version-history":[{"count":0,"href":"https:\/\/www.europesays.com\/fr\/wp-json\/wp\/v2\/posts\/195835\/revisions"}],"wp:featuredmedia":[{"embeddable":true,"href":"https:\/\/www.europesays.com\/fr\/wp-json\/wp\/v2\/media\/195836"}],"wp:attachment":[{"href":"https:\/\/www.europesays.com\/fr\/wp-json\/wp\/v2\/media?parent=195835"}],"wp:term":[{"taxonomy":"category","embeddable":true,"href":"https:\/\/www.europesays.com\/fr\/wp-json\/wp\/v2\/categories?post=195835"},{"taxonomy":"post_tag","embeddable":true,"href":"https:\/\/www.europesays.com\/fr\/wp-json\/wp\/v2\/tags?post=195835"}],"curies":[{"name":"wp","href":"https:\/\/api.w.org\/{rel}","templated":true}]}}