{"id":195837,"date":"2025-06-22T12:33:10","date_gmt":"2025-06-22T12:33:10","guid":{"rendered":"https:\/\/www.europesays.com\/fr\/195837\/"},"modified":"2025-06-22T12:33:10","modified_gmt":"2025-06-22T12:33:10","slug":"un-tableau-de-giandomenico-tiepolo-acquis-par-le-getty","status":"publish","type":"post","link":"https:\/\/www.europesays.com\/fr\/195837\/","title":{"rendered":"Un tableau de Giandomenico Tiepolo acquis par le Getty"},"content":{"rendered":"<p>22\/6\/25 <strong>&#8211; Acquisition &#8211; Los Angeles, The J. Paul Getty Museum &#8211;<\/strong> Le Getty Museum l\u2019annon\u00e7ait d\u00e9but mai, une toile de Giandomenico Tiepolo est venue rejoindre les quatre dessins de l\u2019artiste d\u00e9j\u00e0 conserv\u00e9s dans ses collections par ailleurs riches de deux toiles et de plusieurs feuilles de son illustre p\u00e8re Giambattista. Ce portrait d\u2019un Homme barbu au turban \u00e9tait pass\u00e9 en vente chez Christie\u2019s \u00e0 New York en janvier 2024 o\u00f9 il avait \u00e9t\u00e9 adjug\u00e9 945\u00a0000 $ frais inclus (soit 823\u202f\u00a0777 euros).<\/p>\n<dl class=\"spip_document_75294 spip_documents spip_documents_center\" itemprop=\"image\" itemscope=\"\" itemtype=\"http:\/\/schema.org\/ImageObject\">\n<dt>\n\t\t<a href=\"https:\/\/www.latribunedelart.com\/IMG\/jpg\/tiepolo-getty.jpg?75294\/2ed2b5547a9ca332de2242db84b1bf9c6a8bcb13eb5f345e58cb25644c99c821\" title=\"\" type=\"image\/jpeg\" rel=\"nofollow noopener\" target=\"_blank\"><br \/>\n\t\t\t<img loading=\"lazy\" decoding=\"async\" src=\"https:\/\/www.europesays.com\/fr\/wp-content\/uploads\/2025\/06\/tiepolo-getty-81eea.jpg\" width=\"414\" height=\"500\" alt=\"\" itemprop=\"contentUrl\"\/><br \/>\n\t\t<\/a>\n\t<\/dt>\n<dd class=\"crayon document-descriptif-75294 spip_doc_descriptif\" style=\"width:350px;\" itemprop=\"description\">Giandomenico Tiepolo (1727-1804)<br class=\"autobr\"\/><br \/>\nHomme barbu au turban, vers 1758-1760<br class=\"autobr\"\/><br \/>\nHuile sur toile &#8211; 60 x 50 cm<br class=\"autobr\"\/><br \/>\nLos Angeles, The J. Paul Getty Museum<br class=\"autobr\"\/><br \/>\nPhoto\u00a0: Christie\u2019s\n<\/dd>\n<dd class=\"spip_doc_lien-galerie\">\n\t\t<a href=\"https:\/\/www.latribunedelart.com\/spip.php?page=docbig&amp;id_document=75294&amp;id_article=12685\" rel=\"nofollow noopener\" target=\"_blank\">Voir l\u00b4image dans sa page<\/a>\n\t<\/dd>\n<\/dl>\n<p>Effigie id\u00e9alis\u00e9e d\u2019un vieillard \u00e0 la longue barbe grisonnante et aux sourcils fournis en costume\u2026<\/p>\n<p>Pour avoir acc\u00e8s \u00e0 ce contenu, vous devez vous abonner \u00e0 La Tribune de l\u2019Art. Les avantages et les conditions de cet abonnement, qui vous permettra par ailleurs de soutenir La Tribune de l\u2019Art, sont d\u00e9crits sur <a href=\"https:\/\/www.latribunedelart.com\/s-abonner\" rel=\"nofollow noopener\" target=\"_blank\">la page d\u2019abonnement<\/a>.<\/p>\n","protected":false},"excerpt":{"rendered":"22\/6\/25 &#8211; Acquisition &#8211; Los Angeles, The J. Paul Getty Museum &#8211; Le Getty Museum l\u2019annon\u00e7ait d\u00e9but mai,&hellip;\n","protected":false},"author":2,"featured_media":195838,"comment_status":"","ping_status":"","sticky":false,"template":"","format":"standard","meta":{"footnotes":""},"categories":[1358],"tags":[1348,1384,1385,1386,58,59,1011,27],"class_list":{"0":"post-195837","1":"post","2":"type-post","3":"status-publish","4":"format-standard","5":"has-post-thumbnail","7":"category-arts-et-design","8":"tag-arts","9":"tag-arts-and-design","10":"tag-arts-et-design","11":"tag-design","12":"tag-divertissement","13":"tag-entertainment","14":"tag-fr","15":"tag-france"},"share_on_mastodon":{"url":"https:\/\/pubeurope.com\/@fr\/114727040036141796","error":""},"_links":{"self":[{"href":"https:\/\/www.europesays.com\/fr\/wp-json\/wp\/v2\/posts\/195837","targetHints":{"allow":["GET"]}}],"collection":[{"href":"https:\/\/www.europesays.com\/fr\/wp-json\/wp\/v2\/posts"}],"about":[{"href":"https:\/\/www.europesays.com\/fr\/wp-json\/wp\/v2\/types\/post"}],"author":[{"embeddable":true,"href":"https:\/\/www.europesays.com\/fr\/wp-json\/wp\/v2\/users\/2"}],"replies":[{"embeddable":true,"href":"https:\/\/www.europesays.com\/fr\/wp-json\/wp\/v2\/comments?post=195837"}],"version-history":[{"count":0,"href":"https:\/\/www.europesays.com\/fr\/wp-json\/wp\/v2\/posts\/195837\/revisions"}],"wp:featuredmedia":[{"embeddable":true,"href":"https:\/\/www.europesays.com\/fr\/wp-json\/wp\/v2\/media\/195838"}],"wp:attachment":[{"href":"https:\/\/www.europesays.com\/fr\/wp-json\/wp\/v2\/media?parent=195837"}],"wp:term":[{"taxonomy":"category","embeddable":true,"href":"https:\/\/www.europesays.com\/fr\/wp-json\/wp\/v2\/categories?post=195837"},{"taxonomy":"post_tag","embeddable":true,"href":"https:\/\/www.europesays.com\/fr\/wp-json\/wp\/v2\/tags?post=195837"}],"curies":[{"name":"wp","href":"https:\/\/api.w.org\/{rel}","templated":true}]}}