{"id":195839,"date":"2025-06-22T12:34:10","date_gmt":"2025-06-22T12:34:10","guid":{"rendered":"https:\/\/www.europesays.com\/fr\/195839\/"},"modified":"2025-06-22T12:34:10","modified_gmt":"2025-06-22T12:34:10","slug":"lancement-gourmand-et-litteraire-de-la-seconde-edition-de-la-fete-du-livre-a-saint-chamas","status":"publish","type":"post","link":"https:\/\/www.europesays.com\/fr\/195839\/","title":{"rendered":"lancement gourmand et litt\u00e9raire de la seconde \u00e9dition de la F\u00eate du Livre \u00e0 Saint-Chamas"},"content":{"rendered":"<p>La <a href=\"https:\/\/www.laprovence.com\/article\/region\/554849625656514\/a-saint-chamas-la-transformation-du-centre-ville-se-poursuit-avec-les-travaux-place-jean-jaures\" target=\"_blank\" rel=\"nofollow noopener\">Ville de Saint-Chamas<\/a> soutient la seconde \u00e9dition de la F\u00eate du livre, programm\u00e9e le samedi 5 juillet 2025 \u00e0 l&rsquo;Atelier 480 de 10\u00a0h \u00e0 18 h. En pr\u00e9ambule \u00e0 ce grand rendez-vous, les organisateurs &#8211; Feuilles et Th\u00e9s, sous l&rsquo;\u00e9gide de l&rsquo;association L&rsquo;\u00c9tang de vivre &#8211; ont eu l&rsquo;id\u00e9e originale de proposer au public une s\u00e9rie de <a href=\"https:\/\/www.laprovence.com\/article\/region\/7228766160568214\/festival-ecrivains-du-sud-a-aix-en-attendant-les-rencontres-avec-les-auteurs-la-redaction-a-fait-sa-selection\" target=\"_blank\" rel=\"nofollow noopener\">rencontres litt\u00e9raires<\/a> \u00e0 la m\u00e9diath\u00e8que municipale. Une mani\u00e8re conviviale et progressive d&rsquo;installer la f\u00eate dans les esprits\u2026 et dans les pages.<\/p>\n<p>C&rsquo;est <a href=\"https:\/\/www.laprovence.com\/article\/papier\/5793510\/la-saison-des-livres-passe-par-le-parc-chanot.html\" target=\"_blank\" rel=\"nofollow noopener\">Mireille Sanchez<\/a> qui a inaugur\u00e9 ce cycle, lors d&rsquo;une soir\u00e9e aussi chaleureuse que surprenante. Sp\u00e9cialiste reconnue de la cuisine m\u00e9diterran\u00e9enne, elle est venue pr\u00e9senter son dernier ouvrage Portugal, paru aux \u00c9ditions de La Martini\u00e8re. Un livre \u00e0 contre-pied de ses pr\u00e9c\u00e9dents titres monumentaux (plus de 1000 pages) : ici, un format condens\u00e9 de 160 pages, empreint d&rsquo;authenticit\u00e9.<\/p>\n<p>Le th\u00e8me de la soir\u00e9e, De la cuisine au crime , faisait \u00e9cho \u00e0 un virage inattendu : la participation de l&rsquo;autrice \u00e0 la saison 3 du Cercle des Polardeux Marseillais, avec une nouvelle humoristique et polici\u00e8re intitul\u00e9e La pizza du camion maudit. Une premi\u00e8re incursion dans l&rsquo;univers du polar, initi\u00e9e par sa rencontre avec Patrick Coulomb lors de la F\u00eate du livre 2024.<\/p>\n<p>La programmation se poursuit avec 2 rendez-vous \u00e0 ne pas manquer toujours \u00e0 la m\u00e9diath\u00e8que. Jeudi 27 juin \u00e0 18 h, V\u00e9ronique Hielard, psychoth\u00e9rapeute, donnera une conf\u00e9rence\u00a0Du divan au roman, explorant les ponts entre pratique clinique et \u00e9criture. Elle parlera aussi de son nouveau livre Partir un jour sorti le 18 juin ; vendredi 4 juillet \u00e0 17\u00a0h, <a href=\"https:\/\/www.laprovence.com\/article\/region\/16199924013435\/lecrivain-daniel-picouly-parrain-de-la-fete-du-livre-de-saint-chamas\" target=\"_blank\" rel=\"nofollow noopener\">l&rsquo;\u00e9crivain Daniel Picouly<\/a>, parlera de Mettre sa vie en \u0153uvre, m\u00ealant autobiographie, litt\u00e9rature et engagement.<\/p>\n<p>C\u00f4t\u00e9 jeunesse les enfants comprendront comment sont con\u00e7us les livres gr\u00e2ce \u00e0 l&rsquo;intervention de la maison d&rsquo;\u00e9dition Red&rsquo;Active et avec C\u00e9lia Ibanez, autrice de fantastique jeunesse, qui partagera ses secrets d&rsquo;\u00e9criture. La F\u00eate du Livre r\u00e9unira plus de 50 auteurs pour des \u00e9changes privil\u00e9gi\u00e9s, des d\u00e9dicaces personnalis\u00e9e, pour adultes et jeunesse. \u00c0 noter cette ann\u00e9e : une \u0153uvre traduite en langue des signes, pour rendre la litt\u00e9rature accessible \u00e0 tous.<\/p>\n<p>Lectures, rencontres, d\u00e9gustations et ateliers jeunesses&#8230; Programmation d\u00e9taill\u00e9e sur les r\u00e9seaux sociaux de la F\u00eate du livre de Saint-Chamas.<\/p>\n","protected":false},"excerpt":{"rendered":"La Ville de Saint-Chamas soutient la seconde \u00e9dition de la F\u00eate du livre, programm\u00e9e le samedi 5 juillet&hellip;\n","protected":false},"author":2,"featured_media":195840,"comment_status":"","ping_status":"","sticky":false,"template":"","format":"standard","meta":{"footnotes":""},"categories":[1357],"tags":[17,1379,271,902,58,4660,59,1011,27,12824,32722,19951,1380,16,10040],"class_list":{"0":"post-195839","1":"post","2":"type-post","3":"status-publish","4":"format-standard","5":"has-post-thumbnail","7":"category-livres","8":"tag-17","9":"tag-books","10":"tag-crime","11":"tag-cuisine","12":"tag-divertissement","13":"tag-edition","14":"tag-entertainment","15":"tag-fr","16":"tag-france","17":"tag-gourmand","18":"tag-lancement","19":"tag-litteraire","20":"tag-livres","21":"tag-region","22":"tag-seconde"},"share_on_mastodon":{"url":"https:\/\/pubeurope.com\/@fr\/114727044106943921","error":""},"_links":{"self":[{"href":"https:\/\/www.europesays.com\/fr\/wp-json\/wp\/v2\/posts\/195839","targetHints":{"allow":["GET"]}}],"collection":[{"href":"https:\/\/www.europesays.com\/fr\/wp-json\/wp\/v2\/posts"}],"about":[{"href":"https:\/\/www.europesays.com\/fr\/wp-json\/wp\/v2\/types\/post"}],"author":[{"embeddable":true,"href":"https:\/\/www.europesays.com\/fr\/wp-json\/wp\/v2\/users\/2"}],"replies":[{"embeddable":true,"href":"https:\/\/www.europesays.com\/fr\/wp-json\/wp\/v2\/comments?post=195839"}],"version-history":[{"count":0,"href":"https:\/\/www.europesays.com\/fr\/wp-json\/wp\/v2\/posts\/195839\/revisions"}],"wp:featuredmedia":[{"embeddable":true,"href":"https:\/\/www.europesays.com\/fr\/wp-json\/wp\/v2\/media\/195840"}],"wp:attachment":[{"href":"https:\/\/www.europesays.com\/fr\/wp-json\/wp\/v2\/media?parent=195839"}],"wp:term":[{"taxonomy":"category","embeddable":true,"href":"https:\/\/www.europesays.com\/fr\/wp-json\/wp\/v2\/categories?post=195839"},{"taxonomy":"post_tag","embeddable":true,"href":"https:\/\/www.europesays.com\/fr\/wp-json\/wp\/v2\/tags?post=195839"}],"curies":[{"name":"wp","href":"https:\/\/api.w.org\/{rel}","templated":true}]}}