{"id":195858,"date":"2025-06-22T12:44:09","date_gmt":"2025-06-22T12:44:09","guid":{"rendered":"https:\/\/www.europesays.com\/fr\/195858\/"},"modified":"2025-06-22T12:44:09","modified_gmt":"2025-06-22T12:44:09","slug":"sept-militants-dultragauche-interpelles-pour-avoir-voulu-perturber-les-demonstrations-aeriennes","status":"publish","type":"post","link":"https:\/\/www.europesays.com\/fr\/195858\/","title":{"rendered":"sept militants d\u2019ultragauche interpell\u00e9s pour avoir voulu perturber les d\u00e9monstrations a\u00e9riennes"},"content":{"rendered":"<p>Les militants pr\u00e9voyaient de l\u00e2cher plusieurs centaines de ballons d\u2019h\u00e9lium lors des d\u00e9monstrations a\u00e9riennes. Ils se trouvent actuellement en garde \u00e0 vue dans les locaux de la brigade criminelle.<\/p>\n<p class=\"fig-paragraph\">Sept militants d\u2019ultragauche ont \u00e9t\u00e9 interpell\u00e9s vendredi 20 juin 2025 \u00e0 l\u2019aube et samedi, suspect\u00e9s de vouloir mener une action de perturbation lors du\u00a0<a href=\"https:\/\/www.lefigaro.fr\/societes\/salon-du-bourget-emmanuel-macron-attendu-ce-vendredi-pour-cette-premiere-journee-ouverte-au-grand-public-20250620\" data-fig-type=\"Live\" data-gtm-custom-categorie=\"navigation\" data-gtm-custom-action=\"crossclick\" data-gtm-custom-label=\"Contextuel\" data-gtm-event=\"customEventSPE\" data-fig-domain=\"LEFIGARO\" rel=\"nofollow noopener\" target=\"_blank\">Salon du Bourget<\/a>, a appris Le Figaro aupr\u00e8s du parquet de Paris, confirmant une information du\u00a0<a href=\"https:\/\/www.leparisien.fr\/faits-divers\/projet-daction-contre-le-salon-du-bourget-coup-de-filet-dans-la-mouvance-de-lultra-gauche-21-06-2025-A2BIG2VTTJB5LEHNASEXWVIC2A.php\" target=\"_blank\" rel=\"nofollow noopener\" data-gtm-custom-categorie=\"navigation\" data-gtm-custom-action=\"crossclick\" data-gtm-custom-label=\"Contextuel\" data-gtm-event=\"customEventSPE\">Parisien<\/a> .<\/p>\n<p class=\"fig-paragraph\">Ce coup de filet s\u2019est d\u00e9roul\u00e9 en deux temps. Six personnes ont d\u2019abord \u00e9t\u00e9 interpell\u00e9es vendredi \u00e0 l\u2019aube, puis une septi\u00e8me le lendemain. Les perquisitions ont permis de saisir une bonbonne d\u2019h\u00e9lium et pr\u00e8s de 200 ballons. Du mat\u00e9riel qui visait \u00e0 perturber les d\u00e9monstrations a\u00e9riennes du Salon.<\/p>\n<p class=\"fig-paragraph\">C\u2019est sur la base d\u2019un signalement de la pr\u00e9fecture de police de Paris, faisant \u00e9tat de regroupements suspects de plusieurs collectifs d\u2019ultragauche en marge de l\u2019\u00e9v\u00e9nement, que le parquet de Paris a ouvert une enqu\u00eate en flagrance pour des faits d\u2019\u00abassociation de malfaiteurs\u00bb. Lors des investigations, des surveillances ont confirm\u00e9 la tenue de tels regroupements, donnant ensuite lieu aux interpellations et saisies. Les suspects se trouvent actuellement en garde \u00e0 vue, dans les locaux de la brigade criminelle de la Direction de la police judiciaire de la pr\u00e9fecture de police de Paris.<\/p>\n<p class=\"fig-paragraph\">Samedi, en Seine-Saint-Denis, plusieurs milliers de personnes ont manifest\u00e9 \u00abcontre l\u2019\u00e9conomie de guerre\u00bb et \u00able business de la mort\u00bb du Salon de l\u2019a\u00e9ronautique, derri\u00e8re une banderole r\u00e9clamant la fin du \u00abg\u00e9nocide en Palestine\u00bb. L\u2019\u00e9v\u00e9nement, qui attend 100.000 visiteurs par jour, est marqu\u00e9 cette ann\u00e9e par la fermeture de stands isra\u00e9liens pr\u00e9sentant des armes offensives, sur d\u00e9cision du gouvernement fran\u00e7ais.<\/p>\n","protected":false},"excerpt":{"rendered":"Les militants pr\u00e9voyaient de l\u00e2cher plusieurs centaines de ballons d\u2019h\u00e9lium lors des d\u00e9monstrations a\u00e9riennes. Ils se trouvent actuellement&hellip;\n","protected":false},"author":2,"featured_media":195859,"comment_status":"","ping_status":"","sticky":false,"template":"","format":"standard","meta":{"footnotes":""},"categories":[4],"tags":[119,11,3694,271,2951,3695,3696,118,1011,27,2825,1253,303,12,1072,2694,25,32145,2949],"class_list":{"0":"post-195858","1":"post","2":"type-post","3":"status-publish","4":"format-standard","5":"has-post-thumbnail","7":"category-france","8":"tag-accident","9":"tag-actualites","10":"tag-affaires","11":"tag-crime","12":"tag-criminalite","13":"tag-enquetes","14":"tag-evenements","15":"tag-faits-divers","16":"tag-fr","17":"tag-france","18":"tag-insecurite","19":"tag-islamisme","20":"tag-justice","21":"tag-news","22":"tag-police","23":"tag-proces","24":"tag-republique-francaise","25":"tag-salon-du-bourget","26":"tag-violences"},"share_on_mastodon":{"url":"https:\/\/pubeurope.com\/@fr\/114727083281536176","error":""},"_links":{"self":[{"href":"https:\/\/www.europesays.com\/fr\/wp-json\/wp\/v2\/posts\/195858","targetHints":{"allow":["GET"]}}],"collection":[{"href":"https:\/\/www.europesays.com\/fr\/wp-json\/wp\/v2\/posts"}],"about":[{"href":"https:\/\/www.europesays.com\/fr\/wp-json\/wp\/v2\/types\/post"}],"author":[{"embeddable":true,"href":"https:\/\/www.europesays.com\/fr\/wp-json\/wp\/v2\/users\/2"}],"replies":[{"embeddable":true,"href":"https:\/\/www.europesays.com\/fr\/wp-json\/wp\/v2\/comments?post=195858"}],"version-history":[{"count":0,"href":"https:\/\/www.europesays.com\/fr\/wp-json\/wp\/v2\/posts\/195858\/revisions"}],"wp:featuredmedia":[{"embeddable":true,"href":"https:\/\/www.europesays.com\/fr\/wp-json\/wp\/v2\/media\/195859"}],"wp:attachment":[{"href":"https:\/\/www.europesays.com\/fr\/wp-json\/wp\/v2\/media?parent=195858"}],"wp:term":[{"taxonomy":"category","embeddable":true,"href":"https:\/\/www.europesays.com\/fr\/wp-json\/wp\/v2\/categories?post=195858"},{"taxonomy":"post_tag","embeddable":true,"href":"https:\/\/www.europesays.com\/fr\/wp-json\/wp\/v2\/tags?post=195858"}],"curies":[{"name":"wp","href":"https:\/\/api.w.org\/{rel}","templated":true}]}}