{"id":195866,"date":"2025-06-22T12:51:31","date_gmt":"2025-06-22T12:51:31","guid":{"rendered":"https:\/\/www.europesays.com\/fr\/195866\/"},"modified":"2025-06-22T12:51:31","modified_gmt":"2025-06-22T12:51:31","slug":"la-sanction-de-six-matches-a-huis-clos-remet-elle-en-cause-votre-intention-de-vous-abonner","status":"publish","type":"post","link":"https:\/\/www.europesays.com\/fr\/195866\/","title":{"rendered":"la sanction de six matches \u00e0 huis clos remet-elle en cause votre intention de vous abonner ?"},"content":{"rendered":"<p>La commission de discipline de la FFF a inflig\u00e9 six matches \u00e0 huis clos \u00e0 l&rsquo;ASNL. Cela remet-il en cause votre souhait de vous abonner pour la saison prochaine ?<\/p>\n<p>&#13;<br \/>\n              L&rsquo;Est R\u00e9publicain  &#8211; &#13;<br \/>\n        &#13;<br \/>\n          19 juin 2025 \u00e0 07:00&#13;<br \/>\n    &#13;<br \/>\n                  | mis \u00e0 jour le 19 juin 2025 \u00e0 13:22&#13;<br \/>\n              &#8211; Temps de lecture : &#13;<br \/>\n  &#13;\n<\/p>\n<p>                        &#13;<br \/>\n    &#13;<br \/>\n    &#13;<br \/>\n    <a href=\"https:\/\/cdn-s-www.estrepublicain.fr\/images\/6773B5E9-ED9A-4561-9C68-C9DFE085D468\/NW_raw\/visuel-asnl-vote-pronostic-photo-maxence-alibert-1750089295.jpg\" title=\"Visuel ASNL vote pronostic Photo Maxence Alibert\" class=\"chocolat-image GA-tracking\" data-ga_type=\"click\" data-ga_category=\"D\u00e9tail\" data-ga_action=\"zoomer\" data-ga_label=\"aggrandir image\" target=\"_blank\" rel=\"noopener\">&#13;<br \/>\n        <img src=\"https:\/\/www.europesays.com\/fr\/wp-content\/uploads\/2025\/06\/visuel-asnl-vote-pronostic-photo-maxence-alibert-1750089295.jpg\"   alt=\"Visuel ASNL vote pronostic Photo Maxence Alibert\" fetchpriority=\"high\" decoding=\"async\" data-mobile=\"NW_detail_M|1750089295\" data-base=\"NW_detail|1750089295\"\/>&#13;<br \/>\n    <\/a>&#13;<br \/>\n    Visuel ASNL vote pronostic Photo Maxence Alibert<\/p>\n","protected":false},"excerpt":{"rendered":"La commission de discipline de la FFF a inflig\u00e9 six matches \u00e0 huis clos \u00e0 l&rsquo;ASNL. Cela remet-il&hellip;\n","protected":false},"author":2,"featured_media":195867,"comment_status":"","ping_status":"","sticky":false,"template":"","format":"standard","meta":{"footnotes":""},"categories":[9635],"tags":[1111,11,3703,1707,1704,1706,1705,1777,674,107,1701,63,1011,27,775,1702,12,25,517,1700,5995,10606],"class_list":{"0":"post-195866","1":"post","2":"type-post","3":"status-publish","4":"format-standard","5":"has-post-thumbnail","7":"category-nancy","8":"tag-actu","9":"tag-actualites","10":"tag-asnl","11":"tag-edition-luneville","12":"tag-edition-nancy-et-agglomeration","13":"tag-edition-pont-a-mousson","14":"tag-edition-toul","15":"tag-eu","16":"tag-europe","17":"tag-fil-info","18":"tag-fil-info-sport","19":"tag-football","20":"tag-fr","21":"tag-france","22":"tag-grand-est","23":"tag-nancy","24":"tag-news","25":"tag-republique-francaise","26":"tag-sport","27":"tag-sport-lorrain","28":"tag-vote","29":"tag-vote-sport-lorrain"},"share_on_mastodon":{"url":"https:\/\/pubeurope.com\/@fr\/114727111043414665","error":""},"_links":{"self":[{"href":"https:\/\/www.europesays.com\/fr\/wp-json\/wp\/v2\/posts\/195866","targetHints":{"allow":["GET"]}}],"collection":[{"href":"https:\/\/www.europesays.com\/fr\/wp-json\/wp\/v2\/posts"}],"about":[{"href":"https:\/\/www.europesays.com\/fr\/wp-json\/wp\/v2\/types\/post"}],"author":[{"embeddable":true,"href":"https:\/\/www.europesays.com\/fr\/wp-json\/wp\/v2\/users\/2"}],"replies":[{"embeddable":true,"href":"https:\/\/www.europesays.com\/fr\/wp-json\/wp\/v2\/comments?post=195866"}],"version-history":[{"count":0,"href":"https:\/\/www.europesays.com\/fr\/wp-json\/wp\/v2\/posts\/195866\/revisions"}],"wp:featuredmedia":[{"embeddable":true,"href":"https:\/\/www.europesays.com\/fr\/wp-json\/wp\/v2\/media\/195867"}],"wp:attachment":[{"href":"https:\/\/www.europesays.com\/fr\/wp-json\/wp\/v2\/media?parent=195866"}],"wp:term":[{"taxonomy":"category","embeddable":true,"href":"https:\/\/www.europesays.com\/fr\/wp-json\/wp\/v2\/categories?post=195866"},{"taxonomy":"post_tag","embeddable":true,"href":"https:\/\/www.europesays.com\/fr\/wp-json\/wp\/v2\/tags?post=195866"}],"curies":[{"name":"wp","href":"https:\/\/api.w.org\/{rel}","templated":true}]}}