{"id":195872,"date":"2025-06-22T12:54:08","date_gmt":"2025-06-22T12:54:08","guid":{"rendered":"https:\/\/www.europesays.com\/fr\/195872\/"},"modified":"2025-06-22T12:54:08","modified_gmt":"2025-06-22T12:54:08","slug":"la-sud-de-france-arena-en-mode-electro-pour-ses-15-ans","status":"publish","type":"post","link":"https:\/\/www.europesays.com\/fr\/195872\/","title":{"rendered":"la Sud de France Arena en mode \u00e9lectro pour ses 15 ans"},"content":{"rendered":"<p>            Par<br \/>\n        <strong><br \/>\n            <a href=\"https:\/\/actu.fr\/auteur\/g-martin\" title=\"Consulter tous les articles de Gil Martin\" rel=\"nofollow noopener\" target=\"_blank\">Gil Martin<\/a><br \/>\n        <\/strong><\/p>\n<p>        Publi\u00e9 le<\/p>\n<p>            22 juin 2025 \u00e0 14h36        <\/p>\n<p>Il y a 15 ans, le 3 septembre 2010, Montpellier inaugurait son Arena, un \u00e9quipement alors exceptionnel en France \u00ab dont l\u2019ambition \u00e9tait de r\u00e9pondre aux conditions d\u2019accueil de grandes manifestations publiques qu\u2019elles soient sportives, culturelles ou consacr\u00e9es aux salons et expositions \u00bb, rappelle Montpellier Events. Pour marquer cet anniversaire, un jeu concours sur la page <a href=\"https:\/\/www.instagram.com\/metropolitainfr\/?hl=fr\" rel=\"nofollow noopener\" target=\"_blank\">Instagram de M\u00e9tropolitain<\/a> offrira deux places pour la grande soir\u00e9e \u00e9lectro : rendez-vous du 23 juin au 4 juillet pour tenter votre chance !<\/p>\n<p>L\u2019Arena, elle a tout d\u2019une grande<\/p>\n<p class=\" wall-content\">\u00ab En ce 15\u00e8me anniversaire de la Sud de France Arena, rendons hommage \u00e0 la m\u00e9moire et \u00e0 la vision de Georges Fr\u00eache, qui par son audace et son engagement, a permis \u00e0 Montpellier et \u00e0 l\u2019Occitanie de se doter d\u2019un v\u00e9ritable phare culturel, sportif et \u00e9conomique \u00bb, commente Carole Delga.<\/p>\n<p>Une soir\u00e9e \u00e9lectro monumentale<\/p>\n<p class=\" wall-content\">\u00ab En 2019 avec la cr\u00e9ation d\u2019Occitanie Events, la R\u00e9gion et ses partenaires ont voulu poursuivre la dynamique engag\u00e9e et donner \u00e0 ce lieu une dimension nationale et internationale. Aujourd\u2019hui, la Sud de France Arena, associ\u00e9e au Parc des Expositions, est une place forte dans le secteur de l\u2019\u00e9v\u00e9nementiel et un moteur de l\u2019attractivit\u00e9 de notre territoire \u00bb, poursuit la pr\u00e9sidente de la R\u00e9gion Occitanie.<\/p>\n<p>Rendez-vous le 12 septembre<\/p>\n<p class=\" wall-content\">Rendez-vous le 12 septembre \u00e0 la Sud de France Arena pour c\u00e9l\u00e9brer les 15 ans de la grande salle montpelli\u00e9raine aux sons d\u2019une soir\u00e9e \u00e9lectro qui s\u2019annonce monumentales avec, en artistes invit\u00e9s, Kungs, Agoria B2B Notre Dame, Cosmic Boys et Joachim Pastor. L\u2019entr\u00e9e est fix\u00e9e \u00e0 15 \u20ac et les r\u00e9servations sont ouvertes !\u00a0<\/p>\n<p>L\u2019Arena, d\u00e9j\u00e0 3 millions de spectateurs<\/p>\n<p>En 15 ans, l\u2019Arena Sud de France a rempli d\u2019\u00e9motions plus de 3 millions de spectateurs avec pr\u00e8s de 700 concerts, spectacles et rencontres sportives. \u00ab En 15 ans, elle n\u2019aura jamais connu plus intense programmation qu\u2019en 2025 \u00bb, assure Montpellier Events en citant les affiches de cette ann\u00e9e : Les Enfoir\u00e9s, l\u2019OPEN Occitanie, Dynamite MMA, SDM, Blackliner Freestyle Show, Julien Dor\u00e9, Indochine, Clara Luciani, Les 10 Commandements, Harlem Globetrotters, La Haine, Pierre Garnier, le French Throwdown (CrossFit), MHB, Star Academy, -M- Lamomali, Sting, Gazo, WTT Champions Montpellier, Soprano, M Pokora, Gims, Helena, Paul Mirabel, Monte Cristo, Claudio Capeo&#8230;.<\/p>\n<p>Vid\u00e9os : en ce moment sur Actu<strong>Les 15 ans de la Sud de France Arena<\/strong><br \/>\nConcert \u00e9lectro exceptionnel le 12 septembre 2025<br \/>\nA Partie de 20h30<br \/>\nAvec Kungs, Agoria B2B Notre Dame, Cosmic Boys et Joachim Pastor<br \/>\ntarif\u00a0: 15 \u20ac<br \/>\nPlus d\u2019infos sur <a href=\"http:\/\/www.suddefrance-arena.com\" rel=\"nofollow noopener\" target=\"_blank\">www.suddefrance-arena.com<\/a><\/p>\n<p class=\" wall-content\">.<\/p>\n<p class=\" wall-content\">Suivez toute l\u2019actualit\u00e9 de vos villes et m\u00e9dias favoris en vous inscrivant \u00e0 <a href=\"https:\/\/moncompte.actu.fr\" title=\"D\u00e9couvez Mon Actu\" rel=\"nofollow noopener\" data-trk=\"{&quot;cta&quot;:{&quot;action&quot;:&quot;https:\\\/\\\/moncompte.actu.fr&quot;,&quot;category&quot;:&quot;mon compte&quot;,&quot;from&quot;:&quot;article footer&quot;,&quot;name&quot;:&quot;Mon actu&quot;,&quot;type&quot;:&quot;cta&quot;}}\" target=\"_blank\">Mon Actu<\/a>.<\/p>\n<p>                    <script async src=\"\/\/www.instagram.com\/embed.js\"><\/script><\/p>\n","protected":false},"excerpt":{"rendered":"Par Gil Martin Publi\u00e9 le 22 juin 2025 \u00e0 14h36 Il y a 15 ans, le 3 septembre&hellip;\n","protected":false},"author":2,"featured_media":195873,"comment_status":"","ping_status":"","sticky":false,"template":"","format":"standard","meta":{"footnotes":""},"categories":[9599],"tags":[1111,11,1697,1777,674,1011,27,1652,2208,12,2680,25],"class_list":{"0":"post-195872","1":"post","2":"type-post","3":"status-publish","4":"format-standard","5":"has-post-thumbnail","7":"category-montpellier","8":"tag-actu","9":"tag-actualites","10":"tag-concert","11":"tag-eu","12":"tag-europe","13":"tag-fr","14":"tag-france","15":"tag-loisirs-culture","16":"tag-montpellier","17":"tag-news","18":"tag-occitanie","19":"tag-republique-francaise"},"share_on_mastodon":{"url":"https:\/\/pubeurope.com\/@fr\/114727122575497239","error":""},"_links":{"self":[{"href":"https:\/\/www.europesays.com\/fr\/wp-json\/wp\/v2\/posts\/195872","targetHints":{"allow":["GET"]}}],"collection":[{"href":"https:\/\/www.europesays.com\/fr\/wp-json\/wp\/v2\/posts"}],"about":[{"href":"https:\/\/www.europesays.com\/fr\/wp-json\/wp\/v2\/types\/post"}],"author":[{"embeddable":true,"href":"https:\/\/www.europesays.com\/fr\/wp-json\/wp\/v2\/users\/2"}],"replies":[{"embeddable":true,"href":"https:\/\/www.europesays.com\/fr\/wp-json\/wp\/v2\/comments?post=195872"}],"version-history":[{"count":0,"href":"https:\/\/www.europesays.com\/fr\/wp-json\/wp\/v2\/posts\/195872\/revisions"}],"wp:featuredmedia":[{"embeddable":true,"href":"https:\/\/www.europesays.com\/fr\/wp-json\/wp\/v2\/media\/195873"}],"wp:attachment":[{"href":"https:\/\/www.europesays.com\/fr\/wp-json\/wp\/v2\/media?parent=195872"}],"wp:term":[{"taxonomy":"category","embeddable":true,"href":"https:\/\/www.europesays.com\/fr\/wp-json\/wp\/v2\/categories?post=195872"},{"taxonomy":"post_tag","embeddable":true,"href":"https:\/\/www.europesays.com\/fr\/wp-json\/wp\/v2\/tags?post=195872"}],"curies":[{"name":"wp","href":"https:\/\/api.w.org\/{rel}","templated":true}]}}