{"id":195876,"date":"2025-06-22T13:01:10","date_gmt":"2025-06-22T13:01:10","guid":{"rendered":"https:\/\/www.europesays.com\/fr\/195876\/"},"modified":"2025-06-22T13:01:10","modified_gmt":"2025-06-22T13:01:10","slug":"qui-est-carole-lymer-premiere-femme-a-presider-la-french-tech-a-grenoble-2","status":"publish","type":"post","link":"https:\/\/www.europesays.com\/fr\/195876\/","title":{"rendered":"Qui est Carole Lymer, premi\u00e8re femme \u00e0 pr\u00e9sider la French Tech \u00e0 Grenoble ?"},"content":{"rendered":"<p>Des dires du pr\u00e9sident sortant de la <strong>French Tech Grenobloise<\/strong>, Romain Gentil, <strong>Carole Lymer, <\/strong>officiellement install\u00e9e <strong>pr\u00e9sidente <\/strong>le 19 juin, saura impulser une approche territoriale, tout en d\u00e9veloppant \u00e0 la fois la Tech, et l&rsquo;int\u00e9r\u00eat g\u00e9n\u00e9ral. <\/p>\n<p>Carole Lymer, nouvelle pr\u00e9sidente de la French Tech \u00e0 Grenoble : d\u00e9fendre la Tech et l&rsquo;int\u00e9r\u00eat g\u00e9n\u00e9ral <\/p>\n<p>Une d\u00e9finition en accord avec le parcours de celle qui est <strong>la premi\u00e8re femme \u00e0 diriger la French Tech \u00e0 Grenoble<\/strong>. Avec une premi\u00e8re exp\u00e9rience en 2014 dans le domaine de la cybers\u00e9curit\u00e9, elle a cr\u00e9\u00e9 en 2017 la premi\u00e8re boutique vrac et bio en ligne avant de se tourner vers le monde associatif, d&rsquo;abord pour l&rsquo;agriculture puis pour les quartiers avec Sport dans ma ville. <\/p>\n<p>Aujourd&rsquo;hui, Carole Lymer dirige la soci\u00e9t\u00e9<strong> Honima, une agence d&rsquo;innovation et de design,<\/strong> cr\u00e9\u00e9e il y a un an. \u00ab\u00a0Il s&rsquo;agit, d&rsquo;une part, d&rsquo;une activit\u00e9 de conseil pour que les entreprises se projettent dans le futur et imaginent les meilleures offres et, d&rsquo;autre part, de d\u00e9velopper un outil d&rsquo;IA qui permet d&rsquo;automatiser la recherche utilisateur. Gr\u00e2ce \u00e0 cet outil, dont je souhaite commercialiser la V1 d&rsquo;ici le mois de janvier, les entreprises pourront \u00e9couter leurs clients types sur la base de donn\u00e9es r\u00e9employ\u00e9es, pour d\u00e9velopper l&rsquo;offre qui leur correspondra le mieux. L&rsquo;outil permettra aussi d&rsquo;acc\u00e9l\u00e9rer ces \u00e9tudes.\u00a0\u00bb<\/p>\n<p>RGPD oblige, la donn\u00e9e analys\u00e9e sera issue de documents publics. <\/p>\n<p>La French Tech Grenoble encore plus ouverte ? <\/p>\n<p>Parall\u00e8lement, Carole Lymer aura la mission d&rsquo;<strong>animer <\/strong>la french Tech Grenobloise. \u00ab\u00a0Grenoble est d\u00e9j\u00e0 \u00e0 la pointe avec des programmes comme Territoires Solutions, qui permet de sortir les technologies des laboratoires et de les exp\u00e9rimenter dans la ville, avec des partenaires comme les collectivit\u00e9s ou les bailleurs sociaux, pour cr\u00e9er des d\u00e9monstrateurs \u00e0 taille r\u00e9elle.\u00a0\u00bb<\/p>\n<p> <img decoding=\"async\" alt=\"\" class=\"img-size-limited\" data-zoomable=\"\" height=\"1500\" loading=\"lazy\" src=\"https:\/\/www.europesays.com\/fr\/wp-content\/uploads\/2025\/06\/img-3265.jpg\" width=\"2000\"\/> <\/p>\n<p>\u00a9 Caroline Thermoz-Liaudy \u2013 Le 19 juin 2025, Carole Lymer a \u00e9t\u00e9 nomm\u00e9e pour succ\u00e9der \u00e0 Romain gentil pour pr\u00e9sider le Comex de la French Tech \u00e0 Grenoble. <\/p>\n<p>A l&rsquo;aube de son mandat d&rsquo;un an, la jeune femme a une id\u00e9e pr\u00e9cise de ce qu&rsquo;elle compte apporter \u00e0 la structure. <\/p>\n<blockquote>\n<p>\u00ab\u00a0Ces derni\u00e8res ann\u00e9es, le pari sur l&rsquo;entrepreneuriat a \u00e9t\u00e9 r\u00e9ussi. L&rsquo;\u00e9cosyst\u00e8me a bien pris et il faudra poursuivre ces actions d&rsquo;accompagnement pour mettre en lien les entrepreneurs et les accompagnateurs. Mais il faudra aller plus loin en s&rsquo;ouvrant encore davantage. On peut \u00eatre per\u00e7u comme un monde \u00e0 part, qui utilise beaucoup d&rsquo;anglicismes, et un vocabulaire li\u00e9 au monde de la Tech. \u00c7a peut d\u00e9courager certaines personnes qui s&rsquo;en sentent \u00e9loign\u00e9es. Ces personnes, il faut aller les chercher.\u00a0\u00bb <\/p>\n<\/blockquote>\n<p>L&rsquo;autre priorit\u00e9 sera de <strong>raisonner \u00e0 plus grande \u00e9chelle<\/strong> : celle de <strong>l&rsquo;Europe<\/strong>. \u00ab\u00a0Il faut faire savoir et tisser des collaborations. La concurrence n&rsquo;est pas en France, ni en Europe, elle est aux \u00c9tats-Unis et en Chine\u2026\u00a0\u00bb <\/p>\n<p>\u00ab\u00a0Il faut mettre des femmes dans la Tech\u00a0\u00bb <\/p>\n<p>Quant au fait d&rsquo;\u00eatre une femme, il semble que ce soit un sujet sans en \u00eatre un. \u00ab\u00a0J&rsquo;ai \u00e9t\u00e9 inspir\u00e9e par Salom\u00e9 G\u00e9raud \u00e0 Toulouse. Je ne sais pas ce qu&rsquo;apporte le fait d&rsquo;\u00eatre une femme, ce qui est certain, c&rsquo;est qu&rsquo;il faut mettre des femmes dans la Tech o\u00f9 on est loin de la parit\u00e9. Globalement, des \u00e9tudes montrent que les entreprises codirig\u00e9es par un homme et une femme sont plus performantes que les autres.\u00a0\u00bb <\/p>\n","protected":false},"excerpt":{"rendered":"Des dires du pr\u00e9sident sortant de la French Tech Grenobloise, Romain Gentil, Carole Lymer, officiellement install\u00e9e pr\u00e9sidente le&hellip;\n","protected":false},"author":2,"featured_media":190229,"comment_status":"","ping_status":"","sticky":false,"template":"","format":"standard","meta":{"footnotes":""},"categories":[9566],"tags":[1111,11,2430,1777,674,32812,1011,27,25858,32811,2731,12,25],"class_list":{"0":"post-195876","1":"post","2":"type-post","3":"status-publish","4":"format-standard","5":"has-post-thumbnail","7":"category-grenoble","8":"tag-actu","9":"tag-actualites","10":"tag-auvergne-rhone-alpes","11":"tag-eu","12":"tag-europe","13":"tag-femmes-dans-la-tech","14":"tag-fr","15":"tag-france","16":"tag-french-tech","17":"tag-french-tech-grenoble","18":"tag-grenoble","19":"tag-news","20":"tag-republique-francaise"},"share_on_mastodon":{"url":"https:\/\/pubeurope.com\/@fr\/114727150116409388","error":""},"_links":{"self":[{"href":"https:\/\/www.europesays.com\/fr\/wp-json\/wp\/v2\/posts\/195876","targetHints":{"allow":["GET"]}}],"collection":[{"href":"https:\/\/www.europesays.com\/fr\/wp-json\/wp\/v2\/posts"}],"about":[{"href":"https:\/\/www.europesays.com\/fr\/wp-json\/wp\/v2\/types\/post"}],"author":[{"embeddable":true,"href":"https:\/\/www.europesays.com\/fr\/wp-json\/wp\/v2\/users\/2"}],"replies":[{"embeddable":true,"href":"https:\/\/www.europesays.com\/fr\/wp-json\/wp\/v2\/comments?post=195876"}],"version-history":[{"count":0,"href":"https:\/\/www.europesays.com\/fr\/wp-json\/wp\/v2\/posts\/195876\/revisions"}],"wp:featuredmedia":[{"embeddable":true,"href":"https:\/\/www.europesays.com\/fr\/wp-json\/wp\/v2\/media\/190229"}],"wp:attachment":[{"href":"https:\/\/www.europesays.com\/fr\/wp-json\/wp\/v2\/media?parent=195876"}],"wp:term":[{"taxonomy":"category","embeddable":true,"href":"https:\/\/www.europesays.com\/fr\/wp-json\/wp\/v2\/categories?post=195876"},{"taxonomy":"post_tag","embeddable":true,"href":"https:\/\/www.europesays.com\/fr\/wp-json\/wp\/v2\/tags?post=195876"}],"curies":[{"name":"wp","href":"https:\/\/api.w.org\/{rel}","templated":true}]}}