{"id":195885,"date":"2025-06-22T13:10:29","date_gmt":"2025-06-22T13:10:29","guid":{"rendered":"https:\/\/www.europesays.com\/fr\/195885\/"},"modified":"2025-06-22T13:10:29","modified_gmt":"2025-06-22T13:10:29","slug":"meteo-a-quoi-sattendre-ce-samedi-dans-les-alpes-maritimes","status":"publish","type":"post","link":"https:\/\/www.europesays.com\/fr\/195885\/","title":{"rendered":"M\u00e9t\u00e9o: \u00e0 quoi s&rsquo;attendre ce samedi dans les Alpes-Maritimes?"},"content":{"rendered":"<p>Alors que plusieurs d\u00e9partements sont concern\u00e9s par l&rsquo;alerte canicule, c&rsquo;est du c\u00f4t\u00e9 des <strong>orages<\/strong> qu&rsquo;il va falloir regarder ce samedi dans les Alpes-Maritimes.\u00a0<\/p>\n<p>Le territoire est plac\u00e9 en vigilance jaune, <strong>de 14 heures \u00e0 20 heures<\/strong>.\u00a0\u00a0<\/p>\n<p>Ces orages concerneront toute la moiti\u00e9 nord, ainsi que Saint-Martin-du-Var. Sur la bande littorale, un grand ciel bleu est pr\u00e9vu.\u00a0<\/p>\n<p>Les temp\u00e9ratures seront comprises <strong>entre 23 et 29\u00b0C<\/strong> en matin\u00e9e, idem pour l&rsquo;apr\u00e8s-midi.\u00a0<\/p>\n<p>                                Un peu de vent<\/p>\n<p>On attend <strong>jusqu&rsquo;\u00e0 40km\/h de vent<\/strong> \u00e0 Saint-Sauveur-sur-Tin\u00e9e, Saint-Martin-du-Var, Guillaumes et Saint-Etienne-de-Tin\u00e9e.\u00a0<\/p>\n<p>Le dicton m\u00e9t\u00e9o du jour: \u00ab\u00a0\u00c9t\u00e9 bien doux, hiver en courroux\u00a0\u00bb.\u00a0<\/p>\n<p>On f\u00eate les Gonzague, mais aussi les Raoul, Louis et Rodolphe.\u00a0<\/p>\n<p>C&rsquo;est la \u00ab\u00a0Journ\u00e9e internationale de la lenteur\u00a0\u00bb, la \u00ab\u00a0Journ\u00e9e mondiale de la Scl\u00e9rose lat\u00e9rale amyotrophique\u00a0\u00bb, la \u00ab\u00a0Journ\u00e9e mondiale du yoga\u00a0\u00bb, la \u00ab\u00a0Journ\u00e9e mondiale de la moto\u00a0\u00bb, la \u00ab\u00a0Journ\u00e9e internationale de la girafe\u00a0\u00bb, et la \u00ab\u00a0Journ\u00e9e mondiale de l&rsquo;hydrographie\u00a0\u00bb.\u00a0<\/p>\n<p>Belle journ\u00e9e!<\/p>\n","protected":false},"excerpt":{"rendered":"Alors que plusieurs d\u00e9partements sont concern\u00e9s par l&rsquo;alerte canicule, c&rsquo;est du c\u00f4t\u00e9 des orages qu&rsquo;il va falloir regarder&hellip;\n","protected":false},"author":2,"featured_media":195886,"comment_status":"","ping_status":"","sticky":false,"template":"","format":"standard","meta":{"footnotes":""},"categories":[2819],"tags":[1111,11,1777,674,1011,27,2487,12,2401,882,25],"class_list":{"0":"post-195885","1":"post","2":"type-post","3":"status-publish","4":"format-standard","5":"has-post-thumbnail","7":"category-nice","8":"tag-actu","9":"tag-actualites","10":"tag-eu","11":"tag-europe","12":"tag-fr","13":"tag-france","14":"tag-meteo","15":"tag-news","16":"tag-nice","17":"tag-provence-alpes-cote-dazur","18":"tag-republique-francaise"},"share_on_mastodon":{"url":"https:\/\/pubeurope.com\/@fr\/114727185511283372","error":""},"_links":{"self":[{"href":"https:\/\/www.europesays.com\/fr\/wp-json\/wp\/v2\/posts\/195885","targetHints":{"allow":["GET"]}}],"collection":[{"href":"https:\/\/www.europesays.com\/fr\/wp-json\/wp\/v2\/posts"}],"about":[{"href":"https:\/\/www.europesays.com\/fr\/wp-json\/wp\/v2\/types\/post"}],"author":[{"embeddable":true,"href":"https:\/\/www.europesays.com\/fr\/wp-json\/wp\/v2\/users\/2"}],"replies":[{"embeddable":true,"href":"https:\/\/www.europesays.com\/fr\/wp-json\/wp\/v2\/comments?post=195885"}],"version-history":[{"count":0,"href":"https:\/\/www.europesays.com\/fr\/wp-json\/wp\/v2\/posts\/195885\/revisions"}],"wp:featuredmedia":[{"embeddable":true,"href":"https:\/\/www.europesays.com\/fr\/wp-json\/wp\/v2\/media\/195886"}],"wp:attachment":[{"href":"https:\/\/www.europesays.com\/fr\/wp-json\/wp\/v2\/media?parent=195885"}],"wp:term":[{"taxonomy":"category","embeddable":true,"href":"https:\/\/www.europesays.com\/fr\/wp-json\/wp\/v2\/categories?post=195885"},{"taxonomy":"post_tag","embeddable":true,"href":"https:\/\/www.europesays.com\/fr\/wp-json\/wp\/v2\/tags?post=195885"}],"curies":[{"name":"wp","href":"https:\/\/api.w.org\/{rel}","templated":true}]}}