{"id":195892,"date":"2025-06-22T13:14:09","date_gmt":"2025-06-22T13:14:09","guid":{"rendered":"https:\/\/www.europesays.com\/fr\/195892\/"},"modified":"2025-06-22T13:14:09","modified_gmt":"2025-06-22T13:14:09","slug":"ouverture-du-proces-aux-assises-pour-le-biker-des-hells-angels-apres-la-rixe-mortelle-de-tarbes","status":"publish","type":"post","link":"https:\/\/www.europesays.com\/fr\/195892\/","title":{"rendered":"Ouverture du proc\u00e8s aux assises pour le \u00ab biker \u00bb des Hells Angels apr\u00e8s la rixe mortelle de Tarbes"},"content":{"rendered":"<p><strong>bandes rivales &#8211; Le principal accus\u00e9 de la rixe mortelle entre les Hells Angels et les Rebels, le 18\u00a0septembre 2021 \u00e0 Tarbes sera jug\u00e9 aux assises de Bordeaux \u00e0 partir de ce lundi<\/strong><\/p>\n<p>Le 18 septembre\u00a02021, le Parc des Expositions de <a href=\"https:\/\/www.20minutes.fr\/dossier\/tarbes?at_medium=RSS%20feed&amp;at_campaign=ynews&amp;utm_source=yahoo&amp;utm_medium=rss&amp;utm_campaign=news_feed&amp;utm_content=in_article_link\" rel=\"nofollow noopener\" target=\"_blank\" data-ylk=\"slk:Tarbes;elm:context_link;itc:0;sec:content-canvas\" class=\"link \">Tarbes<\/a>, dans les <a href=\"https:\/\/www.20minutes.fr\/dossier\/hautes_pyrenees?at_medium=RSS%20feed&amp;at_campaign=ynews&amp;utm_source=yahoo&amp;utm_medium=rss&amp;utm_campaign=news_feed&amp;utm_content=in_article_link\" rel=\"nofollow noopener\" target=\"_blank\" data-ylk=\"slk:Hautes-Pyr\u00e9n\u00e9es;elm:context_link;itc:0;sec:content-canvas\" class=\"link \">Hautes-Pyr\u00e9n\u00e9es<\/a>, a \u00e9t\u00e9 le th\u00e9\u00e2tre <a href=\"https:\/\/www.20minutes.fr\/justice\/3140763-20211005-tarbes-cinq-bikers-interpelles-apres-rixe-coute-vie-motard-bigourdan?at_medium=RSS%20feed&amp;at_campaign=ynews&amp;utm_source=yahoo&amp;utm_medium=rss&amp;utm_campaign=news_feed&amp;utm_content=in_article_link\" rel=\"nofollow noopener\" target=\"_blank\" data-ylk=\"slk:d\u2019une violente rixe;elm:context_link;itc:0;sec:content-canvas\" class=\"link \">d\u2019une violente rixe<\/a> entre <a href=\"https:\/\/www.20minutes.fr\/faits_divers\/4117401-20241023-bordeaux-deux-ans-prison-ferme-six-bikers-apres-rixe-mortelle-entre-bandes-rivales-tarbes?at_medium=RSS%20feed&amp;at_campaign=ynews&amp;utm_source=yahoo&amp;utm_medium=rss&amp;utm_campaign=news_feed&amp;utm_content=in_article_link\" rel=\"nofollow noopener\" target=\"_blank\" data-ylk=\"slk:deux gangs;elm:context_link;itc:0;sec:content-canvas\" class=\"link \">deux gangs<\/a> de motards rivaux, les <a href=\"https:\/\/www.20minutes.fr\/societe\/1634607-20150618-crime-organise-gangs-motards-retroviseur-forces-ordre?at_medium=RSS%20feed&amp;at_campaign=ynews&amp;utm_source=yahoo&amp;utm_medium=rss&amp;utm_campaign=news_feed&amp;utm_content=in_article_link\" rel=\"nofollow noopener\" target=\"_blank\" data-ylk=\"slk:Hells Angels;elm:context_link;itc:0;sec:content-canvas\" class=\"link \">Hells Angels<\/a> et les Rebels Nomads, lors de l\u2019American Saloon, un festival d\u00e9di\u00e9 \u00e0 la culture am\u00e9ricaine. Ce drame, marqu\u00e9 par la mort de Joseph Pontrou\u00e9, un motard de 52 ans affili\u00e9 aux Rebels, et les blessures graves de cinq autres personnes, continue de secouer la r\u00e9gion. Alors que le proc\u00e8s correctionnel s\u2019est tenu en octobre\u00a02024, le proc\u00e8s aux assises de Bordeaux pour juger le principal accus\u00e9 se tient de lundi \u00e0 vendredi.<\/p>\n<p>A cette occasion, 20 Minutes revient sur cette affaire qui m\u00eale rivalit\u00e9s territoriales, violence organis\u00e9e et une justice confront\u00e9e \u00e0 la \u00ab\u00a0loi du silence\u00a0\u00bb.<\/p>\n<p>Une embuscade pr\u00e9m\u00e9dit\u00e9e<\/p>\n<p>Tout commence en marge de l\u2019American Saloon, un \u00e9v\u00e9nement attirant des passionn\u00e9s de motos et de culture biker. Selon les investigations men\u00e9es par la police judiciaire de Toulouse et l\u2019Office central de lutte contre la criminalit\u00e9 organis\u00e9e, les Rebels, un club local fond\u00e9 en\u00a02019 par d\u2019anciens proches des Hells Angels, auraient attis\u00e9 la col\u00e8re de ces derniers en s\u2019implantant \u00e0 Tarbes sans leur \u00ab\u00a0aval\u00a0\u00bb, une transgression dans les codes stricts des clubs de motards, rappelle <a href=\"https:\/\/www.centpourcent.com\/les-infos-10\/on-vous-dit-tout-sur-la-bagarre-geante-entre-bikers-qui-a-fait-un-mort-a-tarbes-14155?at_medium=RSS%20feed&amp;at_campaign=ynews&amp;utm_source=yahoo&amp;utm_medium=rss&amp;utm_campaign=news_feed&amp;utm_content=in_article_link\" rel=\"nofollow noopener\" target=\"_blank\" data-ylk=\"slk:100\u00a0% Radio;elm:context_link;itc:0;sec:content-canvas\" class=\"link \">100\u00a0% Radio<\/a>.<\/p>\n<p>Le 18 septembre, les Rebels arrivent au Parc des Expositions. \u00c0 peine sur place, ils sont attaqu\u00e9s sans sommation par un groupe de Hells Angels et leurs affili\u00e9s, dont des membres des Grim Reaper et des Occitaners de Toulouse. (&#8230;)<\/p>\n<p><a href=\"https:\/\/www.20minutes.fr\/justice\/4158360-20250622-bordeaux-ouverture-proces-assises-biker-hells-angels-apres-rixe-mortelle-tarbes?at_medium=RSS%20feed&amp;at_campaign=ynews&amp;utm_source=yahoo&amp;utm_medium=rss&amp;utm_campaign=news_feed&amp;utm_content=read_more_link&quot;\" rel=\"nofollow noopener\" target=\"_blank\" data-ylk=\"slk:Lire la suite sur 20minutes;elm:context_link;itc:0;sec:content-canvas\" class=\"link \">Lire la suite sur 20minutes<\/a><\/p>\n<p>\u00c0 lire aussi :<br \/><a href=\"https:\/\/www.20minutes.fr\/societe\/4116733-20241021-bordeaux-motards-hells-angels-rebels-deux-bandes-rivales-juges-rixe-mortelle-tarbes?at_medium=RSS%20feed&amp;at_campaign=ynews&amp;utm_source=yahoo&amp;utm_medium=rss&amp;utm_campaign=news_feed&amp;utm_content=related_content_link\" rel=\"nofollow noopener\" target=\"_blank\" data-ylk=\"slk:Bordeaux\u00a0: Des motards des Hells Angels et des Rebels, deux bandes rivales, jug\u00e9s pour une rixe mortelle \u00e0 Tarbes;elm:context_link;itc:0;sec:content-canvas\" class=\"link \">Bordeaux\u00a0: Des motards des Hells Angels et des Rebels, deux bandes rivales, jug\u00e9s pour une rixe mortelle \u00e0 Tarbes<\/a><br \/><a href=\"https:\/\/www.20minutes.fr\/justice\/4093854-20240531-cinq-hells-angels-poursuivis-racket-detention-armes?at_medium=RSS%20feed&amp;at_campaign=ynews&amp;utm_source=yahoo&amp;utm_medium=rss&amp;utm_campaign=news_feed&amp;utm_content=related_content_link\" rel=\"nofollow noopener\" target=\"_blank\" data-ylk=\"slk:Cinq Hells Angels poursuivis pour racket et d\u00e9tention d\u2019armes;elm:context_link;itc:0;sec:content-canvas\" class=\"link \">Cinq Hells Angels poursuivis pour racket et d\u00e9tention d\u2019armes<\/a><\/p>\n","protected":false},"excerpt":{"rendered":"bandes rivales &#8211; Le principal accus\u00e9 de la rixe mortelle entre les Hells Angels et les Rebels, le&hellip;\n","protected":false},"author":2,"featured_media":195893,"comment_status":"","ping_status":"","sticky":false,"template":"","format":"standard","meta":{"footnotes":""},"categories":[2817],"tags":[1111,11,1997,33485,1777,674,1011,27,33482,12,2219,7054,33483,25,5510,33484],"class_list":{"0":"post-195892","1":"post","2":"type-post","3":"status-publish","4":"format-standard","5":"has-post-thumbnail","7":"category-bordeaux","8":"tag-actu","9":"tag-actualites","10":"tag-bordeaux","11":"tag-culture-americaine","12":"tag-eu","13":"tag-europe","14":"tag-fr","15":"tag-france","16":"tag-hells-angels","17":"tag-news","18":"tag-nouvelle-aquitaine","19":"tag-parc-des-expositions","20":"tag-rebels","21":"tag-republique-francaise","22":"tag-rixe","23":"tag-tarbes"},"share_on_mastodon":{"url":"https:\/\/pubeurope.com\/@fr\/114727201355570059","error":""},"_links":{"self":[{"href":"https:\/\/www.europesays.com\/fr\/wp-json\/wp\/v2\/posts\/195892","targetHints":{"allow":["GET"]}}],"collection":[{"href":"https:\/\/www.europesays.com\/fr\/wp-json\/wp\/v2\/posts"}],"about":[{"href":"https:\/\/www.europesays.com\/fr\/wp-json\/wp\/v2\/types\/post"}],"author":[{"embeddable":true,"href":"https:\/\/www.europesays.com\/fr\/wp-json\/wp\/v2\/users\/2"}],"replies":[{"embeddable":true,"href":"https:\/\/www.europesays.com\/fr\/wp-json\/wp\/v2\/comments?post=195892"}],"version-history":[{"count":0,"href":"https:\/\/www.europesays.com\/fr\/wp-json\/wp\/v2\/posts\/195892\/revisions"}],"wp:featuredmedia":[{"embeddable":true,"href":"https:\/\/www.europesays.com\/fr\/wp-json\/wp\/v2\/media\/195893"}],"wp:attachment":[{"href":"https:\/\/www.europesays.com\/fr\/wp-json\/wp\/v2\/media?parent=195892"}],"wp:term":[{"taxonomy":"category","embeddable":true,"href":"https:\/\/www.europesays.com\/fr\/wp-json\/wp\/v2\/categories?post=195892"},{"taxonomy":"post_tag","embeddable":true,"href":"https:\/\/www.europesays.com\/fr\/wp-json\/wp\/v2\/tags?post=195892"}],"curies":[{"name":"wp","href":"https:\/\/api.w.org\/{rel}","templated":true}]}}