{"id":195894,"date":"2025-06-22T13:15:08","date_gmt":"2025-06-22T13:15:08","guid":{"rendered":"https:\/\/www.europesays.com\/fr\/195894\/"},"modified":"2025-06-22T13:15:08","modified_gmt":"2025-06-22T13:15:08","slug":"ecrivains-invites-rencontres-les-temps-forts-du-festival","status":"publish","type":"post","link":"https:\/\/www.europesays.com\/fr\/195894\/","title":{"rendered":"\u00e9crivains invit\u00e9s, rencontres\u2026 les temps forts du festival"},"content":{"rendered":"<p>            Par<br \/>\n        <strong><br \/>\n            <a href=\"https:\/\/actu.fr\/auteur\/redaction-toulouse\" title=\"Consulter tous les articles de R\u00e9daction de Toulouse\" rel=\"nofollow noopener\" target=\"_blank\">R\u00e9daction de Toulouse<\/a><br \/>\n        <\/strong><\/p>\n<p>        Publi\u00e9 le<\/p>\n<p>            22 juin 2025 \u00e0 14h18        <\/p>\n<p>Le <strong>Marathon des mots<\/strong> se tiendra \u00e0 Toulouse et dans sa m\u00e9tropole du 24 au 29 juin 2025, et l\u2019on va pouvoir, comme chaque ann\u00e9e, courir de lecture en lecture, de spectacle en rencontre. La programmation est vertigineuse : il y en aura pour tous les go\u00fbts, toutes les envies.<\/p>\n<p>De nombreux invit\u00e9s<\/p>\n<p class=\" wall-content\">Une 21e \u00e9dition dit forc\u00e9ment un ancrage local important et <strong>un \u00e9cho national<\/strong>, voire international, de premier ordre. On le sait, la litt\u00e9rature nous raconte le monde et prend le pouls des tensions et soubresauts de son \u00e9poque. Sous-titr\u00e9e \u00a0\u00bb Est-Ouest \u00ab\u00a0, cette \u00e9dition entend \u00a0\u00bb faire le pont entre deux mondes qui semblent tout pr\u00eats de se d\u00e9chirer comme aux pires heures du XXe si\u00e8cle \u00a0\u00bb pour nous \u00e9clairer sur les enjeux culturels d\u2019aujourd\u2019hui.<\/p>\n<p class=\" wall-content\">De l\u2019ouest, on saluera les venues des Britanniques Samantha Harvey (\u00a0\u00bb Orbital \u00ab\u00a0) et Deborah Levy (\u00a0\u00bb Bleu d\u2019ao\u00fbt \u00ab\u00a0), on courra \u00e9couter l\u2019Am\u00e9ricain Justin Torres (l\u2019excellent \u00a0\u00bb Blackouts \u00ab\u00a0, r\u00e9cipiendaire du National Book Award 2023) et on ira \u00e0 la rencontre de deux Irlandais, Colin Barrett (\u00a0\u00bb Fils Prodigues \u00ab\u00a0, magnifique) et Karl Geary (\u00a0\u00bb Juno &amp; Legs \u00ab\u00a0).<\/p>\n<p>Vent d\u2019est\u00a0<\/p>\n<p class=\" wall-content\">Le vent d\u2019est nous apportera, \u00e0 travers Sergue\u00ef Shilakov (\u00a0\u00bb Esp\u00e8ces dangereuses \u00ab\u00a0) et le journaliste Filipp Dzyadko \u00a0\u00bb Radio Vladimir \u00ab\u00a0) des nouvelles de la Russie de Poutine, qu\u2019ils ont d\u00fb quitter. La programmation fran\u00e7aise, de Vanessa Springora \u00e0 Thomas Clerc en passant par Adrien Bosc, Mazarine Pingeot, Nicolas Fargues ou encore Jean Le Gall (passionnantes \u00a0\u00bb Derni\u00e8res nouvelles de Rome et de l\u2019existence \u00ab\u00a0) a bien fi\u00e8re allure. La musique tissera des liens avec la litt\u00e9rature, notamment avec La Grande Sophie ou Bertrand Belin. La moisson toulousaine est foisonnante et r\u00e9jouissante : Jean-Baptiste Del Amo, pour le formidable thriller tr\u00e8s 80s, \u00a0\u00bb La Nuit ravag\u00e9e \u00ab\u00a0, Simon Chevrier pour \u00a0\u00bb Photographie sur commande \u00ab\u00a0, un des chocs litt\u00e9raires de l\u2019ann\u00e9e, Didier Goupil en lecture-spectacle autour de Nicolas de Stael, Pascal Dessaint (\u00a0\u00bb L\u2019envers de la girafe \u00ab\u00a0), Maylis Adh\u00e9mar (\u00a0\u00bb L\u2019\u00e9cole est finie \u00ab\u00a0), Baptiste Beaulieu (\u00a0\u00bb Tous les silences ne font pas le m\u00eame bruit \u00ab\u00a0) ou encore Guillaume Sire (\u00a0\u00bb Les grandes patries \u00e9tranges \u00ab\u00a0) feront vibrer leurs mots partout dans la Ville rose.<\/p>\n<p>Vid\u00e9os : en ce moment sur ActuAu plus pr\u00e8s des \u00e9crivains\u00a0<\/p>\n<p class=\" wall-content\">Le Marathon des mots, c\u2019est aussi, c\u2019est surtout l\u2019occasion d\u2019approcher au plus pr\u00e8s les \u00e9crivains, mais aussi les com\u00e9diens et les com\u00e9diennes qui viendront lire, dans des endroits merveilleux comme la Chapelle des Carm\u00e9lites ou l\u2019Auditorium Saint-Pierre des Cuisines, des textes classiques, surprenants, \u00e9tonnants ou militants : Jacques Gamblin y fera ses d\u00e9buts, et l\u2019on se pressera pour \u00e9couter Guillaume Gallienne, Pierre Rochefort, Marie-Christine Barrault, Judith Henry et tant d\u2019autres.<\/p>\n<p class=\" wall-content\">On se refuse \u00e0 citer un spectacle plut\u00f4t qu\u2019un autre, sinon \u00e0 les citer tous. Le Marathon des mots se d\u00e9couvre avec l\u2019envie et la curiosit\u00e9 comme seules boussoles, la beaut\u00e9 et la po\u00e9sie comme seules phares. Attendez-vous \u00e0 \u00eatre s\u00e9duits, bouscul\u00e9s, cajol\u00e9s, effray\u00e9s, attendris, charm\u00e9s. C\u2019est fou comme c\u2019est beau, une ville qui lit.<\/p>\n<p class=\" wall-content\"><b>Yves GABAY<\/b><\/p>\n<p>Du 24 au 29 juin. Programme complet sur <a href=\"http:\/\/www.lemarathondesmots.com\" rel=\"nofollow noopener\" target=\"_blank\">www.lemarathondesmots.com<\/a><\/p>\n<p class=\" wall-content\">Suivez toute l\u2019actualit\u00e9 de vos villes et m\u00e9dias favoris en vous inscrivant \u00e0 <a href=\"https:\/\/moncompte.actu.fr\" title=\"D\u00e9couvez Mon Actu\" rel=\"nofollow noopener\" data-trk=\"{&quot;cta&quot;:{&quot;action&quot;:&quot;https:\\\/\\\/moncompte.actu.fr&quot;,&quot;category&quot;:&quot;mon compte&quot;,&quot;from&quot;:&quot;article footer&quot;,&quot;name&quot;:&quot;Mon actu&quot;,&quot;type&quot;:&quot;cta&quot;}}\" target=\"_blank\">Mon Actu<\/a>.<\/p>\n","protected":false},"excerpt":{"rendered":"Par R\u00e9daction de Toulouse Publi\u00e9 le 22 juin 2025 \u00e0 14h18 Le Marathon des mots se tiendra \u00e0&hellip;\n","protected":false},"author":2,"featured_media":195895,"comment_status":"","ping_status":"","sticky":false,"template":"","format":"standard","meta":{"footnotes":""},"categories":[2816],"tags":[1111,11,1777,674,1011,27,1652,12,2680,25,1341,2312],"class_list":{"0":"post-195894","1":"post","2":"type-post","3":"status-publish","4":"format-standard","5":"has-post-thumbnail","7":"category-toulouse","8":"tag-actu","9":"tag-actualites","10":"tag-eu","11":"tag-europe","12":"tag-fr","13":"tag-france","14":"tag-loisirs-culture","15":"tag-news","16":"tag-occitanie","17":"tag-republique-francaise","18":"tag-sortir-a-toulouse","19":"tag-toulouse"},"share_on_mastodon":{"url":"https:\/\/pubeurope.com\/@fr\/114727205168741752","error":""},"_links":{"self":[{"href":"https:\/\/www.europesays.com\/fr\/wp-json\/wp\/v2\/posts\/195894","targetHints":{"allow":["GET"]}}],"collection":[{"href":"https:\/\/www.europesays.com\/fr\/wp-json\/wp\/v2\/posts"}],"about":[{"href":"https:\/\/www.europesays.com\/fr\/wp-json\/wp\/v2\/types\/post"}],"author":[{"embeddable":true,"href":"https:\/\/www.europesays.com\/fr\/wp-json\/wp\/v2\/users\/2"}],"replies":[{"embeddable":true,"href":"https:\/\/www.europesays.com\/fr\/wp-json\/wp\/v2\/comments?post=195894"}],"version-history":[{"count":0,"href":"https:\/\/www.europesays.com\/fr\/wp-json\/wp\/v2\/posts\/195894\/revisions"}],"wp:featuredmedia":[{"embeddable":true,"href":"https:\/\/www.europesays.com\/fr\/wp-json\/wp\/v2\/media\/195895"}],"wp:attachment":[{"href":"https:\/\/www.europesays.com\/fr\/wp-json\/wp\/v2\/media?parent=195894"}],"wp:term":[{"taxonomy":"category","embeddable":true,"href":"https:\/\/www.europesays.com\/fr\/wp-json\/wp\/v2\/categories?post=195894"},{"taxonomy":"post_tag","embeddable":true,"href":"https:\/\/www.europesays.com\/fr\/wp-json\/wp\/v2\/tags?post=195894"}],"curies":[{"name":"wp","href":"https:\/\/api.w.org\/{rel}","templated":true}]}}