{"id":195896,"date":"2025-06-22T13:16:08","date_gmt":"2025-06-22T13:16:08","guid":{"rendered":"https:\/\/www.europesays.com\/fr\/195896\/"},"modified":"2025-06-22T13:16:08","modified_gmt":"2025-06-22T13:16:08","slug":"fete-de-la-musique-plusieurs-signalements-de-piqures-a-toulouse-un-homme-interpelle","status":"publish","type":"post","link":"https:\/\/www.europesays.com\/fr\/195896\/","title":{"rendered":"F\u00eate de la musique. Plusieurs signalements de piq\u00fbres \u00e0 Toulouse, un homme interpell\u00e9"},"content":{"rendered":"<p>            Par<br \/>\n        <strong><br \/>\n            <a href=\"https:\/\/actu.fr\/auteur\/gabriel-kenedi\" title=\"Consulter tous les articles de Gabriel Kenedi\" target=\"_blank\" rel=\"noopener\">Gabriel Kenedi<\/a><br \/>\n        <\/strong><\/p>\n<p>        Publi\u00e9 le<\/p>\n<p>            22 juin 2025 \u00e0 14h58        <\/p>\n<p>La<strong> F\u00eate de la musique<\/strong> se tenait partout en France, ce samedi 21 juin 2025. Et au moment de faire le bilan de cette nuit festive, le minist\u00e8re de l\u2019Int\u00e9rieur a insist\u00e9 sur un ph\u00e9nom\u00e8ne pour le moins inqui\u00e9tant : <a href=\"https:\/\/actu.fr\/faits-divers\/un-mort-300-piqures-et-autant-d-interpellations-le-bilan-des-debordements-lors-de-la-fete-de-la-musique_62807889.html\" target=\"_blank\" rel=\"noopener\">145 victimes de piq\u00fbres<\/a> se sont manifest\u00e9es aupr\u00e8s des services de police dans l\u2019Hexagone et en Outre-Mer durant la soir\u00e9e. Or, en amont de cette nuit festive, des appels avaient \u00e9t\u00e9 post\u00e9s sur les r\u00e9seaux sociaux visant \u00e0 \u00ab attaquer et \u00e0 piquer des femmes lors de la F\u00eate de la musique \u00bb.\u00a0<\/p>\n<p>\u00ab\u00a0Plusieurs signalements \u00e0 Toulouse\u00a0\u00bb<\/p>\n<p class=\" wall-content\">Qu\u2019en est-il \u00e0 Toulouse ?\u00a0 Contact\u00e9 par Actu Toulouse, le parquet indique que \u00ab\u00a0plusieurs jeunes femmes se sont plaintes du fait<strong> d\u2019avoir \u00e9t\u00e9 piqu\u00e9es<\/strong> \u00e0 Toulouse\u00a0\u00bb. Et pr\u00e9cise qu\u2019une \u00ab\u00a0<strong>enqu\u00eate a \u00e9t\u00e9 ouverte<\/strong> suite \u00e0 ces d\u00e9nonciations\u00a0\u00bb.<\/p>\n<p>Une interpellation\u00a0<\/p>\n<p class=\" wall-content\">La m\u00eame source pr\u00e9cise qu\u2019un \u00ab\u00a0homme \u00e2g\u00e9 d\u2019une trentaine d\u2019ann\u00e9es a \u00e9t\u00e9 <strong>interpell\u00e9<\/strong>\u00a0\u00bb et que sa garde \u00e0 vue est en cours. Pr\u00e9cisons qu\u2019en France, plus de <strong>300 gardes \u00e0 vue<\/strong> pour ce motif ont \u00e9t\u00e9 recens\u00e9es par le minist\u00e8re de l\u2019Int\u00e9rieur.\u00a0<\/p>\n<p class=\" wall-content\">Le minist\u00e8re de l\u2019Int\u00e9rieur fait par ailleurs savoir que \u00ab\u00a0certaines victimes ont \u00e9t\u00e9 prises en charge dans des h\u00f4pitaux afin de subir des analyses toxicologiques\u00a0\u00bb.<\/p>\n<p>Des enqu\u00eates compliqu\u00e9es\u00a0<\/p>\n<p class=\" wall-content\">Mais le travail des enqu\u00eateurs ne fait que commencer\u2026\u00a0 \u00ab\u00a0Ce sont des enqu\u00eates qui sont <strong>assez compliqu\u00e9es<\/strong> parce que faut d\u00e9terminer s\u2019il y a eu une administration d\u2019une substance ou pas\u00a0\u00bb, pr\u00e9cise une source proche du dossier \u00e0 Actu Toulouse.\u00a0<\/p>\n<p>Vid\u00e9os : en ce moment sur Actu<\/p>\n<p class=\" wall-content\">Suivez toute l\u2019actualit\u00e9 de vos villes et m\u00e9dias favoris en vous inscrivant \u00e0 <a href=\"https:\/\/moncompte.actu.fr\" title=\"D\u00e9couvez Mon Actu\" rel=\"nofollow noopener\" data-trk=\"{&quot;cta&quot;:{&quot;action&quot;:&quot;https:\\\/\\\/moncompte.actu.fr&quot;,&quot;category&quot;:&quot;mon compte&quot;,&quot;from&quot;:&quot;article footer&quot;,&quot;name&quot;:&quot;Mon actu&quot;,&quot;type&quot;:&quot;cta&quot;}}\" target=\"_blank\">Mon Actu<\/a>.<\/p>\n<ul class=\"ac-article-tag wall-content\">\n<li><a href=\"https:\/\/actu.fr\/tag\/fete-de-la-musique\" data-trk=\"{&quot;cta&quot;:{&quot;action&quot;:&quot;F\\u00eate de la musique&quot;,&quot;category&quot;:&quot;tag&quot;,&quot;from&quot;:&quot;article footer&quot;,&quot;name&quot;:&quot;F\\u00eate de la musique&quot;,&quot;type&quot;:&quot;cta&quot;}}\" target=\"_blank\" rel=\"noopener\">#F\u00eate de la musique<\/a><\/li>\n<li><a href=\"https:\/\/actu.fr\/tag\/police\" data-trk=\"{&quot;cta&quot;:{&quot;action&quot;:&quot;Police&quot;,&quot;category&quot;:&quot;tag&quot;,&quot;from&quot;:&quot;article footer&quot;,&quot;name&quot;:&quot;Police&quot;,&quot;type&quot;:&quot;cta&quot;}}\" target=\"_blank\" rel=\"noopener\">#Police<\/a><\/li>\n<\/ul>\n","protected":false},"excerpt":{"rendered":"Par Gabriel Kenedi Publi\u00e9 le 22 juin 2025 \u00e0 14h58 La F\u00eate de la musique se tenait partout&hellip;\n","protected":false},"author":2,"featured_media":122362,"comment_status":"","ping_status":"","sticky":false,"template":"","format":"standard","meta":{"footnotes":""},"categories":[2816],"tags":[1111,11,1777,674,118,25885,1011,27,12,2680,1072,25,2312],"class_list":{"0":"post-195896","1":"post","2":"type-post","3":"status-publish","4":"format-standard","5":"has-post-thumbnail","7":"category-toulouse","8":"tag-actu","9":"tag-actualites","10":"tag-eu","11":"tag-europe","12":"tag-faits-divers","13":"tag-fete-de-la-musique","14":"tag-fr","15":"tag-france","16":"tag-news","17":"tag-occitanie","18":"tag-police","19":"tag-republique-francaise","20":"tag-toulouse"},"share_on_mastodon":{"url":"https:\/\/pubeurope.com\/@fr\/114727209093284760","error":""},"_links":{"self":[{"href":"https:\/\/www.europesays.com\/fr\/wp-json\/wp\/v2\/posts\/195896","targetHints":{"allow":["GET"]}}],"collection":[{"href":"https:\/\/www.europesays.com\/fr\/wp-json\/wp\/v2\/posts"}],"about":[{"href":"https:\/\/www.europesays.com\/fr\/wp-json\/wp\/v2\/types\/post"}],"author":[{"embeddable":true,"href":"https:\/\/www.europesays.com\/fr\/wp-json\/wp\/v2\/users\/2"}],"replies":[{"embeddable":true,"href":"https:\/\/www.europesays.com\/fr\/wp-json\/wp\/v2\/comments?post=195896"}],"version-history":[{"count":0,"href":"https:\/\/www.europesays.com\/fr\/wp-json\/wp\/v2\/posts\/195896\/revisions"}],"wp:featuredmedia":[{"embeddable":true,"href":"https:\/\/www.europesays.com\/fr\/wp-json\/wp\/v2\/media\/122362"}],"wp:attachment":[{"href":"https:\/\/www.europesays.com\/fr\/wp-json\/wp\/v2\/media?parent=195896"}],"wp:term":[{"taxonomy":"category","embeddable":true,"href":"https:\/\/www.europesays.com\/fr\/wp-json\/wp\/v2\/categories?post=195896"},{"taxonomy":"post_tag","embeddable":true,"href":"https:\/\/www.europesays.com\/fr\/wp-json\/wp\/v2\/tags?post=195896"}],"curies":[{"name":"wp","href":"https:\/\/api.w.org\/{rel}","templated":true}]}}