{"id":195898,"date":"2025-06-22T13:19:10","date_gmt":"2025-06-22T13:19:10","guid":{"rendered":"https:\/\/www.europesays.com\/fr\/195898\/"},"modified":"2025-06-22T13:19:10","modified_gmt":"2025-06-22T13:19:10","slug":"depuis-dix-ans-sos-mediterranee-a-sauve-plus-de-40-000-vies","status":"publish","type":"post","link":"https:\/\/www.europesays.com\/fr\/195898\/","title":{"rendered":"Depuis dix ans, SOS M\u00e9diterran\u00e9e a sauv\u00e9 plus de 40\u00a0000 vies"},"content":{"rendered":"<p>On se souvient de ce matin d\u2019\u00e9t\u00e9\u00a02015, dans un caf\u00e9 pr\u00e8s de la gare Saint-Charles. Humanitaire marseillaise, crois\u00e9e jadis chez M\u00e9decins du monde, Sophie Beau avait alors les traits tir\u00e9s et l\u2019impression d\u2019avoir d\u00e9clench\u00e9 un tsunami\u00a0: la campagne de financement participatif lanc\u00e9e quelques jours plus t\u00f4t par SOS M\u00e9diterran\u00e9e, \u00e9tait en train de faire un d\u00e9marrage exceptionnel. \u00ab\u00a0On visait 100\u00a0000\u00a0euros, et on en a re\u00e7u 275\u00a0000\u00a0!\u00a0\u00bb se souvient sa cofondatrice et directrice g\u00e9n\u00e9rale.<\/p>\n","protected":false},"excerpt":{"rendered":"On se souvient de ce matin d\u2019\u00e9t\u00e9\u00a02015, dans un caf\u00e9 pr\u00e8s de la gare Saint-Charles. Humanitaire marseillaise, crois\u00e9e&hellip;\n","protected":false},"author":2,"featured_media":195899,"comment_status":"","ping_status":"","sticky":false,"template":"","format":"standard","meta":{"footnotes":""},"categories":[2814],"tags":[17,1111,11,33487,1444,1777,674,1011,27,33486,884,1252,12,882,25,9874,104,12781,16092],"class_list":{"0":"post-195898","1":"post","2":"type-post","3":"status-publish","4":"format-standard","5":"has-post-thumbnail","7":"category-marseille","8":"tag-17","9":"tag-actu","10":"tag-actualites","11":"tag-continue","12":"tag-contre","13":"tag-eu","14":"tag-europe","15":"tag-fr","16":"tag-france","17":"tag-marees","18":"tag-marseille","19":"tag-mediterranee","20":"tag-news","21":"tag-provence-alpes-cote-dazur","22":"tag-republique-francaise","23":"tag-sauver","24":"tag-societe","25":"tag-sos","26":"tag-vents"},"share_on_mastodon":{"url":"https:\/\/pubeurope.com\/@fr\/114727220906251085","error":""},"_links":{"self":[{"href":"https:\/\/www.europesays.com\/fr\/wp-json\/wp\/v2\/posts\/195898","targetHints":{"allow":["GET"]}}],"collection":[{"href":"https:\/\/www.europesays.com\/fr\/wp-json\/wp\/v2\/posts"}],"about":[{"href":"https:\/\/www.europesays.com\/fr\/wp-json\/wp\/v2\/types\/post"}],"author":[{"embeddable":true,"href":"https:\/\/www.europesays.com\/fr\/wp-json\/wp\/v2\/users\/2"}],"replies":[{"embeddable":true,"href":"https:\/\/www.europesays.com\/fr\/wp-json\/wp\/v2\/comments?post=195898"}],"version-history":[{"count":0,"href":"https:\/\/www.europesays.com\/fr\/wp-json\/wp\/v2\/posts\/195898\/revisions"}],"wp:featuredmedia":[{"embeddable":true,"href":"https:\/\/www.europesays.com\/fr\/wp-json\/wp\/v2\/media\/195899"}],"wp:attachment":[{"href":"https:\/\/www.europesays.com\/fr\/wp-json\/wp\/v2\/media?parent=195898"}],"wp:term":[{"taxonomy":"category","embeddable":true,"href":"https:\/\/www.europesays.com\/fr\/wp-json\/wp\/v2\/categories?post=195898"},{"taxonomy":"post_tag","embeddable":true,"href":"https:\/\/www.europesays.com\/fr\/wp-json\/wp\/v2\/tags?post=195898"}],"curies":[{"name":"wp","href":"https:\/\/api.w.org\/{rel}","templated":true}]}}