{"id":195904,"date":"2025-06-22T13:22:15","date_gmt":"2025-06-22T13:22:15","guid":{"rendered":"https:\/\/www.europesays.com\/fr\/195904\/"},"modified":"2025-06-22T13:22:15","modified_gmt":"2025-06-22T13:22:15","slug":"plusieurs-centaines-de-policiers-deployes-11-arrestations","status":"publish","type":"post","link":"https:\/\/www.europesays.com\/fr\/195904\/","title":{"rendered":"plusieurs centaines de policiers d\u00e9ploy\u00e9s, 11 arrestations"},"content":{"rendered":"<p>La F\u00eate de la musique et la canicule incitant \u00e0 profiter de la tr\u00e8s relative fra\u00eecheur de la nuit ont conduit une foule importante dans les rues de Lyon, en particulier dans le centre de la ville. Comme pour chaque rendez-vous festif, la Presqu\u2019\u00eele et notamment le secteur de la place Bellecour ont connu une affluence record.<\/p>\n<p>L\u2019important dispositif de s\u00e9curit\u00e9 mis en place a permis de contr\u00f4ler les flux de participants et d\u2019\u00e9viter des d\u00e9bordements. Quatre cents policiers et gendarmes, deux cents pompiers, cent trente policiers municipaux et agents de s\u00e9curit\u00e9 et cent agents des TCL <a href=\"https:\/\/www.leprogres.fr\/politique\/2025\/06\/20\/fete-de-la-musique-bruno-retailleau-demande-un-renforcement-de-la-securite\" target=\"_blank\" rel=\"nofollow noopener\">ont \u00e9t\u00e9 mobilis\u00e9s<\/a>, et aucun incident majeur ne s\u2019est produit.<\/p>\n<p>  Dix gardes \u00e0 vue<\/p>\n<p>Selon nos informations, les forces de l\u2019ordre ont proc\u00e9d\u00e9 \u00e0 onze interpellations, principalement place Antonin-Poncet, place Bellecour et dans le secteur des Terreaux, dont 10 ont \u00e9t\u00e9 suivies d\u2019une garde \u00e0 vue.<\/p>\n<p>Les infractions relev\u00e9es concernent pour la plupart la possession de mortiers, de matraques, de bombes lacrymog\u00e8nes et de gants \u00e0 coque, des ports d\u2019arme, des menaces avec arme, ainsi que le tir de mortiers et un vol de t\u00e9l\u00e9phone.<\/p>\n<p>  175 interventions des pompiers<\/p>\n<p>Le SDMIS a \u00e9t\u00e9 particuli\u00e8rement sollicit\u00e9 puisque les pompiers ont effectu\u00e9 175 interventions pendant la soir\u00e9e et la nuit, essentiellement des secours \u00e0 personnes. Le dispositif de s\u00e9curit\u00e9 de cette F\u00eate de la musique a \u00e9t\u00e9 supervis\u00e9 par le <a href=\"https:\/\/www.leprogres.fr\/faits-divers-justice\/2024\/11\/18\/antoine-guerin-le-nouveau-prefet-dedie-a-la-securite-affiche-ses-priorites\" target=\"_blank\" rel=\"nofollow noopener\">pr\u00e9fet d\u00e9l\u00e9gu\u00e9 \u00e0 la d\u00e9fense et \u00e0 la s\u00e9curit\u00e9<\/a> depuis le centre de commandement.<\/p>\n","protected":false},"excerpt":{"rendered":"La F\u00eate de la musique et la canicule incitant \u00e0 profiter de la tr\u00e8s relative fra\u00eecheur de la&hellip;\n","protected":false},"author":2,"featured_media":195905,"comment_status":"","ping_status":"","sticky":false,"template":"","format":"standard","meta":{"footnotes":""},"categories":[1889],"tags":[1111,11,2430,271,272,2757,1777,674,274,107,1011,27,2428,2756,12,25,2429],"class_list":{"0":"post-195904","1":"post","2":"type-post","3":"status-publish","4":"format-standard","5":"has-post-thumbnail","7":"category-lyon","8":"tag-actu","9":"tag-actualites","10":"tag-auvergne-rhone-alpes","11":"tag-crime","12":"tag-delit-et-contravention","13":"tag-edition-lyon-villeurbanne","14":"tag-eu","15":"tag-europe","16":"tag-faits-divers-justice","17":"tag-fil-info","18":"tag-fr","19":"tag-france","20":"tag-lyon","21":"tag-lyon-bassin","22":"tag-news","23":"tag-republique-francaise","24":"tag-rhone"},"share_on_mastodon":{"url":"https:\/\/pubeurope.com\/@fr\/114727232695195573","error":""},"_links":{"self":[{"href":"https:\/\/www.europesays.com\/fr\/wp-json\/wp\/v2\/posts\/195904","targetHints":{"allow":["GET"]}}],"collection":[{"href":"https:\/\/www.europesays.com\/fr\/wp-json\/wp\/v2\/posts"}],"about":[{"href":"https:\/\/www.europesays.com\/fr\/wp-json\/wp\/v2\/types\/post"}],"author":[{"embeddable":true,"href":"https:\/\/www.europesays.com\/fr\/wp-json\/wp\/v2\/users\/2"}],"replies":[{"embeddable":true,"href":"https:\/\/www.europesays.com\/fr\/wp-json\/wp\/v2\/comments?post=195904"}],"version-history":[{"count":0,"href":"https:\/\/www.europesays.com\/fr\/wp-json\/wp\/v2\/posts\/195904\/revisions"}],"wp:featuredmedia":[{"embeddable":true,"href":"https:\/\/www.europesays.com\/fr\/wp-json\/wp\/v2\/media\/195905"}],"wp:attachment":[{"href":"https:\/\/www.europesays.com\/fr\/wp-json\/wp\/v2\/media?parent=195904"}],"wp:term":[{"taxonomy":"category","embeddable":true,"href":"https:\/\/www.europesays.com\/fr\/wp-json\/wp\/v2\/categories?post=195904"},{"taxonomy":"post_tag","embeddable":true,"href":"https:\/\/www.europesays.com\/fr\/wp-json\/wp\/v2\/tags?post=195904"}],"curies":[{"name":"wp","href":"https:\/\/api.w.org\/{rel}","templated":true}]}}