{"id":195917,"date":"2025-06-22T13:30:12","date_gmt":"2025-06-22T13:30:12","guid":{"rendered":"https:\/\/www.europesays.com\/fr\/195917\/"},"modified":"2025-06-22T13:30:12","modified_gmt":"2025-06-22T13:30:12","slug":"les-effets-de-la-torture-deux-soldats-ukrainiens-meurent-en-quelques-jours-apres-leur-liberation","status":"publish","type":"post","link":"https:\/\/www.europesays.com\/fr\/195917\/","title":{"rendered":"Les effets de la torture ? Deux soldats ukrainiens meurent en quelques jours apr\u00e8s leur lib\u00e9ration"},"content":{"rendered":"<p>Il y a cinq jours, dans sa ville natale, il avait \u00e9t\u00e9 accueilli en h\u00e9ros. Sous les yeux \u00e9bahis et embu\u00e9 de sa maman. Serhii Dobrovolskyi, un <a href=\"https:\/\/www.parismatch.com\/actu\/international\/guerre-en-ukraine-les-enregistrements-qui-montrent-des-prisonniers-ukrainiens-executes-par-les-russes-251842\" rel=\"nofollow noopener\" target=\"_blank\" data-ylk=\"slk:soldat ukrainien retenu captif;elm:context_link;itc:0;sec:content-canvas\" class=\"link \">soldat ukrainien retenu captif<\/a> pendant plus de deux ans en <a href=\"https:\/\/www.parismatch.com\/dossiers\/russie\" rel=\"nofollow noopener\" target=\"_blank\" data-ylk=\"slk:Russie;elm:context_link;itc:0;sec:content-canvas\" class=\"link \">Russie<\/a>, est mort un mois seulement apr\u00e8s sa lib\u00e9ration survenue fin mai.<\/p>\n<p>\u00ab\u00a0Serhii Dobrovolskyi a \u00e9t\u00e9 lib\u00e9r\u00e9 de captivit\u00e9 fin mai de cette ann\u00e9e. Il y a quelques jours, il a \u00e9t\u00e9 accueilli par ses concitoyens dans sa ville natale. Il est d\u00e9c\u00e9d\u00e9 brutalement\u00a0\u00bb, a \u00e9crit sur Facebook\u00a0<a href=\"https:\/\/www.facebook.com\/suhlyakvladislav\/posts\/pfbid0q4QaKjR2117Sa2tNKmHrLgjDat7Z2jU8dDhmHV9Y7k6MSCPiRWsRTSdZ2ftRNTMSl?locale=uk_UA\" rel=\"nofollow noopener\" target=\"_blank\" data-ylk=\"slk:Vladyslav Sukhliak;elm:context_link;itc:0;sec:content-canvas\" class=\"link \">Vladyslav Sukhliak<\/a>, chef du district natal du soldat, Zdolbuniv, dans l\u2019oblast de Rivne. Pour le moment, la cause exacte de son d\u00e9c\u00e8s n\u2019a pas \u00e9t\u00e9 imm\u00e9diatement confirm\u00e9e, indique le <a href=\"https:\/\/kyivindependent.com\/former-ukrainian-pow-released-from-russian-captivity-in-recent-exchange-dies\/\" rel=\"nofollow noopener\" target=\"_blank\" data-ylk=\"slk:Kiyv Independent;elm:context_link;itc:0;sec:content-canvas\" class=\"link \">Kiyv Independent<\/a>.<\/p>\n<p>L\u2019Ukraine pointe la torture subie par les prisonniers<\/p>\n<p>Cette affaire est la derni\u00e8re d\u2019une s\u00e9rie de d\u00e9c\u00e8s inattendus de soldats ukrainiens apr\u00e8s leur retour de captivit\u00e9 en Russie. Pour les Ukrainiens, elles mettent en \u00e9vidence les effets de la torture \u00ab\u00a0g\u00e9n\u00e9ralis\u00e9e et syst\u00e9matique\u00a0\u00bb des prisonniers de guerre (PG) dans les prisons russes, rapport\u00e9s par l\u2019ONU.<\/p>\n<p>Une vid\u00e9o\u00a0publi\u00e9e\u00a0par la mairie de Zdolbuniv le 17\u00a0juin montre Dobrovolskyi accueilli \u00e0 Zdolbuniv par une foule scandant l\u2019hymne ukrainien, tandis que le soldat serre sa m\u00e8re dans ses bras. Il a \u00e9galement re\u00e7u un korovai, une miche de pain ronde, dans le cadre de la tradition ukrainienne symbolique de l\u2019accueil avec du pain et du sel.<\/p>\n<p>\u00ab\u00a0Enfin, apr\u00e8s presque deux ans, la m\u00e8re a serr\u00e9 son fils dans ses bras\u00a0\u00bb, a comment\u00e9 le conseil municipal de Zdolb&#8230;<\/p>\n<p><a href=\"https:\/\/www.parismatch.com\/actu\/international\/les-effets-de-la-torture-deux-soldats-ukrainiens-meurent-en-quelques-jours-apres-leur-liberation-253120?at_medium=affiliate&amp;at_campaign=Yahoo\" rel=\"nofollow noopener\" target=\"_blank\" data-ylk=\"slk:Lire la suite sur ParisMatch;elm:context_link;itc:0;sec:content-canvas\" class=\"link \">Lire la suite sur ParisMatch<\/a><\/p>\n","protected":false},"excerpt":{"rendered":"Il y a cinq jours, dans sa ville natale, il avait \u00e9t\u00e9 accueilli en h\u00e9ros. Sous les yeux&hellip;\n","protected":false},"author":2,"featured_media":195918,"comment_status":"","ping_status":"","sticky":false,"template":"","format":"standard","meta":{"footnotes":""},"categories":[1590],"tags":[11,1777,674,7285,33488,12,15307,220,33489],"class_list":{"0":"post-195917","1":"post","2":"type-post","3":"status-publish","4":"format-standard","5":"has-post-thumbnail","7":"category-ukraine","8":"tag-actualites","9":"tag-eu","10":"tag-europe","11":"tag-jours","12":"tag-miche-de-pain","13":"tag-news","14":"tag-prisonniers-de-guerre","15":"tag-ukraine","16":"tag-zdolbuniv"},"share_on_mastodon":{"url":"https:\/\/pubeurope.com\/@fr\/114727264200516583","error":""},"_links":{"self":[{"href":"https:\/\/www.europesays.com\/fr\/wp-json\/wp\/v2\/posts\/195917","targetHints":{"allow":["GET"]}}],"collection":[{"href":"https:\/\/www.europesays.com\/fr\/wp-json\/wp\/v2\/posts"}],"about":[{"href":"https:\/\/www.europesays.com\/fr\/wp-json\/wp\/v2\/types\/post"}],"author":[{"embeddable":true,"href":"https:\/\/www.europesays.com\/fr\/wp-json\/wp\/v2\/users\/2"}],"replies":[{"embeddable":true,"href":"https:\/\/www.europesays.com\/fr\/wp-json\/wp\/v2\/comments?post=195917"}],"version-history":[{"count":0,"href":"https:\/\/www.europesays.com\/fr\/wp-json\/wp\/v2\/posts\/195917\/revisions"}],"wp:featuredmedia":[{"embeddable":true,"href":"https:\/\/www.europesays.com\/fr\/wp-json\/wp\/v2\/media\/195918"}],"wp:attachment":[{"href":"https:\/\/www.europesays.com\/fr\/wp-json\/wp\/v2\/media?parent=195917"}],"wp:term":[{"taxonomy":"category","embeddable":true,"href":"https:\/\/www.europesays.com\/fr\/wp-json\/wp\/v2\/categories?post=195917"},{"taxonomy":"post_tag","embeddable":true,"href":"https:\/\/www.europesays.com\/fr\/wp-json\/wp\/v2\/tags?post=195917"}],"curies":[{"name":"wp","href":"https:\/\/api.w.org\/{rel}","templated":true}]}}