{"id":195921,"date":"2025-06-22T13:32:19","date_gmt":"2025-06-22T13:32:19","guid":{"rendered":"https:\/\/www.europesays.com\/fr\/195921\/"},"modified":"2025-06-22T13:32:19","modified_gmt":"2025-06-22T13:32:19","slug":"epargnez-nous-vos-enfants-pourquoi-la-france-a-tort-de-lutter-contre-le-no-kids","status":"publish","type":"post","link":"https:\/\/www.europesays.com\/fr\/195921\/","title":{"rendered":"\u00c9pargnez-nous vos enfants ! Pourquoi la France a tort de lutter contre le \u201cno kids\u201d"},"content":{"rendered":"\n<p>Nous avons tous \u00e9t\u00e9 enfants un jour, je le sais bien. Il n\u2019emp\u00eache que je ne voudrais pas partir en vacances avec l\u2019enfant de 5\u00a0ans que j\u2019\u00e9tais. Et je ne compterais pas sur le fait que mes amis y soient plus dispos\u00e9s. Mais les Fran\u00e7ais, apparemment, si.<\/p>\n<p>Une temp\u00eate a r\u00e9cemment secou\u00e9 le bocal de l\u2019industrie h\u00f4teli\u00e8re europ\u00e9enne lorsqu\u2019une rumeur s\u2019est r\u00e9pandue selon laquelle le gouvernement fran\u00e7ais se pr\u00e9parait \u00e0 rendre ill\u00e9gale l\u2019interdiction des enfants dans certains h\u00f4tels, campings ou restaurants. Sarah El Ha\u00efry, haute-commissaire \u00e0 l\u2019Enfance, s\u2019est dite pr\u00eate \u00e0 faire voter une nouvelle loi pour lutter contre la \u201ctendance z\u00e9ro enfant\u201d.<\/p>\n<p>Cette position est en partie nourrie par les inqui\u00e9tudes exprim\u00e9es sur des sites comme <a href=\"https:\/\/www.courrierinternational.com\/article\/mumsnet-de-forum-pour-mamans-a-acteur-incontournable-de-la-vie-politique-britannique_228930\" target=\"_blank\" rel=\"noopener\">Mumsnet<\/a>, o\u00f9 des mamans craignent de voir la France suivre l\u2019exemple de la Belgique, o\u00f9, selon le magazine Paris Match, un restaurant sur dix est interdit aux enfants. Selon El Ha\u00efry, il s\u2019agit d\u2019une forme de \u201cviolence faite aux enfants\u201d. Un enfant \u201cest un petit \u00eatre qui rit, qui pleure, qui bouge. [\u2026] On est en train d\u2019institutionnaliser l\u2019id\u00e9e que le silence est un luxe et que l\u2019absence d\u2019enfant est un luxe.\u201d<\/p>\n<p>Alors je le dis tout net\u00a0: je suis compl\u00e8tement institutionnalis\u00e9.<\/p>\n<p> Les enfants passent leur temps \u00e0                       <\/p>\n<p> <strong>La\u00a0suite est r\u00e9serv\u00e9e aux abonn\u00e9s\u2026 <\/strong> <\/p>\n<p>      <img decoding=\"async\" class=\"\" loading=\"lazy\" src=\"https:\/\/www.europesays.com\/fr\/wp-content\/uploads\/2025\/04\/lauzan.png\" width=\"640\" height=\"360\" alt=\"Dessin de Lauzan\"\/>   <\/p>\n<ul class=\"paywall-arguments\">\n<li data-icon=\"check\">Acc\u00e9dez \u00e0\u00a0tous les contenus abonn\u00e9s<\/li>\n<li data-icon=\"check\">Soutenez une r\u00e9daction ind\u00e9pendante<\/li>\n<li data-icon=\"check\">Recevez le\u00a0R\u00e9veil Courrier chaque matin<\/li>\n<\/ul>\n<p class=\"article-authors\">                         <a href=\"https:\/\/www.courrierinternational.com\/auteur\/mark-c-o-flaherty\" target=\"_blank\" rel=\"noopener\">Mark C. O\u2019Flaherty<\/a>    <\/p>\n<p class=\"article-vo\"><a href=\"https:\/\/www.telegraph.co.uk\/travel\/news\/france-ban-children-adults-only-venues\/\" rel=\"noopener\" target=\"_blank\">Lire l\u2019article original<\/a><\/p>\n<p>Nos lecteurs ont lu\u00a0aussi<\/p>\n<p>Source de l\u2019article<\/p>\n<p>   <img decoding=\"async\" class=\"source-logo\" src=\"https:\/\/www.europesays.com\/fr\/wp-content\/uploads\/2025\/05\/8be5236_1643653611956-the-daily-telegraph.jpg\"  alt=\"Logo\" loading=\"lazy\" width=\"32\" height=\"32\"\/>  The Daily Telegraph  (Londres)       <\/p>\n<p>Atlantiste et eurosceptique sur le fond, pugnace et engag\u00e9 sur la forme, c\u2019est le journal conservateur de r\u00e9f\u00e9rence. Fond\u00e9 en 1855, comme le\u00a0rappelle son titre en\u00a0hommage \u00e0 une technologie de\u00a0communication alors r\u00e9volutionnaire, il est le dernier des quotidiens nationaux d\u2019envergure \u00e0 ne pas avoir abandonn\u00e9 le grand format.<\/p>\n<p>D\u00e9tenu jusqu\u2019au d\u00e9but de 2004 par le magnat de la presse Conrad Black, le titre a ensuite \u00e9t\u00e9 la propri\u00e9t\u00e9 des fr\u00e8res milliardaires David et Frederick Barclay. En 2023, sur fond de bras de fer financier, le journal a \u00e9t\u00e9 saisi par les cr\u00e9anciers de la famille Barclay, qui lui cherchent d\u00e9sormais un nouveau propri\u00e9taire, ainsi qu\u2019\u00e0 The Sunday Telegraph, regroup\u00e9s au sein du Telegraph Media Group Holdings Ltd.<\/p>\n<p>Son agenda est tr\u00e8s pris\u00e9, en raison notamment du Court Circular, qui pr\u00e9sente tous les jours les activit\u00e9s de la famille royale. Un autre rendez-vous tr\u00e8s attendu est le petit dessin de Matt, toujours \u00e9l\u00e9gant et dr\u00f4le, publi\u00e9 en premi\u00e8re page.<\/p>\n<p>      <a href=\"https:\/\/www.courrierinternational.com\/notule-source\/the-daily-telegraph-0\" class=\"source-link\" target=\"_blank\" rel=\"noopener\">Lire la suite<\/a>                 <\/p>\n<p>Nos services<\/p>\n","protected":false},"excerpt":{"rendered":"Nous avons tous \u00e9t\u00e9 enfants un jour, je le sais bien. Il n\u2019emp\u00eache que je ne voudrais pas&hellip;\n","protected":false},"author":2,"featured_media":195922,"comment_status":"","ping_status":"","sticky":false,"template":"","format":"standard","meta":{"footnotes":""},"categories":[1588],"tags":[11,1719,1777,674,27,3821,12,33490,473,1853,1857,1851,1850,1852,2528],"class_list":{"0":"post-195921","1":"post","2":"type-post","3":"status-publish","4":"format-standard","5":"has-post-thumbnail","7":"category-royaume-uni","8":"tag-actualites","9":"tag-enfants","10":"tag-eu","11":"tag-europe","12":"tag-france","13":"tag-la-france-vue-de-lu2019u00e9tranger","14":"tag-news","15":"tag-parentalitu00e9","16":"tag-royaume-uni","17":"tag-royaume-uni-de-grande-bretagne-et-dirlande-du-nord","18":"tag-sociu00e9tu00e9","19":"tag-uk","20":"tag-united-kingdom","21":"tag-united-kingdom-of-great-britain-and-northern-ireland","22":"tag-vacances"},"share_on_mastodon":{"url":"https:\/\/pubeurope.com\/@fr\/114727272084870362","error":""},"_links":{"self":[{"href":"https:\/\/www.europesays.com\/fr\/wp-json\/wp\/v2\/posts\/195921","targetHints":{"allow":["GET"]}}],"collection":[{"href":"https:\/\/www.europesays.com\/fr\/wp-json\/wp\/v2\/posts"}],"about":[{"href":"https:\/\/www.europesays.com\/fr\/wp-json\/wp\/v2\/types\/post"}],"author":[{"embeddable":true,"href":"https:\/\/www.europesays.com\/fr\/wp-json\/wp\/v2\/users\/2"}],"replies":[{"embeddable":true,"href":"https:\/\/www.europesays.com\/fr\/wp-json\/wp\/v2\/comments?post=195921"}],"version-history":[{"count":0,"href":"https:\/\/www.europesays.com\/fr\/wp-json\/wp\/v2\/posts\/195921\/revisions"}],"wp:featuredmedia":[{"embeddable":true,"href":"https:\/\/www.europesays.com\/fr\/wp-json\/wp\/v2\/media\/195922"}],"wp:attachment":[{"href":"https:\/\/www.europesays.com\/fr\/wp-json\/wp\/v2\/media?parent=195921"}],"wp:term":[{"taxonomy":"category","embeddable":true,"href":"https:\/\/www.europesays.com\/fr\/wp-json\/wp\/v2\/categories?post=195921"},{"taxonomy":"post_tag","embeddable":true,"href":"https:\/\/www.europesays.com\/fr\/wp-json\/wp\/v2\/tags?post=195921"}],"curies":[{"name":"wp","href":"https:\/\/api.w.org\/{rel}","templated":true}]}}