{"id":195929,"date":"2025-06-22T13:36:11","date_gmt":"2025-06-22T13:36:11","guid":{"rendered":"https:\/\/www.europesays.com\/fr\/195929\/"},"modified":"2025-06-22T13:36:11","modified_gmt":"2025-06-22T13:36:11","slug":"en-direct-guerre-israel-iran-les-frappes-americaines-ont-provoque-des-dommages-extremes-et-devastateurs-affirme-le-pentagone-liberation","status":"publish","type":"post","link":"https:\/\/www.europesays.com\/fr\/195929\/","title":{"rendered":"EN DIRECT &#8211; Guerre Isra\u00ebl-Iran\u00a0: les frappes am\u00e9ricaines \u00abont provoqu\u00e9 des dommages extr\u00eames et d\u00e9vastateurs\u00bb, affirme le Pentagone \u2013 Lib\u00e9ration"},"content":{"rendered":"<p class=\"sc-ksZaOG ehjQrN text-element\"><b>Macron appelle \u00e0 la reprise des discussions diplomatiques.<\/b> Le pr\u00e9sident fran\u00e7ais Emmanuel Macron a \u00e9chang\u00e9 dimanche avec son homologue iranien Masoud Pezeshkian et l\u2019a appel\u00e9 \u00e0 la \u00abreprise des discussions diplomatiques\u00bb apr\u00e8s les frappes am\u00e9ricaines de la nuit sur des installations nucl\u00e9aires, selon l\u2019Elys\u00e9e. Lors de cet \u00e9change, \u00able Pr\u00e9sident de la R\u00e9publique a r\u00e9it\u00e9r\u00e9 son appel \u00e0 la lib\u00e9ration imm\u00e9diate de nos <a href=\"https:\/\/www.liberation.fr\/international\/moyen-orient\/on-na-plus-aucune-nouvelle-les-proches-de-cecile-kohler-et-de-jacques-paris-les-deux-derniers-francais-detenus-en-iran-plonges-dans-le-flou-20250618_5QWIZFQBYJE63FRRAMSF7BJGY4\/\" target=\"_blank\" rel=\"noopener\" title=\"https:\/\/www.liberation.fr\/international\/moyen-orient\/on-na-plus-aucune-nouvelle-les-proches-de-cecile-kohler-et-de-jacques-paris-les-deux-derniers-francais-detenus-en-iran-plonges-dans-le-flou-20250618_5QWIZFQBYJE63FRRAMSF7BJGY4\/\">deux otages <\/a>(C\u00e9cile Kohler et Jacques Paris, d\u00e9tenus en Iran, NDLR), \u00e0 la d\u00e9sescalade et \u00e0 la reprise des discussions diplomatiques\u00bb. Emmanuel Macron, qui pr\u00e9sidera dimanche soir un conseil de D\u00e9fense et de S\u00e9curit\u00e9 \u00e0 l\u2019Elys\u00e9e, a aussi \u00e9chang\u00e9 avec les chefs d\u2019Etat d\u2019Arabie saoudite, d\u2019Oman, des Emirats arabes unis et du Qatar, a pr\u00e9cis\u00e9 l\u2019Elys\u00e9e.<\/p>\n","protected":false},"excerpt":{"rendered":"Macron appelle \u00e0 la reprise des discussions diplomatiques. Le pr\u00e9sident fran\u00e7ais Emmanuel Macron a \u00e9chang\u00e9 dimanche avec son&hellip;\n","protected":false},"author":2,"featured_media":195930,"comment_status":"","ping_status":"","sticky":false,"template":"","format":"standard","meta":{"footnotes":""},"categories":[2],"tags":[11,952,1011,27,3019,4884,31951,664,12,3020,25],"class_list":{"0":"post-195929","1":"post","2":"type-post","3":"status-publish","4":"format-standard","5":"has-post-thumbnail","7":"category-actualites","8":"tag-actualites","9":"tag-benyamin-netanyahou","10":"tag-fr","11":"tag-france","12":"tag-iran","13":"tag-iran-etats-unis","14":"tag-iran-israel-guerre","15":"tag-israel","16":"tag-news","17":"tag-nucleaire-iranien","18":"tag-republique-francaise"},"share_on_mastodon":{"url":"https:\/\/pubeurope.com\/@fr\/114727287738218207","error":""},"_links":{"self":[{"href":"https:\/\/www.europesays.com\/fr\/wp-json\/wp\/v2\/posts\/195929","targetHints":{"allow":["GET"]}}],"collection":[{"href":"https:\/\/www.europesays.com\/fr\/wp-json\/wp\/v2\/posts"}],"about":[{"href":"https:\/\/www.europesays.com\/fr\/wp-json\/wp\/v2\/types\/post"}],"author":[{"embeddable":true,"href":"https:\/\/www.europesays.com\/fr\/wp-json\/wp\/v2\/users\/2"}],"replies":[{"embeddable":true,"href":"https:\/\/www.europesays.com\/fr\/wp-json\/wp\/v2\/comments?post=195929"}],"version-history":[{"count":0,"href":"https:\/\/www.europesays.com\/fr\/wp-json\/wp\/v2\/posts\/195929\/revisions"}],"wp:featuredmedia":[{"embeddable":true,"href":"https:\/\/www.europesays.com\/fr\/wp-json\/wp\/v2\/media\/195930"}],"wp:attachment":[{"href":"https:\/\/www.europesays.com\/fr\/wp-json\/wp\/v2\/media?parent=195929"}],"wp:term":[{"taxonomy":"category","embeddable":true,"href":"https:\/\/www.europesays.com\/fr\/wp-json\/wp\/v2\/categories?post=195929"},{"taxonomy":"post_tag","embeddable":true,"href":"https:\/\/www.europesays.com\/fr\/wp-json\/wp\/v2\/tags?post=195929"}],"curies":[{"name":"wp","href":"https:\/\/api.w.org\/{rel}","templated":true}]}}