{"id":195933,"date":"2025-06-22T13:38:10","date_gmt":"2025-06-22T13:38:10","guid":{"rendered":"https:\/\/www.europesays.com\/fr\/195933\/"},"modified":"2025-06-22T13:38:10","modified_gmt":"2025-06-22T13:38:10","slug":"chauves-la-revanche-sur-france-4-la-calvitie-fait-elle-le-male","status":"publish","type":"post","link":"https:\/\/www.europesays.com\/fr\/195933\/","title":{"rendered":"\u00ab Chauves, la revanche\u00a0\u00bb sur France 4 : la calvitie fait-elle le m\u00e2le\u00a0?"},"content":{"rendered":"<p>Un homme, un vrai, c\u2019est quoi\u00a0? Pour couper court, comment font les chauves sans ce signe ext\u00e9rieur de masculinit\u00e9\u00a0: des cheveux en masse\u00a0? <a href=\"https:\/\/www.humanite.fr\/medias\/series-televisees\/en-place-sur-netflix-noir-mais-avant-tout-bleu-blanc-rouge-779350\" target=\"_blank\" rel=\"noopener\">\u00c9ric Judor<\/a>, <a href=\"https:\/\/www.humanite.fr\/culture-et-savoir\/cinema\/cinema-barbaque-une-farce-noire-servie-saignante-725321\" target=\"_blank\" rel=\"noopener\">Fabrice \u00c9bou\u00e9<\/a>, Carlito, le danseur \u00e9toile Fran\u00e7ois Alu, le footballeur Frank Leb\u0153uf livrent leur r\u00e9ponse dans ce documentaire et partagent cette exp\u00e9rience particuli\u00e8re de se construire jeune en d\u00e9couvrant l\u2019in\u00e9luctable perte de ses cheveux. <\/p>\n<p>Avec quel mod\u00e8le\u00a0? Louis de Fun\u00e8s\u00a0? Jean-Claude Dusse\u00a0? Ils d\u00e9voilent simplement les tourments identitaires provoqu\u00e9s par la d\u00e9croissance capillaire, les \u00e9ph\u00e9m\u00e8res tentatives cosm\u00e9tiques de camouflage\u2026 et la confrontation avec une image pr\u00e9matur\u00e9e, violente et brutale de la vieillesse, voire de la maladie.<\/p>\n<p>50 ans de pommades et lotions contre la chute des cheveux<\/p>\n<p>Le film parcourt en archives les inventions, pommades et lotions, qui ont fleuri ces cinquante derni\u00e8res ann\u00e9es. Il revient sur la finale de Roland-Garros de 1990, o\u00f9 Andre Agassi, espoir am\u00e9ricain tout feu tout flamme d\u2018\u00e0 peine 20\u00a0ans, perd contre l\u2019\u00c9quatorien Andr\u00e9s Gomez. Il racontera plus tard dans un livre comment la terreur de perdre sa perruque sur le court central ce jour-l\u00e0 s\u2019\u00e9tait empar\u00e9e de lui, g\u00e2chant son tennis.<\/p>\n<p>Pour ces chauves, la route a \u00e9t\u00e9 longue et sinueuse pour se ressembler et \u00eatre fier de leur cr\u00e2ne ras\u00e9, apr\u00e8s la honte et la dissimulation. \u00c0 l\u2019heure o\u00f9 les incitations aux implants turques et tunisiens pullulent sur les r\u00e9seaux sociaux, ce documentaire, racont\u00e9 par Kyan Khojandi, un autre chauve qui le vaut bien, c\u00e9l\u00e8bre les boules \u00e0 z\u00e9ro et donne des clefs pour survivre \u00e0 l\u2019\u00e9rosion capillaire, avec ces t\u00e9moignages sinc\u00e8res, d\u00e9complex\u00e9s et souvent dr\u00f4les.<\/p>\n<p class=\"wp-block-huma-titre-oeuvre\">Chauves, la revanche, documentaire, France 4, lundi 23 juin, 21\u00a0heures<\/p>\n<p>Avant de partir, une derni\u00e8re chose\u2026<\/p>\n<p>Contrairement \u00e0 90% des m\u00e9dias fran\u00e7ais aujourd\u2019hui, <strong>l\u2019Humanit\u00e9 ne d\u00e9pend ni de grands groupes ni de milliardaires<\/strong>. Cela signifie que : <\/p>\n<ul class=\"wp-block-list\">\n<li>nous vous apportons des informations impartiales, sans compromis. Mais aussi que <\/li>\n<li>nous n\u2019avons pas les moyens financiers dont b\u00e9n\u00e9ficient les autres m\u00e9dias.<\/li>\n<\/ul>\n<p><strong>L\u2019information ind\u00e9pendante et de qualit\u00e9 a un co\u00fbt<\/strong>. Payez-le.<br \/><a href=\"https:\/\/stage.preprod.humanite.fr\/lhumanite-cest-vous\" data-type=\"link\" data-id=\"https:\/\/stage.preprod.humanite.fr\/lhumanite-cest-vous\" target=\"_blank\" rel=\"noopener\">Je veux en savoir plus<\/a><\/p>\n","protected":false},"excerpt":{"rendered":"Un homme, un vrai, c\u2019est quoi\u00a0? Pour couper court, comment font les chauves sans ce signe ext\u00e9rieur de&hellip;\n","protected":false},"author":2,"featured_media":195934,"comment_status":"","ping_status":"","sticky":false,"template":"","format":"standard","meta":{"footnotes":""},"categories":[4],"tags":[11,1190,1011,27,22363,33491,12,25],"class_list":{"0":"post-195933","1":"post","2":"type-post","3":"status-publish","4":"format-standard","5":"has-post-thumbnail","7":"category-france","8":"tag-actualites","9":"tag-documentaire","10":"tag-fr","11":"tag-france","12":"tag-france-4","13":"tag-louis-de-funu00e8s","14":"tag-news","15":"tag-republique-francaise"},"share_on_mastodon":{"url":"https:\/\/pubeurope.com\/@fr\/114727295598035998","error":""},"_links":{"self":[{"href":"https:\/\/www.europesays.com\/fr\/wp-json\/wp\/v2\/posts\/195933","targetHints":{"allow":["GET"]}}],"collection":[{"href":"https:\/\/www.europesays.com\/fr\/wp-json\/wp\/v2\/posts"}],"about":[{"href":"https:\/\/www.europesays.com\/fr\/wp-json\/wp\/v2\/types\/post"}],"author":[{"embeddable":true,"href":"https:\/\/www.europesays.com\/fr\/wp-json\/wp\/v2\/users\/2"}],"replies":[{"embeddable":true,"href":"https:\/\/www.europesays.com\/fr\/wp-json\/wp\/v2\/comments?post=195933"}],"version-history":[{"count":0,"href":"https:\/\/www.europesays.com\/fr\/wp-json\/wp\/v2\/posts\/195933\/revisions"}],"wp:featuredmedia":[{"embeddable":true,"href":"https:\/\/www.europesays.com\/fr\/wp-json\/wp\/v2\/media\/195934"}],"wp:attachment":[{"href":"https:\/\/www.europesays.com\/fr\/wp-json\/wp\/v2\/media?parent=195933"}],"wp:term":[{"taxonomy":"category","embeddable":true,"href":"https:\/\/www.europesays.com\/fr\/wp-json\/wp\/v2\/categories?post=195933"},{"taxonomy":"post_tag","embeddable":true,"href":"https:\/\/www.europesays.com\/fr\/wp-json\/wp\/v2\/tags?post=195933"}],"curies":[{"name":"wp","href":"https:\/\/api.w.org\/{rel}","templated":true}]}}