{"id":195947,"date":"2025-06-22T13:48:11","date_gmt":"2025-06-22T13:48:11","guid":{"rendered":"https:\/\/www.europesays.com\/fr\/195947\/"},"modified":"2025-06-22T13:48:11","modified_gmt":"2025-06-22T13:48:11","slug":"milla-savarese-la-fille-demilie-dequenne-rend-hommage-a-sa-mere-en-chanson-a-lolympia","status":"publish","type":"post","link":"https:\/\/www.europesays.com\/fr\/195947\/","title":{"rendered":"Milla Savarese, la fille d\u2019\u00c9milie Dequenne, rend hommage \u00e0 sa m\u00e8re en chanson \u00e0 l\u2019Olympia"},"content":{"rendered":"<p>Vendredi 20 juin, \u00e0 l\u2019occasion du gala Tous les talents chantent contre le cancer, Milla a rendu hommage \u00e0 sa m\u00e8re, \u00c9milie Dequenne, d\u00e9c\u00e9d\u00e9e en mars dernier.<\/p>\n<p class=\"fig-paragraph\">C\u2019est en musique que Milla Savarese a choisi de rendre hommage \u00e0 sa d\u00e9funte m\u00e8re, vendredi 20 juin. La jeune femme \u00e9tait invit\u00e9e \u00e0 la 4e \u00e9dition du gala \u00abTous les talents chantent contre le cancer\u00bb, organis\u00e9 par l\u2019association Tout le monde contre le cancer, rapporte\u00a0<a href=\"https:\/\/www.parismatch.com\/People\/emilie-dequenne-le-bel-hommage-de-sa-fille-milla-sur-la-scene-de-lolympia-253099#10\" target=\"_blank\" rel=\"nofollow noopener\" data-gtm-custom-categorie=\"navigation\" data-gtm-custom-action=\"crossclick\" data-gtm-custom-label=\"Contextuel\" data-gtm-event=\"customEventSPE\">Paris Match<\/a> . C\u2019est pour sa m\u00e8re,\u00a0<a href=\"http:\/\/madame.lefigaro.fr\/celebrites\/actu-people\/cet-ultime-souhait-qu-emilie-dequenne-a-exige-de-son-mari-michel-ferracci-dans-les-derniers-jours-de-sa-vie-20250322\" data-fig-type=\"Article\" data-gtm-custom-categorie=\"navigation\" data-gtm-custom-action=\"crossclick\" data-gtm-custom-label=\"Contextuel\" data-gtm-event=\"customEventSPE\" data-fig-domain=\"MADAME\" target=\"_blank\" rel=\"noopener\">\u00c9milie Dequenne, d\u00e9c\u00e9d\u00e9e d\u2019un cancer de la glande surr\u00e9nale le 16 mars dernier<\/a>, que Milla accept\u00e9 de monter sur la sc\u00e8ne de l\u2019Olympia. Avec comme d\u00e9cor une touchante photo d\u2019elle et de l\u2019actrice, celle qui est maquilleuse de profession a interpr\u00e9t\u00e9 le titre I Will Survive de Gloria Gaynor, qui signifie en fran\u00e7ais, \u00abJe survivrai\u00bb.<\/p>\n<p class=\"fig-paragraph\">Une chanson qui prend tout son sens, que ce soit pour \u00c9milie Dequenne, qui a r\u00e9ussi \u00e0 se battre pendant plus de deux ans contre la maladie avant de succomber. Mais aussi pour Milla, qui doit d\u00e9sormais faire face \u00e0 la tristesse et au deuil apr\u00e8s avoir perdu sa m\u00e8re. Ce soir-l\u00e0, celle qui est n\u00e9e de la relation entre l\u2019actrice et le DJ Alexandre Savarese en 2002, a pu compter sur le soutien de son beau-p\u00e8re. Dans une story Instagram,\u00a0<a href=\"http:\/\/madame.lefigaro.fr\/celebrites\/actu-people\/qui-est-michel-ferracci-le-mari-d-emilie-dequenne-soutien-indefectible-pendant-son-cancer-20250317\" data-fig-type=\"Article\" data-gtm-custom-categorie=\"navigation\" data-gtm-custom-action=\"crossclick\" data-gtm-custom-label=\"Contextuel\" data-gtm-event=\"customEventSPE\" data-fig-domain=\"MADAME\" target=\"_blank\" rel=\"noopener\">Michel Ferracci, qui est mari\u00e9 \u00e0 \u00c9milie Dequenne depuis 2014<\/a>, a partag\u00e9 un extrait de la performance de Milla. \u00abFier de ma fille\u00bb, a \u00e9crit l\u2019acteur en l\u00e9gende la vid\u00e9o.<\/p>\n<p>Des hommages en chanson<\/p>\n<p class=\"fig-paragraph\">Ce n\u2019est pas la premi\u00e8re fois que Milla Savarese rend hommage \u00e0 sa m\u00e8re gr\u00e2ce \u00e0 la musique. Lors des\u00a0<a href=\"http:\/\/madame.lefigaro.fr\/celebrites\/actu-people\/le-mari-d-emilie-dequenne-michel-ferraci-soutenu-par-ses-deux-fils-aux-obseques-de-sa-femme-20250326\" data-fig-type=\"Article\" data-gtm-custom-categorie=\"navigation\" data-gtm-custom-action=\"crossclick\" data-gtm-custom-label=\"Contextuel\" data-gtm-event=\"customEventSPE\" data-fig-domain=\"MADAME\" target=\"_blank\" rel=\"noopener\">obs\u00e8ques d\u2019\u00c9milie Dequenne<\/a>, mercredi 26 mars au cr\u00e9matorium du P\u00e8re Lachaise, elle avait interpr\u00e9t\u00e9 a cappella, le morceau Bohemian Rhapsody de Queen. La jeune femme est maquilleuse professionnelle, mais se passionne pour la musique en parall\u00e8le. Si elle n\u2019est pas tr\u00e8s pr\u00e9sente sur les r\u00e9seaux sociaux, elle avait partag\u00e9 en 2020 un extrait d\u2019elle en train de chanter avec sa guitare sur\u00a0<a href=\"https:\/\/www.instagram.com\/tv\/CH_LdnHogM_\/?utm_source=ig_web_copy_link&amp;igsh=MzRlODBiNWFlZA==\" target=\"_blank\" rel=\"nofollow noopener\" data-gtm-custom-categorie=\"navigation\" data-gtm-custom-action=\"crossclick\" data-gtm-custom-label=\"Contextuel\" data-gtm-event=\"customEventSPE\">son compte Instagram<\/a>. \u00abJe l\u2019ai appris \u00e0 la derni\u00e8re minute, je sais que ce n\u2019est pas parfait, mais je veux en faire d\u2019autres, merci de donner votre avis\u00bb, avait-elle \u00e9crit en l\u00e9gende de la vid\u00e9o. Cet extrait \u00e9tait-il la gen\u00e8se d\u2019une future carri\u00e8re musicale\u00a0? Si elle n\u2019a pas publi\u00e9 d\u2019autres enregistrements depuis, elle a fait r\u00e9sonner sa voix ailleurs et notamment pour sa d\u00e9funte m\u00e8re.<\/p>\n<p>                                        <script async src=\"\/\/www.instagram.com\/embed.js\"><\/script><\/p>\n","protected":false},"excerpt":{"rendered":"Vendredi 20 juin, \u00e0 l\u2019occasion du gala Tous les talents chantent contre le cancer, Milla a rendu hommage&hellip;\n","protected":false},"author":2,"featured_media":195948,"comment_status":"","ping_status":"","sticky":false,"template":"","format":"standard","meta":{"footnotes":""},"categories":[1359],"tags":[2594,976,972,3983,58,59,638,1011,27,4879,977,973,975,974],"class_list":{"0":"post-195947","1":"post","2":"type-post","3":"status-publish","4":"format-standard","5":"has-post-thumbnail","7":"category-people","8":"tag-actrice","9":"tag-actu-people","10":"tag-celebrite","11":"tag-deces","12":"tag-divertissement","13":"tag-entertainment","14":"tag-figaro","15":"tag-fr","16":"tag-france","17":"tag-hommage","18":"tag-madame","19":"tag-people","20":"tag-potain-de-stars","21":"tag-star"},"share_on_mastodon":{"url":"https:\/\/pubeurope.com\/@fr\/114727335069489206","error":""},"_links":{"self":[{"href":"https:\/\/www.europesays.com\/fr\/wp-json\/wp\/v2\/posts\/195947","targetHints":{"allow":["GET"]}}],"collection":[{"href":"https:\/\/www.europesays.com\/fr\/wp-json\/wp\/v2\/posts"}],"about":[{"href":"https:\/\/www.europesays.com\/fr\/wp-json\/wp\/v2\/types\/post"}],"author":[{"embeddable":true,"href":"https:\/\/www.europesays.com\/fr\/wp-json\/wp\/v2\/users\/2"}],"replies":[{"embeddable":true,"href":"https:\/\/www.europesays.com\/fr\/wp-json\/wp\/v2\/comments?post=195947"}],"version-history":[{"count":0,"href":"https:\/\/www.europesays.com\/fr\/wp-json\/wp\/v2\/posts\/195947\/revisions"}],"wp:featuredmedia":[{"embeddable":true,"href":"https:\/\/www.europesays.com\/fr\/wp-json\/wp\/v2\/media\/195948"}],"wp:attachment":[{"href":"https:\/\/www.europesays.com\/fr\/wp-json\/wp\/v2\/media?parent=195947"}],"wp:term":[{"taxonomy":"category","embeddable":true,"href":"https:\/\/www.europesays.com\/fr\/wp-json\/wp\/v2\/categories?post=195947"},{"taxonomy":"post_tag","embeddable":true,"href":"https:\/\/www.europesays.com\/fr\/wp-json\/wp\/v2\/tags?post=195947"}],"curies":[{"name":"wp","href":"https:\/\/api.w.org\/{rel}","templated":true}]}}