{"id":195949,"date":"2025-06-22T13:49:14","date_gmt":"2025-06-22T13:49:14","guid":{"rendered":"https:\/\/www.europesays.com\/fr\/195949\/"},"modified":"2025-06-22T13:49:14","modified_gmt":"2025-06-22T13:49:14","slug":"la-photo-me-regardait-un-recueil-de-textes-bouleversant-de-katja-petrowskaja","status":"publish","type":"post","link":"https:\/\/www.europesays.com\/fr\/195949\/","title":{"rendered":"\u201cLa photo me regardait\u201d, un recueil de textes bouleversant de Katja Petrowskaja"},"content":{"rendered":"<p>     L\u2019\u00e9crivaine ukrainienne a comment\u00e9 dans un journal allemand des photographies qui l\u2019inspiraient. Voici r\u00e9unies ces chroniques o\u00f9 s\u2019entrelacent intimit\u00e9 du quotidien et imaginaire.                 <\/p>\n<ul class=\"sheet__notation-container \">\n<li class=\"sheet__notation\"><img decoding=\"async\" src=\"https:\/\/www.telerama.fr\/dist\/assets\/img\/icons\/notation\/notation-4.svg\" alt=\"Tr\u00e8s Bien\"\/><\/li>\n<li class=\"sheet__notation-label\">Tr\u00e8s Bien<\/li>\n<\/ul>\n<p>               <a href=\"https:\/\/www.europesays.com\/fr\/wp-content\/uploads\/2025\/06\/05a5c5d_upload-1-dtj4hzrmtar7-035-petrowskaja-2019-04-28-mira-neu-appel.jpg\" data-pswp-width=\"\" data-pswp-height=\"\" class=\"media__hd\" target=\"_blank\">      <img decoding=\"async\" fetchpriority=\"high\" src=\"https:\/\/www.europesays.com\/fr\/wp-content\/uploads\/2025\/06\/05a5c5d_upload-1-dtj4hzrmtar7-035-petrowskaja-2019-04-28-mira-neu-appel.jpg\" class=\"media__picture js-media-zoom-main \" alt=\"\u00ab\u00a0Mira va \u00e0 l\u2019\u00e9cole\u00a0\u00bb, 1930, parmi tout un ensemble de photos qui se vivent intimement.\" title=\"Photo Archives familiales de Mira Ryczke-Kimmelman\"\/>      <\/p>\n<p class=\"media__legend\"> \u00ab\u00a0Mira va \u00e0 l\u2019\u00e9cole\u00a0\u00bb, 1930, parmi tout un ensemble de photos qui se vivent intimement.  Photo Archives familiales de Mira Ryczke-Kimmelman  <\/p>\n<p>     <\/a>                    <\/p>\n<p class=\"author author--simple\">Par  <a class=\"author author--link\" href=\"https:\/\/www.telerama.fr\/recherche\/articles?q=Juliette+Cerf\" rel=\"nofollow noopener\" target=\"_blank\"> Juliette Cerf <\/a>    <\/p>\n<p class=\"publication__date\">Publi\u00e9 le 22 juin 2025 \u00e0 08h00<\/p>\n<p class=\"publication__update\">Mis \u00e0 jour le 22 juin 2025 \u00e0 10h25<\/p>\n<p>   Partager   <\/p>\n<ul class=\"sharing-popin--results\">\n<li class=\"sharing-popin--item sharing-popin--item-container\"> Partage  <\/li>\n<li data-share=\"linkedin\" class=\"sharing-popin--item\">  LinkedIn <\/li>\n<li data-share=\"facebook\" class=\"sharing-popin--item\">  Facebook <\/li>\n<li data-share=\"mail\" data-social=\"mail\" class=\"sharing-popin--item\">  Envoyer par email <\/li>\n<li data-share=\"copy\" class=\"sharing-popin--item\">  Copier le lien <\/li>\n<\/ul>\n<p>        Favoris       <\/p>\n<p>           Noter (0)          Critiquer (0)      <a class=\"openapp__link\" data-event=\"click-open-app\">  Lire dans l&rsquo;application<br \/>\n  <\/a>                         <\/p>\n<p class=\"paragraph\">Le visage enfum\u00e9 d\u2019un mineur du Donbass\u00a0; des actrices c\u00e9l\u00e8bres enferm\u00e9es dans des images \u00ab\u00a0comme des oiseaux dans une cage\u00a0\u00bb\u00a0; les ruines, \u00e0 Kiev, en\u00a01943, de la place de l\u2019Ind\u00e9pendance occup\u00e9e par la Wehrmacht\u00a0; une famille de Roms portugais\u00a0; un autoportrait de Francesca Woodman\u00a0; une babouchka dans les airs au-dessus des montagnes du Caucase\u00a0; Berlin montrant \u00ab\u00a0les endroits qui lui font mal, tout en s\u2019en vantant comme un pirate de ses grandes balafres\u00a0\u00bb\u00a0; un nuage avalant le soleil puisque \u00ab\u00a0l\u00e0-haut tout est fluide comme dans un oc\u00e9an\u00a0\u00bb\u2026 Pendant sept ans, de\u00a02015 \u00e0\u00a02021, si loin si proche du bruit des guerres, l\u2019\u00e9crivaine ukrainienne Katja Petrowskaja, n\u00e9e en\u00a01970, s\u2019est laiss\u00e9 inspirer par des photographies, en publiant une chronique toutes les trois semaines dans le suppl\u00e9ment dominical du grand quotidien allemand, la Frankfurter Allgemeine Zeitung.<\/p>\n<p class=\"paragraph\">Rassembl\u00e9s dans un livre bouleversant, La photo me regardait, publi\u00e9 par les \u00e9ditions Macula au sein d\u2019une collection dirig\u00e9e par Jean-Christophe Bailly, ces textes et ces images \u2014 issues d\u2019expositions, de livres, d\u2019archives et de la production personnelle de l\u2019autrice \u2014 s\u2019entrelacent, se vivent intimement, jusqu\u2019aux confins du r\u00e9el et de l\u2019imaginaire, de la terre et des airs.<\/p>\n<p class=\"paragraph\">\u00c9crire, c\u2019est d\u00e9crire. D\u00e9crire, c\u2019est voir. Et voir, c\u2019est \u00eatre vu. \u00ab\u00a0La beaut\u00e9 est-elle quelque chose que nous voyons \u2014 ou plut\u00f4t l\u2019invisible qui se cache derri\u00e8re\u00a0?\u00a0\u00bb \u00ab\u00a0Quelle quantit\u00e9 de vie une photo peut-elle contenir\u00a0?\u00a0\u00bb, se demande en un \u00e9clat Katja Petrowskaja. La r\u00e9ponse est beaucoup.<\/p>\n<p class=\"edito__prefixe\">   \u00c0 lire aussi :   <\/p>\n<p class=\"edito__text-container\">     <a alt=\"Lire aussi\" href=\"https:\/\/www.telerama.fr\/livre\/nos-36-livres-coups-de-c-ur-pour-l-ete-2025-7026221.php\" class=\"article__title--edito\" rel=\"nofollow noopener\" target=\"_blank\">Nos 36 livres coups de c\u0153ur pour l\u2019\u00e9t\u00e9 2025<\/a>  <\/p>\n<p>Traduit de l\u2019allemand par Jean Torrent, 256\u00a0p.<\/p>\n","protected":false},"excerpt":{"rendered":"L\u2019\u00e9crivaine ukrainienne a comment\u00e9 dans un journal allemand des photographies qui l\u2019inspiraient. Voici r\u00e9unies ces chroniques o\u00f9 s\u2019entrelacent&hellip;\n","protected":false},"author":2,"featured_media":195950,"comment_status":"","ping_status":"","sticky":false,"template":"","format":"standard","meta":{"footnotes":""},"categories":[1358],"tags":[1348,1384,1385,1386,58,59,1011,27],"class_list":{"0":"post-195949","1":"post","2":"type-post","3":"status-publish","4":"format-standard","5":"has-post-thumbnail","7":"category-arts-et-design","8":"tag-arts","9":"tag-arts-and-design","10":"tag-arts-et-design","11":"tag-design","12":"tag-divertissement","13":"tag-entertainment","14":"tag-fr","15":"tag-france"},"share_on_mastodon":{"url":"https:\/\/pubeurope.com\/@fr\/114727339010373811","error":""},"_links":{"self":[{"href":"https:\/\/www.europesays.com\/fr\/wp-json\/wp\/v2\/posts\/195949","targetHints":{"allow":["GET"]}}],"collection":[{"href":"https:\/\/www.europesays.com\/fr\/wp-json\/wp\/v2\/posts"}],"about":[{"href":"https:\/\/www.europesays.com\/fr\/wp-json\/wp\/v2\/types\/post"}],"author":[{"embeddable":true,"href":"https:\/\/www.europesays.com\/fr\/wp-json\/wp\/v2\/users\/2"}],"replies":[{"embeddable":true,"href":"https:\/\/www.europesays.com\/fr\/wp-json\/wp\/v2\/comments?post=195949"}],"version-history":[{"count":0,"href":"https:\/\/www.europesays.com\/fr\/wp-json\/wp\/v2\/posts\/195949\/revisions"}],"wp:featuredmedia":[{"embeddable":true,"href":"https:\/\/www.europesays.com\/fr\/wp-json\/wp\/v2\/media\/195950"}],"wp:attachment":[{"href":"https:\/\/www.europesays.com\/fr\/wp-json\/wp\/v2\/media?parent=195949"}],"wp:term":[{"taxonomy":"category","embeddable":true,"href":"https:\/\/www.europesays.com\/fr\/wp-json\/wp\/v2\/categories?post=195949"},{"taxonomy":"post_tag","embeddable":true,"href":"https:\/\/www.europesays.com\/fr\/wp-json\/wp\/v2\/tags?post=195949"}],"curies":[{"name":"wp","href":"https:\/\/api.w.org\/{rel}","templated":true}]}}