{"id":195951,"date":"2025-06-22T13:50:20","date_gmt":"2025-06-22T13:50:20","guid":{"rendered":"https:\/\/www.europesays.com\/fr\/195951\/"},"modified":"2025-06-22T13:50:20","modified_gmt":"2025-06-22T13:50:20","slug":"linfluenceur-francois-coune-a-montmorillon-pour-faire-vivre-les-livres-sur-instagram","status":"publish","type":"post","link":"https:\/\/www.europesays.com\/fr\/195951\/","title":{"rendered":"l\u2019influenceur Fran\u00e7ois Coune \u00e0 Montmorillon pour faire vivre les livres sur Instagram"},"content":{"rendered":"<p>Insta pour Instagram mais aussi pour instantan\u00e9, en ce qui concerne Fran\u00e7ois Coune. Le jeune Belge de 29\u00a0ans est influenceur dans le milieu litt\u00e9raire, en postant ses coups de c\u0153ur et ses coups de griffe sur son compte Instagram <a target=\"_self\" href=\"https:\/\/www.instagram.com\/livraisondemots\/?hl=fr\" rel=\"noopener\">@livraisondemots.<\/a><\/p>\n<p>Il \u00e9tait pr\u00e9sent samedi 21\u00a0juin 2025 pour la premi\u00e8re journ\u00e9e du Festival du livre de Montmorillon, avant de sauter dans un train, direction le Salon du livre de Limoges organis\u00e9 ce m\u00eame week-end.<\/p>\n<p>En d\u00e9but de matin\u00e9e, avant que la chaleur caniculaire ne s\u2019abatte sur la cit\u00e9, il a discut\u00e9 une heure avec des amateurs de livres, en bord de Gartempe, \u00e0 la Terrasse, rue du Vieux-Pont.<\/p>\n<p>\u00ab\u00a0Pourquoi faire une chronique quand un sourire suffit\u00a0?\u00a0\u00bb<\/p>\n<p>Natif de Li\u00e8ge, le d\u00e9sormais Bruxellois partage via Instagram sa passion des livres depuis 2018. \u00ab\u00a0Personne de mon entourage ne lisait. Je suis all\u00e9 chercher les gens sur Internet, sur Insta. Je suis parti de z\u00e9ro.\u00a0\u00bb Le compteur de l\u2019influenceur instagrameur s\u2019est rapidement affol\u00e9, au point d\u2019atteindre 103.000 followers. \u00ab\u00a0Je suis le compte le plus suivi en francophonie\u00a0\u00bb, dit-il. Le Covid a dop\u00e9 les visites de son compte.<\/p>\n<p><img alt=\"Fran\u00e7ois Coune a profit\u00e9 d\u2019un petit-d\u00e9jeuner avec le public pour des partages de coups de c\u0153ur en lecture.\" loading=\"lazy\" width=\"980\" height=\"573\" decoding=\"async\" data-nimg=\"1\" class=\"img-responsive spinner-show\" style=\"color:transparent;background-size:cover;background-position:50% 50%;background-repeat:no-repeat;background-image:url(&quot;data:image\/svg+xml;charset=utf-8,%3Csvg xmlns='http:\/\/www.w3.org\/2000\/svg' viewBox='0 0 980 573'%3E%3Cfilter id='b' color-interpolation-filters='sRGB'%3E%3CfeGaussianBlur stdDeviation='20'\/%3E%3CfeColorMatrix values='1 0 0 0 0 0 1 0 0 0 0 0 1 0 0 0 0 0 100 -1' result='s'\/%3E%3CfeFlood x='0' y='0' width='100%25' height='100%25'\/%3E%3CfeComposite operator='out' in='s'\/%3E%3CfeComposite in2='SourceGraphic'\/%3E%3CfeGaussianBlur stdDeviation='20'\/%3E%3C\/filter%3E%3Cimage width='100%25' height='100%25' x='0' y='0' preserveAspectRatio='none' style='filter: url(%23b);' href='https:\/\/images.lanouvellerepublique.fr\/image\/upload\/t_88w\/f_auto\/6857f9311a9c1334068b45b4.jpg'\/%3E%3C\/svg%3E&quot;)\"   src=\"https:\/\/www.europesays.com\/fr\/wp-content\/uploads\/2025\/06\/6857f9311a9c1334068b45b4.jpg\"\/><\/p>\n<p style=\"background-color:#F2F2F2;padding:5px;margin-top:0px;margin-bottom:10px\">Fran\u00e7ois Coune a profit\u00e9 d\u2019un petit-d\u00e9jeuner avec le public pour des partages de coups de c\u0153ur en lecture.<br \/> \u00a9 (Photo NR-CP, Xavier Roche-Bayard)<\/p>\n<p>\u00ab\u00a0Il faut juste \u00eatre soi, ne pas tromper les gens qui me suivent, d\u00e9clare-t-il. Je suis sans filtres, je parle aussi bien\u00a0des points positifs que de ce qui ne me pla\u00eet pas.\u00a0\u00bb<\/p>\n<p>Libert\u00e9 de ton<\/p>\n<p>Fran\u00e7ois Coune tient \u00e0 sa libert\u00e9 de ton. \u00ab\u00a0Je peux refuser des collaborations chiffr\u00e9es \u00e0 trois z\u00e9ros. J\u2019ai par exemple refus\u00e9 des librairies qui ont fait la promotion du livre de Jordan Bardella (pr\u00e9sident du Rassemblement national). Dix pour cent de mon activit\u00e9 sont r\u00e9mun\u00e9r\u00e9s alors que je travaille avec une soixantaine de maisons d\u2019\u00e9dition. Cela me permet de garder ma cr\u00e9dibilit\u00e9\u00a0\u00bb.<\/p>\n<p>Sa notori\u00e9t\u00e9 lui a ouvert des portes inattendues. \u00ab\u00a0Je tiens une chronique de six minutes une fois par mois dans la plus grande cha\u00eene de t\u00e9l\u00e9vision belge, RTL, et une par semaine sur leur site internet. En Belgique, tout le monde conna\u00eet mon visage\u2026 Mais la Belgique, c\u2019est petit\u00a0!\u00a0\u00bb<\/p>\n<p>Il mesure le succ\u00e8s rapide en \u00e0 peine sept\u00a0ans.\u00a0Son public est jeune, entre 20 et 45\u00a0ans. \u00ab\u00a0Vous savez, la chanteuse Ang\u00e8le a \u00e9t\u00e9 propuls\u00e9e comme \u00e7a, par les r\u00e9seaux sociaux.\u00a0\u00bb Rien ne pr\u00e9destinait \u00e0 cette carri\u00e8re-l\u00e0 le jeune homme qui voulait travailler en communication. \u00ab\u00a0Je n\u2019ai pas de formation litt\u00e9raire, j\u2019ai un regard de lecteur. Le style d\u2019\u00e9criture, je m\u2019en moque. Ce qui m\u2019int\u00e9resse, c\u2019est l\u2019\u00e9motion.\u00a0\u00bb<\/p>\n<p>Dans une vid\u00e9o, il chronique des livres seulement par mimique\u00a0: grand sourire, air joyeux ou d\u00e9\u00e7u, expression d\u2019un bof, le tout sans commentaire. Ultra-efficace pour capter l\u2019attention vagabonde des followers. \u00ab\u00a0La premi\u00e8re fois, cela a \u00e9t\u00e9 vu 200.000 fois. Pourquoi faire une chronique quand un sourire suffit\u00a0?\u00a0\u00bb On ne peut plus Insta\u2026<\/p>\n<p><script async src=\"\/\/www.instagram.com\/embed.js\"><\/script><\/p>\n","protected":false},"excerpt":{"rendered":"Insta pour Instagram mais aussi pour instantan\u00e9, en ce qui concerne Fran\u00e7ois Coune. Le jeune Belge de 29\u00a0ans&hellip;\n","protected":false},"author":2,"featured_media":195952,"comment_status":"","ping_status":"","sticky":false,"template":"","format":"standard","meta":{"footnotes":""},"categories":[1357],"tags":[1392,1379,9332,58,59,3337,1011,27,1380,1393,27663,1584],"class_list":{"0":"post-195951","1":"post","2":"type-post","3":"status-publish","4":"format-standard","5":"has-post-thumbnail","7":"category-livres","8":"tag-a-la-une-local","9":"tag-books","10":"tag-centrepresse","11":"tag-divertissement","12":"tag-entertainment","13":"tag-festivals","14":"tag-fr","15":"tag-france","16":"tag-livres","17":"tag-loisirs","18":"tag-montmorillon","19":"tag-vienne"},"share_on_mastodon":{"url":"https:\/\/pubeurope.com\/@fr\/114727342814981655","error":""},"_links":{"self":[{"href":"https:\/\/www.europesays.com\/fr\/wp-json\/wp\/v2\/posts\/195951","targetHints":{"allow":["GET"]}}],"collection":[{"href":"https:\/\/www.europesays.com\/fr\/wp-json\/wp\/v2\/posts"}],"about":[{"href":"https:\/\/www.europesays.com\/fr\/wp-json\/wp\/v2\/types\/post"}],"author":[{"embeddable":true,"href":"https:\/\/www.europesays.com\/fr\/wp-json\/wp\/v2\/users\/2"}],"replies":[{"embeddable":true,"href":"https:\/\/www.europesays.com\/fr\/wp-json\/wp\/v2\/comments?post=195951"}],"version-history":[{"count":0,"href":"https:\/\/www.europesays.com\/fr\/wp-json\/wp\/v2\/posts\/195951\/revisions"}],"wp:featuredmedia":[{"embeddable":true,"href":"https:\/\/www.europesays.com\/fr\/wp-json\/wp\/v2\/media\/195952"}],"wp:attachment":[{"href":"https:\/\/www.europesays.com\/fr\/wp-json\/wp\/v2\/media?parent=195951"}],"wp:term":[{"taxonomy":"category","embeddable":true,"href":"https:\/\/www.europesays.com\/fr\/wp-json\/wp\/v2\/categories?post=195951"},{"taxonomy":"post_tag","embeddable":true,"href":"https:\/\/www.europesays.com\/fr\/wp-json\/wp\/v2\/tags?post=195951"}],"curies":[{"name":"wp","href":"https:\/\/api.w.org\/{rel}","templated":true}]}}