{"id":195964,"date":"2025-06-22T13:57:11","date_gmt":"2025-06-22T13:57:11","guid":{"rendered":"https:\/\/www.europesays.com\/fr\/195964\/"},"modified":"2025-06-22T13:57:11","modified_gmt":"2025-06-22T13:57:11","slug":"cet-accessoire-action-indispensable-si-vous-partez-en-vacances-cet-ete","status":"publish","type":"post","link":"https:\/\/www.europesays.com\/fr\/195964\/","title":{"rendered":"Cet accessoire Action indispensable si vous partez en vacances cet \u00e9t\u00e9"},"content":{"rendered":"<p>                                        <img width=\"658\" height=\"329\" src=\"https:\/\/www.europesays.com\/fr\/wp-content\/uploads\/2025\/06\/Cet-accessoire-Action-indispensable-si-vous-partez-en-vacances-cet-ete-658x329.jpg\" class=\"attachment-single-desktop size-single-desktop wp-post-image\" alt=\"Cet accessoire Action indispensable si vous partez en vacances cet \u00e9t\u00e9\" fetchpriority=\"high\" loading=\"eager\" decoding=\"sync\"  \/>                                    <\/p>\n<p>                            Lorsque les valises se perdent \u00e0 l&rsquo;a\u00e9roport, cet accessoire malin de la firme Action peut devenir votre meilleur alli\u00e9. <\/p>\n<p>En voyage, perdre ses bagages est un cauchemar qui arrive \u00e0 bon nombre de personnes. Alors <strong>Action<\/strong> propose une solution <a href=\"https:\/\/www.tuxboard.com\/action-a-trouve-la-table-parfaite-pour-profiter-des-beaux-jours-sur-son-balcon-a-moins-de-10-euros-28042025\/\" target=\"_blank\" rel=\"noopener\">maligne<\/a> et ultra-abordable pour \u00e9viter ce stress. Bonne nouvelle, elle est \u00e0 moins de 7 euros.<\/p>\n<p>Traqueur de valise : un indispensable de l\u2019\u00e9t\u00e9<\/p>\n<p>Les vacances riment souvent avec attente interminable devant le tapis \u00e0 <a href=\"https:\/\/www.tuxboard.com\/stephane-plaza-la-reaction-des-franchises-au-nouveau-nom-de-ses-agences-immobilieres-21042025\/\" target=\"_blank\" rel=\"noopener\">bagages<\/a>. Et si votre valise n\u2019arrive pas, c\u2019est la panique. <strong>Action<\/strong> a pens\u00e9 \u00e0 vous avec un gadget malin. La firme le vend \u00e0 6,99 euros.<\/p>\n<p>Il s\u2019agit alors du Smart Finder Fresh \u2018n Rebel. C\u2019est un petit <a href=\"https:\/\/www.tuxboard.com\/stephane-plaza-la-reaction-des-franchises-au-nouveau-nom-de-ses-agences-immobilieres-21042025\/\" target=\"_blank\" rel=\"noopener\">bo\u00eetier<\/a> \u00e0 glisser dans votre sac. Il est tr\u00e8s simple \u00e0 utiliser. Car il se connecte \u00e0 votre iPhone via Apple Find My. Ainsi, vous pouvez suivre en temps r\u00e9el l\u2019emplacement de vos affaires.<\/p>\n<p>Plus besoin de fouiller parmi des centaines de valises qui se ressemblent. Eh oui ! Car tracker l\u00e9ger et discret se fixe tr\u00e8s bien \u00e0 une poign\u00e9e ou dans une poche. Il fonctionne avec une pile <a href=\"https:\/\/www.tuxboard.com\/action-met-en-vente-le-produit-le-plus-efficace-pour-des-toilettes-comme-neuf-19042025\/\" target=\"_blank\" rel=\"noopener\">bouton<\/a>. Bonne nouvelle, celle-ci est dans le pack.<\/p>\n<p>La port\u00e9e est d\u2019environ 30 m\u00e8tres, id\u00e9ale pour les a\u00e9roports ou les gares. Si vous vous \u00e9loignez trop, une alerte retentit sur votre t\u00e9l\u00e9phone. Un syst\u00e8me simple, mais bien efficace pour voyager l\u2019esprit l\u00e9ger.<\/p>\n<p>Cerise sur le g\u00e2teau, ce tracker peut aussi servir au quotidien. Attachez-le \u00e0 vos cl\u00e9s, votre portefeuille, ou m\u00eame le sac \u00e0 dos de vos enfants. Une fa\u00e7on maligne de ne plus jamais perdre ses essentiels.<\/p>\n<p><strong>Action<\/strong> prouve une fois de plus que les solutions pratiques n\u2019ont pas besoin d\u2019\u00eatre hors de prix. Pour moins de 7 euros, ce petit accessoire pourrait bien devenir votre meilleur alli\u00e9 voyage.<\/p>\n<p>Sachez que le Smart Finder existe en cinq couleurs. Le noir, bleu, rose, violet et blanc. Chaque balise a un anneau qui est parfait pour \u00eatre accroch\u00e9 \u00e0 un trousseau ou une poign\u00e9e de sac.<\/p>\n<p>Cet accessoire est \u00e9tanche avec l\u2019indice IP67. Ce qui fait qu\u2019il r\u00e9siste \u00e0 la pluie et aux chocs. Le grand plus de ce produit <strong>d\u2019Action<\/strong> est sans aucun doute son autonomie d\u2019un an.<\/p>\n<p>Un accessoire de qualit\u00e9 chez <strong>Action<\/strong><\/p>\n<p>Voil\u00e0 qui en fait donc un compagnon fiable pour l\u2019ensemble de vos d\u00e9placements. La bonne nouvelle est que contrairement \u00e0 d\u2019autres traceurs, vous n\u2019avez pas besoin d\u2019abonnement.<\/p>\n<p>Il suffit donc d\u2019ouvrir l\u2019app \u00ab Find My \u00bb sur votre t\u00e9l\u00e9phone Android. Ensuite, vous pouvez voir o\u00f9 se trouve votre balise Smart Finder. Vous l\u2019avez donc compris, le principe est tr\u00e8s simple.<\/p>\n<p>Apr\u00e8s avoir install\u00e9 l\u2019app, il suffit ensuite d\u2019associer le tracker. L\u2019app affiche alors la position de votre valise en temps r\u00e9el. Vous pouvez aussi faire sonner le bo\u00eetier \u00e0 distance pour le localiser plus facilement.<\/p>\n<p>Si votre valise est loin, l\u2019historique de localisation permet donc de retracer son parcours. Voil\u00e0 qui est plut\u00f4t pratique en cas de vol ou d\u2019erreur dans un a\u00e9roport. Le bo\u00eetier est r\u00e9sistant aux chocs et \u00e9tanche. Ce qui est parfait pour les voyages un peu fou.<\/p>\n<p>Sur TikTok, ce gadget connait un franc succ\u00e8s. Nombreux sont les utilisateurs qui le recommandent les yeux ferm\u00e9s. Ce tracker est compatible avec la plupart des smartphones, iOS et Android.<\/p>\n<p><strong>Action<\/strong> mise donc sur la simplicit\u00e9 et l\u2019accessibilit\u00e9. Pas besoin de technologie complexe ou d\u2019abonnement mensuel. Juste un petit bo\u00eetier malin qui change la vie.<\/p>\n<p>Une chose est s\u00fbre, avec ce gadget \u00e0 moins de 7 euros, vos voyages seront enfin synonymes de s\u00e9r\u00e9nit\u00e9.<\/p>\n<p>                                    <img loading=\"lazy\" decoding=\"async\" src=\"data:image\/svg+xml,%3Csvg%20xmlns=\" http:=\"\" itemprop=\"image\" width=\"32\" height=\"32\" alt=\"avatar\" class=\"avatar avatar-32\" data-lazy-src=\"https:\/\/www.europesays.com\/fr\/wp-content\/uploads\/2025\/04\/shay-coquelit.jpg\"\/>                                                                    <\/p>\n<p>                                    <a class=\"post-author-name\" href=\"https:\/\/www.tuxboard.com\/author\/shaytuxboard2022\/\" title=\"Shay Coquelit\" itemprop=\"url\" target=\"_blank\" rel=\"noopener\">Shay Coquelit<\/a><\/p>\n<p itemprop=\"description\">Salut, je suis Shay, r\u00e9dactrice web sp\u00e9cialis\u00e9e en actualit\u00e9s people et \u00e9missions t\u00e9l\u00e9.&#13;<br \/>\n&#13;<br \/>\nDepuis toute petite, j&rsquo;adore suivre le festival de Cannes. &#13;<br \/>\n&#13;<br \/>\nDepuis six mois, je r\u00e9dige des articles dans la rubrique People, cin\u00e9ma et m\u00e9dia.  Ma passion pour ces domaines se refl\u00e8te dans chacun de mes articles.&#13;<br \/>\n&#13;<br \/>\nRestez connect\u00e9s sur Tuxboard pour mes derni\u00e8res actualit\u00e9s et analyses !<\/p>\n","protected":false},"excerpt":{"rendered":"Lorsque les valises se perdent \u00e0 l&rsquo;a\u00e9roport, cet accessoire malin de la firme Action peut devenir votre meilleur&hellip;\n","protected":false},"author":2,"featured_media":195965,"comment_status":"","ping_status":"","sticky":false,"template":"","format":"standard","meta":{"footnotes":""},"categories":[7],"tags":[631,1011,27,43,40,41,39,42,44],"class_list":{"0":"post-195964","1":"post","2":"type-post","3":"status-publish","4":"format-standard","5":"has-post-thumbnail","7":"category-sciences-et-technologies","8":"tag-action","9":"tag-fr","10":"tag-france","11":"tag-science","12":"tag-science-and-technology","13":"tag-sciences","14":"tag-sciences-et-technologies","15":"tag-technologies","16":"tag-technology"},"share_on_mastodon":{"url":"https:\/\/pubeurope.com\/@fr\/114727370526013235","error":""},"_links":{"self":[{"href":"https:\/\/www.europesays.com\/fr\/wp-json\/wp\/v2\/posts\/195964","targetHints":{"allow":["GET"]}}],"collection":[{"href":"https:\/\/www.europesays.com\/fr\/wp-json\/wp\/v2\/posts"}],"about":[{"href":"https:\/\/www.europesays.com\/fr\/wp-json\/wp\/v2\/types\/post"}],"author":[{"embeddable":true,"href":"https:\/\/www.europesays.com\/fr\/wp-json\/wp\/v2\/users\/2"}],"replies":[{"embeddable":true,"href":"https:\/\/www.europesays.com\/fr\/wp-json\/wp\/v2\/comments?post=195964"}],"version-history":[{"count":0,"href":"https:\/\/www.europesays.com\/fr\/wp-json\/wp\/v2\/posts\/195964\/revisions"}],"wp:featuredmedia":[{"embeddable":true,"href":"https:\/\/www.europesays.com\/fr\/wp-json\/wp\/v2\/media\/195965"}],"wp:attachment":[{"href":"https:\/\/www.europesays.com\/fr\/wp-json\/wp\/v2\/media?parent=195964"}],"wp:term":[{"taxonomy":"category","embeddable":true,"href":"https:\/\/www.europesays.com\/fr\/wp-json\/wp\/v2\/categories?post=195964"},{"taxonomy":"post_tag","embeddable":true,"href":"https:\/\/www.europesays.com\/fr\/wp-json\/wp\/v2\/tags?post=195964"}],"curies":[{"name":"wp","href":"https:\/\/api.w.org\/{rel}","templated":true}]}}