{"id":195968,"date":"2025-06-22T13:59:09","date_gmt":"2025-06-22T13:59:09","guid":{"rendered":"https:\/\/www.europesays.com\/fr\/195968\/"},"modified":"2025-06-22T13:59:09","modified_gmt":"2025-06-22T13:59:09","slug":"a-geneve-liran-a-t-il-seulement-joue-avec-loccident","status":"publish","type":"post","link":"https:\/\/www.europesays.com\/fr\/195968\/","title":{"rendered":"\u00c0 Gen\u00e8ve, l&rsquo;Iran a-t-il seulement jou\u00e9 avec l&rsquo;Occident?"},"content":{"rendered":"<p><img decoding=\"async\" class=\"c-ad__placeholder__logo\" src=\"https:\/\/static.euronews.com\/website\/images\/logos\/logo-euronews-grey-6-180x22.svg\" width=\"180\" height=\"22\" alt=\"\" loading=\"lazy\"\/>PUBLICIT\u00c9<\/p>\n<p>Vendredi, tous les observateurs politiques avaient les yeux tourn\u00e9s vers la Suisse, vers Gen\u00e8ve. En effet, des <strong>discussions avec l&rsquo;Iran<\/strong> y ont eu lieu \u00e0 l&rsquo;h\u00f4tel InterContinental. L&rsquo;initiative diplomatique a \u00e9t\u00e9 prise par le ministre allemand des Affaires \u00e9trang\u00e8res Johann Wadephul (CDU).<\/p>\n<p>En compagnie de la France, de la Grande-Bretagne et de la repr\u00e9sentante de l&rsquo;UE pour les affaires \u00e9trang\u00e8res Kaja Kallas, Wadephul a n\u00e9goci\u00e9 pendant quatre heures avec le ministre iranien des Affaires \u00e9trang\u00e8res Abbas Araghchi <strong>au sujet des programmes nucl\u00e9aires.<\/strong><\/p>\n<p>La mission de Wadephul : r\u00e9pondre aux inqui\u00e9tudes concernant l&rsquo;armement nucl\u00e9aire avec un nouveau deal nucl\u00e9aire, afin d&rsquo;<strong>assurer une d\u00e9sescalade<\/strong> dans la guerre Iran-Isra\u00ebl. Avant la rencontre, Wadephul a exig\u00e9 de l&rsquo;Iran une \u00ab\u00a0volont\u00e9 s\u00e9rieuse\u00a0\u00bb ainsi qu&rsquo;une envie de renoncer \u00ab\u00a0\u00e0 tout enrichissement de mat\u00e9riel nucl\u00e9aire\u00a0\u00bb. Il a clairement d\u00e9clar\u00e9 : \u00ab\u00a0La balle est maintenant dans le camp de l&rsquo;Iran\u00a0\u00bb !<\/p>\n<p>Comme l&rsquo;a appris Euronews, l&rsquo;Allemagne a men\u00e9 les discussions <strong>en accord confidentiel avec Isra\u00ebl<\/strong> ainsi que les Etats-Unis. Mais les repr\u00e9sentants des deux pays ne se sont pas assis \u00e0 la table.<\/p>\n<p>Peu avant, l&rsquo;Iran a suscit\u00e9 peu d&rsquo;espoir en mati\u00e8re de diplomatie.<\/p>\n<p>\u00ab\u00a0Il n&rsquo;y a pas de place pour des n\u00e9gociations avec nous tant que l&rsquo;agression isra\u00e9lienne n&rsquo;a pas cess\u00e9\u00a0\u00bb, a d\u00e9clar\u00e9 Araghchi. L<a href=\"https:\/\/fr.euronews.com\/2025\/06\/19\/leurope-est-en-partie-responsable-du-conflit-entre-liran-et-israel-declare-lambassadeur-ir\" target=\"_blank\" rel=\"noopener\"><strong>&lsquo;ambassadeur iranien<\/strong><\/a> \u00e0 l&rsquo;ONU Ali Bahreini a d\u00e9clar\u00e9 \u00e0 Euronews que l&rsquo;Iran pr\u00e9senterait \u00e0 Gen\u00e8ve des \u00ab\u00a0points\u00a0\u00bb qui montreraient \u00ab\u00a0l&rsquo;\u00e9chec de l&rsquo;Europe\u00a0\u00bb dans le conflit. L&rsquo;Europe devrait cesser de soutenir Isra\u00ebl, a-t-il exig\u00e9.<\/p>\n<p>Une pression \u00e9norme sur T\u00e9h\u00e9ran avant les pourparlers<\/p>\n<p>Avant la rencontre, la pression sur T\u00e9h\u00e9ran s&rsquo;est accrue. Apr\u00e8s les r\u00e9centes attaques de missiles iraniens, le ministre isra\u00e9lien de la D\u00e9fense Isra\u00ebl Katz a d\u00e9clar\u00e9 : \u00ab\u00a0Un dictateur comme Khamenei, qui est \u00e0 la t\u00eate d&rsquo;un pays comme l&rsquo;Iran et qui a fait de la destruction d&rsquo;Isra\u00ebl sa mission, ne doit pas continuer \u00e0 exister\u00a0\u00bb.<\/p>\n<p>Dans le m\u00eame temps, Isra\u00ebl a d\u00e9clar\u00e9 qu&rsquo;il serait \u00e9galement en mesure de d\u00e9truire militairement des installations profond\u00e9ment b\u00e9tonn\u00e9es sans les Etats-Unis. C&rsquo;est dans l&rsquo;un de ces bunkers que se trouve le guide supr\u00eame iranien, l&rsquo;ayatollah Ali Khamenei.<\/p>\n<p>N\u00e9gociations interrompues<\/p>\n<p>Apr\u00e8s quatre heures de n\u00e9gociations, le ministre des Affaires \u00e9trang\u00e8res de la CDU, Wadphul, a d\u00e9clar\u00e9 : \u00ab\u00a0Le bon r\u00e9sultat aujourd&rsquo;hui est que nous quittons la salle avec l&rsquo;impression que la partie iranienne est en principe pr\u00eate \u00e0 continuer \u00e0 discuter de toutes les questions importantes.\u00a0\u00bb Il a ajout\u00e9 qu&rsquo;il \u00e9tait important que les Etats-Unis participent \u00e0 la poursuite des n\u00e9gociations et \u00e0 la recherche d&rsquo;une solution.<\/p>\n<p>Cela signifie qu&rsquo;il n&rsquo;y a pas de progr\u00e8s que Wadephul puisse annoncer publiquement. La r\u00e9union de Gen\u00e8ve reste donc sans r\u00e9sultat.<\/p>\n<p>Le ministre iranien des Affaires \u00e9trang\u00e8res a, lui aussi, soulign\u00e9 avec beaucoup de retenue apr\u00e8s la r\u00e9union de Gen\u00e8ve : \u00ab\u00a0Nous soutenons la poursuite des discussions avec les trois pays europ\u00e9ens et l&rsquo;Union europ\u00e9enne\u00a0\u00bb. Puis Araghchi a annonc\u00e9 un gel des n\u00e9gociations : \u00ab\u00a0Tant que les attaques d&rsquo;Isra\u00ebl se poursuivront, nous ne n\u00e9gocierons avec AUCUNE partie\u00a0\u00bb.<\/p>\n<p>L&rsquo;observateur politique Carsten Ovens, chef du European Leadership Network (ELNET), tire sa conclusion dans un entretien avec Euronews : \u00ab\u00a0Les efforts du ministre des Affaires \u00e9trang\u00e8res Wadephul sont importants. Mais l&rsquo;Iran n&rsquo;avait manifestement pas envie de parvenir \u00e0 un r\u00e9sultat\u00a0\u00bb.<\/p>\n<p>L&rsquo;Iran a-t-il \u00ab\u00a0jou\u00e9\u00a0\u00bb avec l&rsquo;Occident \u00e0 Gen\u00e8ve ?<\/p>\n<p>Ovens le dit clairement : \u00ab\u00a0Les discussions \u00e0 Gen\u00e8ve montrent clairement que l&rsquo;Iran joue avec l&rsquo;Occident et veut gagner du temps!\u00a0\u00bb<\/p>\n<p>Malgr\u00e9 une d\u00e9cennie d&rsquo;efforts diplomatiques, l&rsquo;Iran \u00ab\u00a0persiste dans sa volont\u00e9 de d\u00e9velopper des armes offensives pour d\u00e9truire l&rsquo;\u00c9tat d&rsquo;Isra\u00ebl,\u00a0\u00bb d\u00e9crypte-t-il. \u00ab\u00a0Les efforts diplomatiques des dix derni\u00e8res ann\u00e9es sont ainsi d\u00e9valoris\u00e9s\u00a0\u00bb.<\/p>\n<p>Concr\u00e8tement, le r\u00e9gime des mollahs \u00ab\u00a0a contourn\u00e9 \u00e0 plusieurs reprises l&rsquo;accord nucl\u00e9aire de 2015 et n&rsquo;a cess\u00e9 de d\u00e9velopper ses capacit\u00e9s nucl\u00e9aires, tout comme son programme de missiles balistiques\u00a0\u00bb, selon l&rsquo;expert du Moyen-Orient.<\/p>\n<p>\u00ab\u00a0Le maintien de l&rsquo;accord nucl\u00e9aire par l&rsquo;UE \u00e9tait une erreur\u00a0\u00bb.<\/p>\n<p>Le politicien germano-iranien FDP Bijan Djir-Sarai a expliqu\u00e9 \u00e0 Euronews que les n\u00e9gociations \u00e9taient vou\u00e9es \u00e0 l&rsquo;\u00e9chec d\u00e8s le d\u00e9but. \u00ab\u00a0Sans les \u00c9tats-Unis et Isra\u00ebl, les n\u00e9gociations de l&rsquo;UE ne sont pas pertinentes\u00a0\u00bb, a d\u00e9clar\u00e9 le responsable de la politique \u00e9trang\u00e8re.<\/p>\n<p>On ne peut plus miser sur d&rsquo;<strong>anciennes strat\u00e9gies<\/strong> comme les contrats nucl\u00e9aires avec le r\u00e9gime islamiste des mollahs. Un changement de mentalit\u00e9 politique doit avoir lieu. Djir-Sarai estime que \u00ab\u00a0le maintien de l&rsquo;UE dans l&rsquo;accord nucl\u00e9aire \u00e9tait une erreur. Une nouvelle strat\u00e9gie dans les relations avec le r\u00e9gime est n\u00e9cessaire\u00a0\u00bb.<\/p>\n<p>Ovens : \u00ab\u00a0L&rsquo;Iran menace la r\u00e9gion et aussi l&rsquo;Europe\u00a0\u00bb.<\/p>\n<p>Le chef du European Leadership Network est convaincu que l&rsquo;Iran <strong>ne cessera pas d&rsquo;augmenter<\/strong> ses capacit\u00e9s nucl\u00e9aires. Ovens met en garde : \u00ab\u00a0Un Iran dot\u00e9 de l&rsquo;arme nucl\u00e9aire repr\u00e9sente une menace imm\u00e9diate et existentielle , pour la r\u00e9gion comme pour l&rsquo;Europe\u00a0\u00bb.<\/p>\n<p>Il n&rsquo;est \u00ab\u00a0pas clair, et peut-\u00eatre pas d\u00e9cisif, \u00e0 quel point l&rsquo;Iran est encore loin de disposer d&rsquo;uranium militaire\u00a0\u00bb. Mais \u00ab\u00a0face \u00e0 la menace potentielle d&rsquo;une arme offensive aussi puissante, Isra\u00ebl ne peut plus se permettre d&rsquo;attendre. La discussion d&rsquo;aujourd&rsquo;hui l&rsquo;a une fois de plus d\u00e9montr\u00e9\u00a0\u00bb, poursuit Ovens.<\/p>\n<p>D\u00e9saccord sur la mission de Wadephul en Iran au sein de la CDU<\/p>\n<p>Pour certains observateurs politiques, l&rsquo;initiative allemande d&rsquo;entamer des discussions avec l&rsquo;Iran <strong>a \u00e9t\u00e9 une surprise.<\/strong> En effet, il y a quelques jours, le chancelier Friedrich Merz (CDU) a d\u00e9clar\u00e9 en des termes tr\u00e8s vifs qu&rsquo;Isra\u00ebl, en agissant militairement contre le r\u00e9gime des mollahs, ferait le \u00ab\u00a0sale boulot\u00a0\u00bb pour tout le monde. \u00ab\u00a0Sinon, nous aurions peut-\u00eatre continu\u00e9 \u00e0 voir la terreur de ce r\u00e9gime pendant des mois et des ann\u00e9es, et peut-\u00eatre m\u00eame avec une arme nucl\u00e9aire dans les mains\u00a0\u00bb, a d\u00e9clar\u00e9 Merz.<\/p>\n<p>Jeudi, Merz a ensuite fait savoir : \u00ab\u00a0Je soutiens les efforts intensifs du ministre f\u00e9d\u00e9ral des Affaires \u00e9trang\u00e8res Wadephul\u00a0\u00bb. Il a appel\u00e9 l&rsquo;Iran \u00e0 n\u00e9gocier \u00ab\u00a0rapidement un accord\u00a0\u00bb. \u00ab\u00a0Nous voulons y apporter notre contribution diplomatique\u00a0\u00bb.<\/p>\n<p>La mission de Wadephul en Iran a \u00e9galement suscit\u00e9 l&rsquo;irritation <strong>dans les propres rangs de la CDU\/CSU.<\/strong><\/p>\n<p>En effet, la CDU et la CSU sont divis\u00e9es sur l&rsquo;opportunit\u00e9 de n\u00e9gocier avec l&rsquo;Iran sur ses programmes nucl\u00e9aires. Nombreux sont ceux qui, au sein de la CDU, partent du principe que malgr\u00e9 les accords officiels, l&rsquo;<strong>Iran continue de construire des armes nucl\u00e9aires<\/strong> dans des installations souterraines. Plus encore : de nombreux membres de l&rsquo;Union consid\u00e8rent l&rsquo;accord nucl\u00e9aire avec les mollahs comme \u00ab\u00a0foir\u00e9\u00a0\u00bb.<\/p>\n<p>Le d\u00e9put\u00e9 CDU Roderich Kiesewetter a critiqu\u00e9 aupr\u00e8s de Phoenix : \u00ab\u00a0Sur quoi doit-on n\u00e9gocier ? Le r\u00e9gime des mollahs a pour doctrine d&rsquo;\u00c9tat la destruction d&rsquo;Isra\u00ebl et continue de construire la bombe atomique\u00a0\u00bb. Au lieu de n\u00e9gocier sur le nucl\u00e9aire, il faudrait \u00ab\u00a0soutenir politiquement\u00a0\u00bb la d\u00e9marche d&rsquo;Isra\u00ebl.<\/p>\n<p>Norbert R\u00f6ttgen, responsable de la politique \u00e9trang\u00e8re de la CDU, \u00e9tait \u00e9galement d&rsquo;un autre avis. Il a d\u00e9clar\u00e9 : \u00ab\u00a0Les dirigeants de T\u00e9h\u00e9ran ont men\u00e9 l&rsquo;Europe par le bout du nez pendant des ann\u00e9es. Les n\u00e9gociations nucl\u00e9aires n&rsquo;\u00e9taient pas une voie vers une solution, mais un moyen de gagner du temps, de faire pression et d&rsquo;obtenir des concessions\u00a0\u00bb.<\/p>\n","protected":false},"excerpt":{"rendered":"PUBLICIT\u00c9 Vendredi, tous les observateurs politiques avaient les yeux tourn\u00e9s vers la Suisse, vers Gen\u00e8ve. En effet, des&hellip;\n","protected":false},"author":2,"featured_media":195969,"comment_status":"","ping_status":"","sticky":false,"template":"","format":"standard","meta":{"footnotes":""},"categories":[5],"tags":[11,672,11979,31122,1011,27,10868,14,3019,664,12,28],"class_list":{"0":"post-195968","1":"post","2":"type-post","3":"status-publish","4":"format-standard","5":"has-post-thumbnail","7":"category-international","8":"tag-actualites","9":"tag-allemagne","10":"tag-armes-nucleaires","11":"tag-conflit-israel-iran","12":"tag-fr","13":"tag-france","14":"tag-geneve","15":"tag-international","16":"tag-iran","17":"tag-israel","18":"tag-news","19":"tag-world"},"share_on_mastodon":{"url":"https:\/\/pubeurope.com\/@fr\/114727378405206452","error":""},"_links":{"self":[{"href":"https:\/\/www.europesays.com\/fr\/wp-json\/wp\/v2\/posts\/195968","targetHints":{"allow":["GET"]}}],"collection":[{"href":"https:\/\/www.europesays.com\/fr\/wp-json\/wp\/v2\/posts"}],"about":[{"href":"https:\/\/www.europesays.com\/fr\/wp-json\/wp\/v2\/types\/post"}],"author":[{"embeddable":true,"href":"https:\/\/www.europesays.com\/fr\/wp-json\/wp\/v2\/users\/2"}],"replies":[{"embeddable":true,"href":"https:\/\/www.europesays.com\/fr\/wp-json\/wp\/v2\/comments?post=195968"}],"version-history":[{"count":0,"href":"https:\/\/www.europesays.com\/fr\/wp-json\/wp\/v2\/posts\/195968\/revisions"}],"wp:featuredmedia":[{"embeddable":true,"href":"https:\/\/www.europesays.com\/fr\/wp-json\/wp\/v2\/media\/195969"}],"wp:attachment":[{"href":"https:\/\/www.europesays.com\/fr\/wp-json\/wp\/v2\/media?parent=195968"}],"wp:term":[{"taxonomy":"category","embeddable":true,"href":"https:\/\/www.europesays.com\/fr\/wp-json\/wp\/v2\/categories?post=195968"},{"taxonomy":"post_tag","embeddable":true,"href":"https:\/\/www.europesays.com\/fr\/wp-json\/wp\/v2\/tags?post=195968"}],"curies":[{"name":"wp","href":"https:\/\/api.w.org\/{rel}","templated":true}]}}