{"id":19597,"date":"2025-04-12T10:16:13","date_gmt":"2025-04-12T10:16:13","guid":{"rendered":"https:\/\/www.europesays.com\/fr\/19597\/"},"modified":"2025-04-12T10:16:13","modified_gmt":"2025-04-12T10:16:13","slug":"a-lassemblee-le-mauvais-coup-du-rn-et-du-magazine-frontieres-mediapart","status":"publish","type":"post","link":"https:\/\/www.europesays.com\/fr\/19597\/","title":{"rendered":"\u00c0 l\u2019Assembl\u00e9e, le mauvais coup du RN et du magazine \u00ab Fronti\u00e8res \u00bb &#8211; Mediapart"},"content":{"rendered":"<ol>\n<li><a href=\"https:\/\/news.google.com\/rss\/articles\/CBMirgFBVV95cUxPWF9VUGFucm5USzN0cS04YUNUdFFkQ1BrSmhEaktQM3NOWlhDVHN1WHhTSEdUS2pqc2g1eVdveHJNSVhtSHhMWldMcDBCNjY2VFJGMklCX3JTMFdQc2c4QlhwdzJldGZhVzZHajl5OUVleUJIaU9SN1pSc2ZrT1ZvMklEeGs0eXdmMm83Tkx1Q3pDbU1ndmEyMF9Tc3Q5Z3NlNUxLSzk3eUEya2hPbUE?oc=5\" target=\"_blank\" rel=\"nofollow noopener\">\u00c0 l\u2019Assembl\u00e9e, le mauvais coup du RN et du magazine \u00ab Fronti\u00e8res \u00bb<\/a>&nbsp;&nbsp;Mediapart<\/li>\n<li><a href=\"https:\/\/news.google.com\/rss\/articles\/CBMi9wFBVV95cUxNal8zMERENUs5bDZFeHhRX3JXMmNOdlpyaUJERGs0cXBURk5waFlETWJfV3Y0Wl8tdmtWY1hlc3RjeFdiYVNCcUZZT1Ayc2RjRjRkTkpHTFQwdENVQUdNbS0yNXRyaGZ6NlNsWlROVG0tSTV0QTNONDVUNzBDNF9LYm5VdFFqR2ZqelRtcFJZR0x4eXNmS1Y0TjFnSnhHNW51a2d0NjVJTjZzVnBBd18yZDR2TUpRb19YaF9CTVdUTFVRNTBqS01laEFXWTlXUHJmVmFzQWIydXU5Y0lGaEljRXJvejluMV9FMk5RX3hQM1cwbWNYUXNv?oc=5\" target=\"_blank\" rel=\"nofollow noopener\">Cyril Hanouna \u2013 Journalistes de \u00abFronti\u00e8res\u00bb pris \u00e0 partie : \u00abOn n&rsquo;a jamais autant vendu\u00bb d&rsquo;exmplaires, r\u00e9v\u00e8le le directeur du magazine<\/a>&nbsp;&nbsp;europe1.fr<\/li>\n<li><a href=\"https:\/\/news.google.com\/rss\/articles\/CBMipAJBVV95cUxPMmhqSy1BQ01NaGRoMGJPUUFzeVNmWDdGcEF1VE9TZk9xTWdxT2VsOUJXTS1mLUVpZXVXVzd3ZjM0MHZBUGpMc3FkZzhDaFpmRkgwcS1ONEZRTW9vYmJjaGkyYUV1VUtpNmpidlloT000c2VEMFppN21tVGxNOEIzekxRdjZySWVRX1plQlJqeWx3YUh1Ymd0QzlnQUQzQi1OVUtwdjluUHNGdmlFRTBnN2VJeG9mN1VfSzNUU2ZrRDNvU1ZNSTloZmZFMjVoWDJOZDZseGhrRkdnUkw3ZC1BaDM4dWVDeVVTTnBhelBESDk4YllLWG85TW1VZEZSQlRLZXdVS01iRGthS0p6c2RqSUpDZnR2NDM3V2tzRWdLRHJBTi11?oc=5\" target=\"_blank\" rel=\"nofollow noopener\">\u00ab Leur pr\u00e9sence constitue un trouble manifeste \u00e0 l\u2019ordre public \u00bb : les d\u00e9put\u00e9s \u00e9cologistes r\u00e9clament la suspension de l\u2019accr\u00e9ditation de Fronti\u00e8res \u00e0 l\u2019Assembl\u00e9e nationale<\/a>&nbsp;&nbsp;L&rsquo;Humanit\u00e9<\/li>\n<li><a href=\"https:\/\/news.google.com\/rss\/articles\/CBMi-wFBVV95cUxQVXdLYTZJQUQ3QWJiM1R3cjZlNi1SYnlQclhjWW1vRzhtWEU3R1pJa0F0cVplcnBvOUl6bGlwOGJlRURfaG9SZEJ4VU1Nc1NyRG0tenJsazFvQnJnc3JnLXZ1Ylp3YTJIYzVkTDdBaXB5UWsyZnYxRndLVkM0TktUVmhfOTkyQzFTaHp4TVhsTUpBZGh4TXVfTk5aRm5UM0lBbTBtd3RqZHNtbkhKaFJIQ0dIanVKQ1BiUWNGQVJwTHhleUgyc0R6Vjl6WXl4bmQ3RmZYbFc1VVVweVVsT0ZLYTR5ajZSd21FMFd2cjROZGRsUWJpcFdMMUpQVQ?oc=5\" target=\"_blank\" rel=\"nofollow noopener\">\u00ab Elle doit \u00eatre sanctionn\u00e9e \u00bb : la d\u00e9put\u00e9e d\u2019Ille-et-Vilaine dans le collimateur du RN apr\u00e8s un incident \u00e0 l\u2019Assembl\u00e9e<\/a>&nbsp;&nbsp;Le T\u00e9l\u00e9gramme<\/li>\n<li><a href=\"https:\/\/news.google.com\/rss\/articles\/CBMi-wFBVV95cUxNNjVEbGtfeHo1dHJVUHgxWXRGR05BYllDNHZUeWZqem9oXzFTX2t1UldfVWZfMTgzSWY2VFV4dW51VlJwNWNfWFpOUkxRQVNGOFVxQzhPMURJaXo5UjB3OVc1cUF1bjgtcGNJTWFNT0hrVlpnQWxlUTVuRTB3cFVGVDdNZDNlbTVSWVBibmVOZzJHYzJGVHU3anAzakZjbGFTM1d3a2dwdThzbnpYbUowdlhIYUlaM0pBUHpFMVl1c0JPNVFYaVdReGF6XzJ6VFhnRFNic3Jua3Bnbjd5MDA3SF96VDNZU2lkYndEVV93RGFjT3pYdXZuekVpTQ?oc=5\" target=\"_blank\" rel=\"nofollow noopener\">Cyril Hanouna \u2013 \u00abC&rsquo;est une \u00e9norme fake news\u00bb, le directeur de \u00abFronti\u00e8res\u00bb r\u00e9pond \u00e0 Ya\u00ebl Braun-Pivet sur ses journalistes pris \u00e0 partie<\/a>&nbsp;&nbsp;europe1.fr<\/li>\n<\/ol>\n","protected":false},"excerpt":{"rendered":"\u00c0 l\u2019Assembl\u00e9e, le mauvais coup du RN et du magazine \u00ab Fronti\u00e8res \u00bb&nbsp;&nbsp;Mediapart Cyril Hanouna \u2013 Journalistes de&hellip;\n","protected":false},"author":2,"featured_media":19598,"comment_status":"","ping_status":"","sticky":false,"template":"","format":"standard","meta":{"footnotes":""},"categories":[4],"tags":[11,416,1076,1011,27,6430,500,12,25],"class_list":{"0":"post-19597","1":"post","2":"type-post","3":"status-publish","4":"format-standard","5":"has-post-thumbnail","7":"category-france","8":"tag-actualites","9":"tag-assemblee-nationale","10":"tag-extreme-droite","11":"tag-fr","12":"tag-france","13":"tag-frontieres","14":"tag-medias","15":"tag-news","16":"tag-republique-francaise"},"share_on_mastodon":{"url":"https:\/\/pubeurope.com\/@fr\/114324477291820483","error":""},"_links":{"self":[{"href":"https:\/\/www.europesays.com\/fr\/wp-json\/wp\/v2\/posts\/19597","targetHints":{"allow":["GET"]}}],"collection":[{"href":"https:\/\/www.europesays.com\/fr\/wp-json\/wp\/v2\/posts"}],"about":[{"href":"https:\/\/www.europesays.com\/fr\/wp-json\/wp\/v2\/types\/post"}],"author":[{"embeddable":true,"href":"https:\/\/www.europesays.com\/fr\/wp-json\/wp\/v2\/users\/2"}],"replies":[{"embeddable":true,"href":"https:\/\/www.europesays.com\/fr\/wp-json\/wp\/v2\/comments?post=19597"}],"version-history":[{"count":0,"href":"https:\/\/www.europesays.com\/fr\/wp-json\/wp\/v2\/posts\/19597\/revisions"}],"wp:featuredmedia":[{"embeddable":true,"href":"https:\/\/www.europesays.com\/fr\/wp-json\/wp\/v2\/media\/19598"}],"wp:attachment":[{"href":"https:\/\/www.europesays.com\/fr\/wp-json\/wp\/v2\/media?parent=19597"}],"wp:term":[{"taxonomy":"category","embeddable":true,"href":"https:\/\/www.europesays.com\/fr\/wp-json\/wp\/v2\/categories?post=19597"},{"taxonomy":"post_tag","embeddable":true,"href":"https:\/\/www.europesays.com\/fr\/wp-json\/wp\/v2\/tags?post=19597"}],"curies":[{"name":"wp","href":"https:\/\/api.w.org\/{rel}","templated":true}]}}