{"id":195985,"date":"2025-06-22T14:12:08","date_gmt":"2025-06-22T14:12:08","guid":{"rendered":"https:\/\/www.europesays.com\/fr\/195985\/"},"modified":"2025-06-22T14:12:08","modified_gmt":"2025-06-22T14:12:08","slug":"letape-du-tour-de-france-qui-arrive-a-rouen-promet-du-grand-spectacle","status":"publish","type":"post","link":"https:\/\/www.europesays.com\/fr\/195985\/","title":{"rendered":"l&rsquo;\u00e9tape du Tour de France qui arrive \u00e0 Rouen promet du grand spectacle"},"content":{"rendered":"<p>            Par<br \/>\n        <strong><br \/>\n            <a href=\"https:\/\/actu.fr\/auteur\/thomas-rideau\" title=\"Consulter tous les articles de Thomas Rideau\" rel=\"nofollow noopener\" target=\"_blank\">Thomas Rideau<\/a><br \/>\n        <\/strong><\/p>\n<p>        Publi\u00e9 le<\/p>\n<p>            22 juin 2025 \u00e0 15h06        <\/p>\n<p>Et si la quatri\u00e8me \u00e9tape du <strong>Tour de France 2025<\/strong>, qui va se terminer \u00e0 <a href=\"https:\/\/actu.fr\/normandie\/rouen_76540\" rel=\"nofollow noopener\" target=\"_blank\">Rouen (Seine-Maritime)<\/a>, allait \u00eatre <strong>un grand moment de sport\u2009?<\/strong> Car, c\u2019est vrai que souvent en premi\u00e8re semaine, les coureurs du Tour restent group\u00e9s et les \u00e9tapes de plaines s\u2019encha\u00eenent tandis que la seule action de l\u2019apr\u00e8s-midi se r\u00e9sume \u00e0 des \u00e9chapp\u00e9es solitaires (et souvent vaines) de courageux qui tentent de montrer le maillot quelques instants.<\/p>\n<p class=\" wall-content\">Justement. L\u2019\u00e9tape de Rouen ne devrait pas ressembler \u00e0 une <strong>lente procession soporifique<\/strong>. 76actu a demand\u00e9 \u00e0 <strong>Rodolphe Roy<\/strong>, journaliste sportif pour RMC et sur les routes du Tour tous les \u00e9t\u00e9s, de nous pr\u00e9senter cette \u00e9tape rouennaise qui s\u2019annonce intense.<\/p>\n<p>D\u00e9j\u00e0 les leaders en piste\u2009?<\/p>\n<p class=\" wall-content\">\u00ab\u2009On va avoir une belle \u00e9tape d\u00e8s la premi\u00e8re semaine\u2009\u00bb, en salive d\u2019avance le sp\u00e9cialiste. Apr\u00e8s une centaine de kilom\u00e8tres dans l\u2019arri\u00e8re-pays normand \u00ab\u2009en toboggan\u2009\u00bb, il risque d\u2019y avoir \u00ab\u2009de <strong>la tension<\/strong> chez les \u00e9quipiers qui vont vouloir placer leur leader en bonne position dans les<strong> trente derniers kilom\u00e8tres\u2009<\/strong>avant la c\u00f4te de Belbeuf\u2009\u00bb.<\/p>\n<p class=\" wall-content\">Et les trente derniers kilom\u00e8tres justement\u2009? C\u2019est le d\u00e9but d\u2019<strong>une s\u00e9rie de cinq c\u00f4tes<\/strong>. Dont l\u2019impressionnante <strong>rampe Saint-Hilaire<\/strong>. Un petit kilom\u00e8tre \u00e0 10\u2009% de moyenne avec un virage \u00e0 16\u2009%. \u00ab\u2009On ne verra pas de sprinter dans le final, trop dur\u2009\u00bb, pense Rodolphe Ryo. \u00ab\u2009Mais il y a d\u00e9j\u00e0 des pourcentages int\u00e9ressants pour faire des diff\u00e9rences. \u00c7a sera nerveux\u2009\u00bb, pr\u00e9vient-il.<\/p>\n<p class=\" wall-content\">\u00ab\u2009Le trac\u00e9 est sympa et on peut vraiment avoir <strong>un petit feu d\u2019artifice\u2009<\/strong>\u00bb, esp\u00e8re le journaliste. De l\u00e0 \u00e0 voir des leaders se placer d\u00e8s la premi\u00e8re semaine\u2009? \u00ab\u2009L\u2019\u00e9tape peut convenir \u00e0 un puncheur. Et pourquoi pas un puncheur slov\u00e8ne\u2009\u00bb, glisse le sp\u00e9cialiste en faisant r\u00e9f\u00e9rence \u00e0 Tadej Poga\u010dar (UAE Team Emirates), le favori de la Grande Boucle pas sp\u00e9cialement connu pour r\u00e9server ses efforts en premi\u00e8re semaine.<\/p>\n<p>Vid\u00e9os : en ce moment sur ActuQui va remporter l\u2019\u00e9tape\u2009?<\/p>\n<p class=\" wall-content\">\u00ab\u2009S\u2019il a de bonnes jambes, Poga\u010dar peut tenter un truc. Mais attention, le lendemain, c\u2019est le chrono \u00e0 Caen. Et c\u2019est d\u00e9j\u00e0 un vrai premier tournant o\u00f9 un leader peut perdre du temps et certains vont peut-\u00eatre vouloir<strong> s\u2019\u00e9conomiser \u00e0 Rouen<\/strong>.\u2009\u00bb<\/p>\n<p class=\" wall-content\">En tout cas, parie-t-il, \u00ab\u2009on peut voir des leaders du g\u00e9n\u00e9ral perdent du temps \u00e0 Rouen\u2009\u00bb. Et un pronostic\u2009? Quel coureur va lever les bras devant la foule rouennaise sur le boulevard de l\u2019Yser\u2009? \u00ab\u2009\u00c7a peut convenir \u00e0 Wout Van Aert (Visma-Lease a Bike), Poga\u010dar\u2026\u2009\u00bb, dit-il sans grande conviction tant l\u2019\u00e9tape s\u2019annonce incertaine. Et c\u00f4t\u00e9 fran\u00e7ais\u2009? \u00ab\u2009\u00c7a peut convenir \u00e0 un <strong>Vauquelin<\/strong> (Ark\u00e9a \u2013 B&amp;B Hotels) s\u2019il a de bonnes jambes.\u2009\u00bb Un normand va lever les bras dans la capitale Normande\u2009? Rendez-vous le 8\u00a0juillet vers 17h20 pour le savoir.<\/p>\n<p>Suivez l\u2019actualit\u00e9 de Rouen <a href=\"https:\/\/www.whatsapp.com\/channel\/0029VaKfnf99hXF2ddApFB1D\" rel=\"nofollow noopener\" target=\"_blank\">sur notre cha\u00eene WhatsApp<\/a> et <a href=\"https:\/\/www.tiktok.com\/@76actu.fr?lang=fr\" rel=\"nofollow noopener\" target=\"_blank\">sur notre compte TikTok<\/a><\/p>\n<p class=\" wall-content\">Suivez toute l\u2019actualit\u00e9 de vos villes et m\u00e9dias favoris en vous inscrivant \u00e0 <a href=\"https:\/\/moncompte.actu.fr\" title=\"D\u00e9couvez Mon Actu\" rel=\"nofollow noopener\" data-trk=\"{&quot;cta&quot;:{&quot;action&quot;:&quot;https:\\\/\\\/moncompte.actu.fr&quot;,&quot;category&quot;:&quot;mon compte&quot;,&quot;from&quot;:&quot;article footer&quot;,&quot;name&quot;:&quot;Mon actu&quot;,&quot;type&quot;:&quot;cta&quot;}}\" target=\"_blank\">Mon Actu<\/a>.<\/p>\n<ul class=\"ac-article-tag wall-content\">\n<li><a href=\"https:\/\/actu.fr\/tag\/tour-de-france-2025\" data-trk=\"{&quot;cta&quot;:{&quot;action&quot;:&quot;Tour de France 2025&quot;,&quot;category&quot;:&quot;tag&quot;,&quot;from&quot;:&quot;article footer&quot;,&quot;name&quot;:&quot;Tour de France 2025&quot;,&quot;type&quot;:&quot;cta&quot;}}\" rel=\"nofollow noopener\" target=\"_blank\">#Tour de France 2025<\/a><\/li>\n<li><a href=\"https:\/\/actu.fr\/tag\/velo\" data-trk=\"{&quot;cta&quot;:{&quot;action&quot;:&quot;V\\u00e9lo&quot;,&quot;category&quot;:&quot;tag&quot;,&quot;from&quot;:&quot;article footer&quot;,&quot;name&quot;:&quot;V\\u00e9lo&quot;,&quot;type&quot;:&quot;cta&quot;}}\" rel=\"nofollow noopener\" target=\"_blank\">#V\u00e9lo<\/a><\/li>\n<\/ul>\n<p>                    <script async src=\"\/\/www.tiktok.com\/embed.js\"><\/script><\/p>\n","protected":false},"excerpt":{"rendered":"Par Thomas Rideau Publi\u00e9 le 22 juin 2025 \u00e0 15h06 Et si la quatri\u00e8me \u00e9tape du Tour de&hellip;\n","protected":false},"author":2,"featured_media":195986,"comment_status":"","ping_status":"","sticky":false,"template":"","format":"standard","meta":{"footnotes":""},"categories":[9587],"tags":[1111,11,1777,674,1011,27,12,5161,25,9590,104,2116,208],"class_list":{"0":"post-195985","1":"post","2":"type-post","3":"status-publish","4":"format-standard","5":"has-post-thumbnail","7":"category-rouen","8":"tag-actu","9":"tag-actualites","10":"tag-eu","11":"tag-europe","12":"tag-fr","13":"tag-france","14":"tag-news","15":"tag-normandie","16":"tag-republique-francaise","17":"tag-rouen","18":"tag-societe","19":"tag-tour-de-france-2025","20":"tag-velo"},"share_on_mastodon":{"url":"https:\/\/pubeurope.com\/@fr\/114727429235383237","error":""},"_links":{"self":[{"href":"https:\/\/www.europesays.com\/fr\/wp-json\/wp\/v2\/posts\/195985","targetHints":{"allow":["GET"]}}],"collection":[{"href":"https:\/\/www.europesays.com\/fr\/wp-json\/wp\/v2\/posts"}],"about":[{"href":"https:\/\/www.europesays.com\/fr\/wp-json\/wp\/v2\/types\/post"}],"author":[{"embeddable":true,"href":"https:\/\/www.europesays.com\/fr\/wp-json\/wp\/v2\/users\/2"}],"replies":[{"embeddable":true,"href":"https:\/\/www.europesays.com\/fr\/wp-json\/wp\/v2\/comments?post=195985"}],"version-history":[{"count":0,"href":"https:\/\/www.europesays.com\/fr\/wp-json\/wp\/v2\/posts\/195985\/revisions"}],"wp:featuredmedia":[{"embeddable":true,"href":"https:\/\/www.europesays.com\/fr\/wp-json\/wp\/v2\/media\/195986"}],"wp:attachment":[{"href":"https:\/\/www.europesays.com\/fr\/wp-json\/wp\/v2\/media?parent=195985"}],"wp:term":[{"taxonomy":"category","embeddable":true,"href":"https:\/\/www.europesays.com\/fr\/wp-json\/wp\/v2\/categories?post=195985"},{"taxonomy":"post_tag","embeddable":true,"href":"https:\/\/www.europesays.com\/fr\/wp-json\/wp\/v2\/tags?post=195985"}],"curies":[{"name":"wp","href":"https:\/\/api.w.org\/{rel}","templated":true}]}}