{"id":195995,"date":"2025-06-22T14:21:18","date_gmt":"2025-06-22T14:21:18","guid":{"rendered":"https:\/\/www.europesays.com\/fr\/195995\/"},"modified":"2025-06-22T14:21:18","modified_gmt":"2025-06-22T14:21:18","slug":"un-accuse-au-comportement-inquietant-condamne-par-la-cour-dassises-des-alpes-maritimes-a-25-ans-de-prison","status":"publish","type":"post","link":"https:\/\/www.europesays.com\/fr\/195995\/","title":{"rendered":"Un accus\u00e9 au comportement inqui\u00e9tant condamn\u00e9 par la cour d\u2019Assises des Alpes-Maritimes \u00e0 25 ans de prison"},"content":{"rendered":"<p>En salle d\u2019assises \u00e0 Nice, lundi, les d\u00e9bats ont d\u00e9but\u00e9 de la plus singuli\u00e8re des mani\u00e8res. Invit\u00e9 \u00e0 d\u00e9cliner son identit\u00e9, Nikolozi Kopaliani, 38 ans, a r\u00e9pondu par un franc doigt d\u2019honneur \u00e0 la pr\u00e9sidente, Emmanuelle de Rosa. Une entr\u00e9e en mati\u00e8re r\u00e9v\u00e9latrice de l\u2019attitude qu\u2019allait adopter le grand gaillard d\u20191,87m au cr\u00e2ne ras\u00e9 tout au long du proc\u00e8s: un mutisme provocateur et des comportements troublants. Lorsque le Dr Patrick Saget, expert psychiatre, s\u2019est exprim\u00e9 \u00e0 la barre, l\u2019accus\u00e9 a mim\u00e9 avec sa main un pistolet et l\u2019a dirig\u00e9 en sa direction. Il lui arrivait aussi de se boucher les oreilles, de siffloter et de se frapper la glotte. En d\u00e9fense, Me Margaux de Cesare regrette \u00ab\u00a0cet \u00e9tat psychologique qui restera myst\u00e9rieux\u00a0\u00bb. L\u2019ancien boxeur ne rentre pas dans la case des malades mentaux et les experts n\u2019ont relev\u00e9 que des troubles de la personnalit\u00e9. La contre-expertise demand\u00e9e par l\u2019avocate lors du proc\u00e8s a \u00e9t\u00e9 refus\u00e9e.<\/p>\n<p>\u00ab\u00a0It\u2019s finish. He is died\u00a0\u00bb<\/p>\n<p>L\u2019accus\u00e9 a \u00e9t\u00e9 interpell\u00e9 le 3 avril 2022 \u00e0 Juan-les-Pins aux alentours de 7h30. Une voisine, alert\u00e9e par des cris, a pr\u00e9venu la police. \u00c0 leur arriv\u00e9e, les agents municipaux d\u00e9couvrent Nikolozi Kopaliani en train de rassembler ses affaires. Ce dernier leur aurait lanc\u00e9 avec une certaine froideur: \u00ab\u00a0It\u2019s finish. He is died [sic]\u00a0\u00bb (1). Derri\u00e8re lui, dans l\u2019appartement d\u2019une seule pi\u00e8ce, g\u00eet sur le lit le corps inanim\u00e9 de Gilles, 63 ans. Le visage cyanos\u00e9, les yeux ouverts et pr\u00e9sentant des \u00e9coulements sanguins au niveau de la bouche et du nez, la victime a une corde \u00e0 sauter enroul\u00e9e autour du cou. \u00c7a faisait trois mois qu\u2019ils cohabitaient. Le G\u00e9orgien n\u2019aurait pas support\u00e9 un \u00e9ni\u00e8me acc\u00e8s de col\u00e8re de son h\u00f4te toxicomane. Le sexag\u00e9naire a pu \u00eatre r\u00e9anim\u00e9, mais est d\u00e9c\u00e9d\u00e9 quelques heures plus tard \u00e0 l\u2019h\u00f4pital. Pour la partie civile, repr\u00e9sent\u00e9e par Me S\u00e9bastien Thevenet, \u00ab\u00a0Gilles \u00e9tait une victime sous emprise, une proie\u00a0\u00bb.<\/p>\n<p>Un autre meurtre en Espagne<\/p>\n<p>Quelle ne fut pas la surprise des enqu\u00eateurs d\u2019apprendre que Nikolozi Kopaliani faisait l\u2019objet d\u2019un mandat d\u2019arr\u00eat europ\u00e9en pour des faits de vol avec violence et d\u2019homicide en Espagne. En novembre 2021, le G\u00e9orgien, confondu gr\u00e2ce \u00e0 son ADN, a d\u00e9j\u00e0 tu\u00e9 son h\u00e9bergeur. Il a \u00e9cop\u00e9 de seize ans de prison pour ce meurtre. Pour celui de Juan-les-Pins, l\u2019avocat g\u00e9n\u00e9ral, \u00c9milie Taligault, n\u2019a pas h\u00e9sit\u00e9 \u00e0 requ\u00e9rir, \u00e0 l\u2019encontre de celui qui pr\u00e9sente \u00ab\u00a0un danger criminologique certain\u00a0\u00bb, trente ans de r\u00e9clusion assortis d\u2019une peine de s\u00fbret\u00e9 aux deux tiers et d\u2019une interdiction d\u00e9finitive du territoire fran\u00e7ais. Le pr\u00e9venu applaudit. Preuve, que celui qui poss\u00e8de un certain talent dans l\u2019apprentissage des langues, comprend\u2026 et a minima, \u00e9coute.<\/p>\n<p>Nikolozi Kopaliani a \u00e9t\u00e9 condamn\u00e9 par la cour d\u2019assises des Alpes-Maritimes \u00e0 vingt-cinq ans de r\u00e9clusion criminelle et \u00e0 une interdiction d\u00e9finitive du territoire.<\/p>\n<p>(1) \u00ab\u00a0C\u2019est fini. Il est mourut [sic]\u00a0\u00bb.<\/p>\n","protected":false},"excerpt":{"rendered":"En salle d\u2019assises \u00e0 Nice, lundi, les d\u00e9bats ont d\u00e9but\u00e9 de la plus singuli\u00e8re des mani\u00e8res. Invit\u00e9 \u00e0&hellip;\n","protected":false},"author":2,"featured_media":195996,"comment_status":"","ping_status":"","sticky":false,"template":"","format":"standard","meta":{"footnotes":""},"categories":[2819],"tags":[1111,11,1777,674,1011,27,303,12,2401,882,25],"class_list":{"0":"post-195995","1":"post","2":"type-post","3":"status-publish","4":"format-standard","5":"has-post-thumbnail","7":"category-nice","8":"tag-actu","9":"tag-actualites","10":"tag-eu","11":"tag-europe","12":"tag-fr","13":"tag-france","14":"tag-justice","15":"tag-news","16":"tag-nice","17":"tag-provence-alpes-cote-dazur","18":"tag-republique-francaise"},"share_on_mastodon":{"url":"https:\/\/pubeurope.com\/@fr\/114727464714820849","error":""},"_links":{"self":[{"href":"https:\/\/www.europesays.com\/fr\/wp-json\/wp\/v2\/posts\/195995","targetHints":{"allow":["GET"]}}],"collection":[{"href":"https:\/\/www.europesays.com\/fr\/wp-json\/wp\/v2\/posts"}],"about":[{"href":"https:\/\/www.europesays.com\/fr\/wp-json\/wp\/v2\/types\/post"}],"author":[{"embeddable":true,"href":"https:\/\/www.europesays.com\/fr\/wp-json\/wp\/v2\/users\/2"}],"replies":[{"embeddable":true,"href":"https:\/\/www.europesays.com\/fr\/wp-json\/wp\/v2\/comments?post=195995"}],"version-history":[{"count":0,"href":"https:\/\/www.europesays.com\/fr\/wp-json\/wp\/v2\/posts\/195995\/revisions"}],"wp:featuredmedia":[{"embeddable":true,"href":"https:\/\/www.europesays.com\/fr\/wp-json\/wp\/v2\/media\/195996"}],"wp:attachment":[{"href":"https:\/\/www.europesays.com\/fr\/wp-json\/wp\/v2\/media?parent=195995"}],"wp:term":[{"taxonomy":"category","embeddable":true,"href":"https:\/\/www.europesays.com\/fr\/wp-json\/wp\/v2\/categories?post=195995"},{"taxonomy":"post_tag","embeddable":true,"href":"https:\/\/www.europesays.com\/fr\/wp-json\/wp\/v2\/tags?post=195995"}],"curies":[{"name":"wp","href":"https:\/\/api.w.org\/{rel}","templated":true}]}}