{"id":195999,"date":"2025-06-22T14:23:08","date_gmt":"2025-06-22T14:23:08","guid":{"rendered":"https:\/\/www.europesays.com\/fr\/195999\/"},"modified":"2025-06-22T14:23:08","modified_gmt":"2025-06-22T14:23:08","slug":"cet-ete-des-tableaux-seront-poses-dans-des-lieux-improbables-en-pleine-nature","status":"publish","type":"post","link":"https:\/\/www.europesays.com\/fr\/195999\/","title":{"rendered":"Cet \u00e9t\u00e9, des tableaux seront pos\u00e9s dans des lieux improbables, en pleine nature"},"content":{"rendered":"<p>L\u2019\u00e9toile verte est un projet d\u2019am\u00e9nagement port\u00e9 par la direction Nature et jardin de Nantes m\u00e9tropole. Elle vise \u00e0 cr\u00e9er et r\u00e9habiliter des sentiers de randonn\u00e9es au fil des cours d\u2019eau\u00a0: la Loire, le Cens et la Ch\u00e9zine, l\u2019Erdre, la S\u00e8vre et le lac de Grand Lieu. Chaque cours d\u2019eau repr\u00e9sente une branche de l\u2019\u00e9toile.<\/p>\n<p>Artistes r\u00e9gionaux et personnalit\u00e9s locales feront vivre des exp\u00e9riences m\u00ealant humour, d\u00e9tente, sensibilit\u00e9 et po\u00e9sie, accessibles \u00e0 toutes et tous. Chaque proposition du programme r\u00e9v\u00e9lera les richesses naturelles et culturelles insoup\u00e7onn\u00e9es.<\/p>\n<p>En ao\u00fbt, une farandole d\u2019animations<\/p>\n<p>Au programme du mois d\u2019ao\u00fbt, dans les quatre communes que sont Bouaye, Saint-Aignan-de-Grandlieu, Brains et Saint-L\u00e9ger-les-Vignes sont pr\u00e9vus des pique-niques anim\u00e9s, des balades po\u00e9tiques et naturalistes, des concerts, des spectacles, des r\u00e9veils sensoriels et des ateliers dessin\u00e9s itin\u00e9rants.<\/p>\n<p>\u00c0 la recherche des tableaux patrimoniaux d\u00e9tourn\u00e9s<\/p>\n<p>\u00c0 partir du vendredi 27\u00a0juin, les habitants pourront commencer ce jeu d\u2019exploration. Un indice\u00a0: ces tableaux se poseront dans des lieux improbables, mais toujours dans des espaces naturels, pr\u00e9vient leur cr\u00e9ateur, Olivier Dupont-Delestraint. Graphiste, photographe et trafiquant d\u2019art autoproclam\u00e9, il d\u00e9tourne num\u00e9riquement des tableaux photographi\u00e9s en mus\u00e9e, leur invente une fausse histoire (souvent locale) et les expose virtuellement. Son travail joue avec les codes de l\u2019art, du faux et de la complicit\u00e9 avec le spectateur.<\/p>\n<p>Bouaye, Saint-L\u00e9ger-les-Vignes, Brains et Saint-Aignan-de-Grandlieu \u00e0 visiter<\/p>\n<p>Ce sera une bonne raison d\u2019aller se promener \u00e0 Bouaye, dans le parc de la M\u00e9velli\u00e8re\u00a0; \u00e0 Saint-L\u00e9ger-les-Vignes, dans une prairie de l\u2019Acheneau, \u00e0 Pr\u00e9vard\u00a0; \u00e0 Brains, au port Hamoneau et \u00e0 Saint-Aignan-de-Grandlieu, \u00e0 la passerelle Saint-Rachoux.<\/p>\n<p>Parce qu\u2019une histoire ne d\u00e9bute jamais seule, les habitants sont invit\u00e9s \u00e0 d\u00e9clarer leur flamme \u00e0 la nature, que ce soit \u00e0 un arbre familier, un paysage inspirant, un cours d\u2019eau r\u00e9confortant, un monument, une plante ou un animal sauvage. Chacun pourra partager ses \u00e9motions en quelques lignes et au format libre.<\/p>\n<p><strong>\u00c0 partir de vendredi 27\u00a0juin et jusqu\u2019au 20\u00a0mars 2026.<\/strong> Une adresse o\u00f9 d\u00e9poser votre lettre\u00a0: letoileverte@ace-nantes.fr<\/p>\n<p>\u00a0<\/p>\n","protected":false},"excerpt":{"rendered":"L\u2019\u00e9toile verte est un projet d\u2019am\u00e9nagement port\u00e9 par la direction Nature et jardin de Nantes m\u00e9tropole. Elle vise&hellip;\n","protected":false},"author":2,"featured_media":196000,"comment_status":"","ping_status":"","sticky":false,"template":"","format":"standard","meta":{"footnotes":""},"categories":[2818],"tags":[1111,11,2883,1777,674,1011,27,33493,9692,766,2742,12,2636,19940,33492,25,11542],"class_list":{"0":"post-195999","1":"post","2":"type-post","3":"status-publish","4":"format-standard","5":"has-post-thumbnail","7":"category-nantes","8":"tag-actu","9":"tag-actualites","10":"tag-ete","11":"tag-eu","12":"tag-europe","13":"tag-fr","14":"tag-france","15":"tag-improbables","16":"tag-lieux","17":"tag-nantes","18":"tag-nature","19":"tag-news","20":"tag-pays-de-la-loire","21":"tag-pleine","22":"tag-poses","23":"tag-republique-francaise","24":"tag-tableaux"},"share_on_mastodon":{"url":"https:\/\/pubeurope.com\/@fr\/114727472602906539","error":""},"_links":{"self":[{"href":"https:\/\/www.europesays.com\/fr\/wp-json\/wp\/v2\/posts\/195999","targetHints":{"allow":["GET"]}}],"collection":[{"href":"https:\/\/www.europesays.com\/fr\/wp-json\/wp\/v2\/posts"}],"about":[{"href":"https:\/\/www.europesays.com\/fr\/wp-json\/wp\/v2\/types\/post"}],"author":[{"embeddable":true,"href":"https:\/\/www.europesays.com\/fr\/wp-json\/wp\/v2\/users\/2"}],"replies":[{"embeddable":true,"href":"https:\/\/www.europesays.com\/fr\/wp-json\/wp\/v2\/comments?post=195999"}],"version-history":[{"count":0,"href":"https:\/\/www.europesays.com\/fr\/wp-json\/wp\/v2\/posts\/195999\/revisions"}],"wp:featuredmedia":[{"embeddable":true,"href":"https:\/\/www.europesays.com\/fr\/wp-json\/wp\/v2\/media\/196000"}],"wp:attachment":[{"href":"https:\/\/www.europesays.com\/fr\/wp-json\/wp\/v2\/media?parent=195999"}],"wp:term":[{"taxonomy":"category","embeddable":true,"href":"https:\/\/www.europesays.com\/fr\/wp-json\/wp\/v2\/categories?post=195999"},{"taxonomy":"post_tag","embeddable":true,"href":"https:\/\/www.europesays.com\/fr\/wp-json\/wp\/v2\/tags?post=195999"}],"curies":[{"name":"wp","href":"https:\/\/api.w.org\/{rel}","templated":true}]}}