{"id":196015,"date":"2025-06-22T14:33:11","date_gmt":"2025-06-22T14:33:11","guid":{"rendered":"https:\/\/www.europesays.com\/fr\/196015\/"},"modified":"2025-06-22T14:33:11","modified_gmt":"2025-06-22T14:33:11","slug":"des-nouveautes-dans-les-piscines-municipales-de-lyon","status":"publish","type":"post","link":"https:\/\/www.europesays.com\/fr\/196015\/","title":{"rendered":"Des nouveaut\u00e9s dans les piscines municipales de Lyon"},"content":{"rendered":"<p>                            <img loading=\"lazy\" width=\"886\" height=\"553\" class=\"attachment-article size-article wp-post-image lazyload\" alt=\"piscine publique\" decoding=\"async\" src=\"https:\/\/www.europesays.com\/fr\/wp-content\/uploads\/2025\/04\/Piscine-Rhone\u00a9MT-e1690375515643.jpg\" data-eio-rwidth=\"886\" data-eio-rheight=\"553\"\/><\/p>\n<p>Piscine publique Tony Bertrand \u00e0 Lyon<\/p>\n<p class=\"content\" style=\"font-size:1.2em;font-weight:700\">Pour affronter l&rsquo;\u00e9t\u00e9, la Ville de Lyon renouvelle son dispositif d&rsquo;acc\u00e8s aux piscines municipales, du vendredi 6 juin au dimanche 31 ao\u00fbt 2025.<\/p>\n<p>Envie de piquer une t\u00eate ? Pour offrir un peu de fra\u00eecheur aux Lyonnais, la Ville de Lyon renouvelle et renforce son dispositif d&rsquo;acc\u00e8s aux piscines municipales durant tout l&rsquo;\u00e9t\u00e9. <\/p>\n<p>Alors que ces derniers jours laissent \u00e0 penser que l&rsquo;\u00e9t\u00e9 sera rude et chaud, quoi de mieux que quelques brasses dans une piscine pour faire baisser la temp\u00e9rature ? Depuis le vendredi 6 juin et ce jusqu&rsquo;au dimanche 31 ao\u00fbt 2025, six piscines municipales ouvrent leurs portes sur des plages horaires \u00e9tendues. Ainsi, les bassins sont accessibles de 7h \u00e0 20h en semaine, et entre 10h30 et 20h les week-ends. <\/p>\n<p>Bassins ext\u00e9rieurs, int\u00e9rieurs, et piscines intercommunales<\/p>\n<p>Trois des six piscines proposent des bassins ext\u00e9rieurs en acc\u00e8s quotidien : le centre nautique Tony Bertrand, dans le 7e arrondissement, la piscine de la Duch\u00e8re dans le 9e, et la piscine Mermoz dans le 8e arrondissement. Pour celles et ceux qui pr\u00e9f\u00e8rent se cacher des rayons du soleil, les sites de Garibaldi dans le 3e arrondissement, de Saint-Exup\u00e9ry dans le 4e arrondissement, et Tronchet dans le 6e arrondissement, proposent quant \u00e0 eux des piscines couvertes.<\/p>\n<p>Les communes voisines ne sont pas en reste. Le centre nautique de Lyon Saint-Fons et V\u00e9nissieux ainsi que l&rsquo;espace Aquavert de Francheville viennent compl\u00e9ter l&rsquo;offre estivale. Autre bonne nouvelle : la piscine de Gerland sera \u00e9galement ouverte tout l&rsquo;\u00e9t\u00e9. <\/p>\n<p>Tarifs adapt\u00e9s et gratuit\u00e9 pour les tout-petits<\/p>\n<p>Cette ann\u00e9e, la grande nouveaut\u00e9 concerne les moins de 4 ans, qui b\u00e9n\u00e9ficieront d\u00e9sormais d&rsquo;un acc\u00e8s gratuit aux piscines. Des tarifs r\u00e9duits sont propos\u00e9s pour les lyc\u00e9ens et \u00e9tudiants, les demandeurs d&#8217;emploi, les personnes en situation de handicap et b\u00e9n\u00e9ficiaires du RSA, \u00e0 hauteur de 2,60 euros. Le plein tarif est quant \u00e0 lui \u00e0 4 euros. <\/p>\n<p>Et pour \u00e9viter les longues files d&rsquo;attente ? La Ville conseille fortement d&rsquo;effectuer la r\u00e9servation en ligne <a href=\"https:\/\/www.piscines-patinoires.lyon.fr\/\" target=\"_blank\" rel=\"noreferrer noopener nofollow\">sur le site internet<\/a>. Aucune excuse pour ne pas profiter de quelques instants de fra\u00eecheur. <\/p>\n","protected":false},"excerpt":{"rendered":"Piscine publique Tony Bertrand \u00e0 Lyon Pour affronter l&rsquo;\u00e9t\u00e9, la Ville de Lyon renouvelle son dispositif d&rsquo;acc\u00e8s aux&hellip;\n","protected":false},"author":2,"featured_media":44373,"comment_status":"","ping_status":"","sticky":false,"template":"","format":"standard","meta":{"footnotes":""},"categories":[1889],"tags":[1111,11,2430,6698,1777,674,1011,27,2428,12,5922,25],"class_list":{"0":"post-196015","1":"post","2":"type-post","3":"status-publish","4":"format-standard","5":"has-post-thumbnail","7":"category-lyon","8":"tag-actu","9":"tag-actualites","10":"tag-auvergne-rhone-alpes","11":"tag-canicule","12":"tag-eu","13":"tag-europe","14":"tag-fr","15":"tag-france","16":"tag-lyon","17":"tag-news","18":"tag-piscine","19":"tag-republique-francaise"},"share_on_mastodon":{"url":"https:\/\/pubeurope.com\/@fr\/114727512015262471","error":""},"_links":{"self":[{"href":"https:\/\/www.europesays.com\/fr\/wp-json\/wp\/v2\/posts\/196015","targetHints":{"allow":["GET"]}}],"collection":[{"href":"https:\/\/www.europesays.com\/fr\/wp-json\/wp\/v2\/posts"}],"about":[{"href":"https:\/\/www.europesays.com\/fr\/wp-json\/wp\/v2\/types\/post"}],"author":[{"embeddable":true,"href":"https:\/\/www.europesays.com\/fr\/wp-json\/wp\/v2\/users\/2"}],"replies":[{"embeddable":true,"href":"https:\/\/www.europesays.com\/fr\/wp-json\/wp\/v2\/comments?post=196015"}],"version-history":[{"count":0,"href":"https:\/\/www.europesays.com\/fr\/wp-json\/wp\/v2\/posts\/196015\/revisions"}],"wp:featuredmedia":[{"embeddable":true,"href":"https:\/\/www.europesays.com\/fr\/wp-json\/wp\/v2\/media\/44373"}],"wp:attachment":[{"href":"https:\/\/www.europesays.com\/fr\/wp-json\/wp\/v2\/media?parent=196015"}],"wp:term":[{"taxonomy":"category","embeddable":true,"href":"https:\/\/www.europesays.com\/fr\/wp-json\/wp\/v2\/categories?post=196015"},{"taxonomy":"post_tag","embeddable":true,"href":"https:\/\/www.europesays.com\/fr\/wp-json\/wp\/v2\/tags?post=196015"}],"curies":[{"name":"wp","href":"https:\/\/api.w.org\/{rel}","templated":true}]}}