{"id":196016,"date":"2025-06-22T14:34:15","date_gmt":"2025-06-22T14:34:15","guid":{"rendered":"https:\/\/www.europesays.com\/fr\/196016\/"},"modified":"2025-06-22T14:34:15","modified_gmt":"2025-06-22T14:34:15","slug":"jean-michel-aulas-fait-des-premieres-propositions-sur-la-securite","status":"publish","type":"post","link":"https:\/\/www.europesays.com\/fr\/196016\/","title":{"rendered":"Jean-Michel Aulas fait des premi\u00e8res propositions sur la s\u00e9curit\u00e9"},"content":{"rendered":"<p>            Par<br \/>\n        <strong><br \/>\n            <a href=\"https:\/\/actu.fr\/auteur\/nicolas-zaugra\" title=\"Consulter tous les articles de Nicolas Zaugra\" target=\"_blank\" rel=\"noopener\">Nicolas Zaugra<\/a><br \/>\n        <\/strong><\/p>\n<p>        Publi\u00e9 le<\/p>\n<p>            22 juin 2025 \u00e0 15h44<br \/>\n        ; mis \u00e0 jour le 22 juin 2025 \u00e0 16h05    <\/p>\n<p>En f\u00e9vrier dernier, <a href=\"https:\/\/actu.fr\/auvergne-rhone-alpes\/lyon_69123\/lyon-la-mairie-ecologiste-ironise-sur-les-rues-apaiser-de-jean-michel-aulas_62771202.html\" target=\"_blank\" rel=\"noopener\">Jean-Michel Aulas<\/a> d\u00e9non\u00e7ait des <a href=\"https:\/\/actu.fr\/auvergne-rhone-alpes\/lyon_69123\/lyon-des-violences-extremes-se-developpent-jean-michel-aulas-attaque-sur-l-insecurite_62220905.html\" target=\"_blank\" rel=\"noopener\">\u00ab\u00a0violences extr\u00eames qui se d\u00e9veloppent\u00a0\u00bb<\/a> \u00e0 <a href=\"https:\/\/actu.fr\/auvergne-rhone-alpes\/lyon_69123\" target=\"_blank\" rel=\"noopener\">Lyon<\/a> et attaquait <a href=\"https:\/\/actu.fr\/auvergne-rhone-alpes\/lyon_69123\/lyon-gregory-doucet-et-la-mairie-renvoyes-dans-les-choux-apres-avoir-banni-un-commercant_62792589.html\" target=\"_blank\" rel=\"noopener\">Gr\u00e9gory Doucet<\/a> sur son bilan s\u00e9curitaire.<\/p>\n<p class=\" wall-content\">Cinq mois plus tard, l\u2019ancien patron de l\u2019OL a avanc\u00e9 dans sa r\u00e9flexion pour une possible candidature aux <a href=\"https:\/\/actu.fr\/tag\/municipales-2026\" target=\"_blank\" rel=\"noopener\">municipales 2026<\/a>. Alors qu\u2019il dira <a href=\"https:\/\/actu.fr\/auvergne-rhone-alpes\/lyon_69123\/lyon-municipales-jean-michel-aulas-se-decidera-d-ici-la-fin-du-mois-nicolas-sarkozy-le-soutient_62800144.html\" target=\"_blank\" rel=\"noopener\">\u00ab\u00a0d\u2019ici fin juin\u00a0\u00bb comment et avec qui il veut se lancer,<\/a>\u00a0le quasi candidat fait de <strong>premi\u00e8res propositions sur le sujet de la s\u00e9curit\u00e9<\/strong>.<\/p>\n<p class=\" wall-content\">Ce dimanche 22 juin, il d\u00e9veloppe ses premi\u00e8res mesures qu\u2019actu Lyon a pu consulter. Il propose notamment un meilleur d\u00e9ploiement de la police municipale, des brigades th\u00e9matiques et une <strong>brigade municipale pour la s\u00e9curit\u00e9 dans les transports en commun<\/strong>.\u00a0<\/p>\n<p>\u00ab\u00a0Les Lyonnais encaissent l\u2019ins\u00e9curit\u00e9\u00a0\u00bb<\/p>\n<p class=\" wall-content\">Jean-Michel Aulas s\u2019en prend \u00e0 Gr\u00e9gory Doucet et \u00e0 la majorit\u00e9 de gauche. \u00ab\u00a0Pendant que la municipalit\u00e9 trace des <a href=\"https:\/\/actu.fr\/auvergne-rhone-alpes\/lyon_69123\/lyon-gregory-doucet-defend-la-nouvelle-ztl-elle-est-tres-bonne-pour-le-commerce_62807217.html\" target=\"_blank\" rel=\"noopener\">ZTL et pi\u00e9tonnise \u00e0 tout-va<\/a>, les Lyonnais encaissent l\u2019ins\u00e9curit\u00e9. Les priorit\u00e9s ont \u00e9t\u00e9 invers\u00e9es. La s\u00e9curit\u00e9 n\u2019est pas un gros mot. C\u2019est la premi\u00e8re des solidarit\u00e9s (\u2026)\u00a0\u00bb, attaque Aulas.<\/p>\n<p class=\" wall-content\">\n<p class=\" wall-content\">Il cite des chiffres, pioch\u00e9s dans l\u2019Atlas de la d\u00e9linquance 2024 du minist\u00e8re de l\u2019Int\u00e9rieur, pour \u00e9noncer une progression de la d\u00e9linquance. \u00ab\u00a0\u00c0 Lyon et dans ses agglom\u00e9rations, les chiffres sont accablants : +45% de violences aux personnes depuis 2020, +62 % de coups et blessures, +82 % de vols avec violences\u00a0\u00bb, liste le quasi candidat.<\/p>\n<blockquote class=\"ac-article-quote wall-content\">\n<p>Les chiffres cit\u00e9s couvrent pr\u00e9cis\u00e9ment la zone Police de Lyon et de son agglom\u00e9ration (&#8230;). C\u2019est cette zone qui refl\u00e8te le c\u0153ur urbain de la M\u00e9tropole de Lyon : l\u00e0 o\u00f9 se concentrent les probl\u00e9matiques li\u00e9es \u00e0 la densit\u00e9, aux transports, aux quartiers sensibles, aux flux intra-urbains. C\u2019est donc le p\u00e9rim\u00e8tre le plus pertinent pour \u00e9valuer l\u2019\u00e9volution r\u00e9elle de la d\u00e9linquance dans l\u2019espace gouvern\u00e9 par la municipalit\u00e9, en interaction constante avec son environnement imm\u00e9diat.<\/p>\n<p>L\u2019essentiel des faits recens\u00e9s dans cette zone se situe \u00e0 Lyon m\u00eame, qui repr\u00e9sente, et de loin, la part la plus importante des infractions \u2013 ce que confirment les donn\u00e9es historiques et les r\u00e9partitions par circonscription.<\/p>\n<p>    <strong>Jean-Michel Aulas<\/strong>\n            <\/p><\/blockquote>\n<p class=\" wall-content\">\u00ab\u00a0Attention, qu\u2019on ne me fasse pas dire ce que je ne dis pas : la pr\u00e9fecture et tous ses agents, tous les policiers nationaux et municipaux font un travail remarquable dans contexte tr\u00e8s difficile, et je tiens \u00e0 les remercier et \u00e0 saluer leur courage\u00a0\u00bb, dit-il \u00e0 l\u2019endroit de l\u2019Etat.<\/p>\n<p>Police municipale \u00ab\u00a0plus pr\u00e9sente\u00a0\u00bb et mieux \u00ab\u00a0form\u00e9e\u00a0\u00bb, unit\u00e9s sp\u00e9cialis\u00e9es\u2026<\/p>\n<p class=\" wall-content\">Jean-Michel Aulas liste trois grandes mesures \u00e0 ce stade de la pr\u00e9-campagne. Il veut \u00ab\u00a0d\u2019abord une police municipale plus pr\u00e9sente, mais aussi mieux form\u00e9e. Il faudrait engager un plan de professionnalisation ambitieux\u00a0\u00bb. Le chef d\u2019entreprise ne propose pas d\u2019embauches de policiers en plus contrairement \u00e0 certains \u00e9lus Les R\u00e9publicains.\u00a0<\/p>\n<p class=\" wall-content\">Pour lui, la police municipale lyonnaise doit b\u00e9n\u00e9ficier de \u00ab\u00a0formations continues en gestion de conflit, violences conjugales, troubles psychiques, radicalisation.\u00a0\u00bb<\/p>\n<p class=\" wall-content\">Il propose aussi la \u00ab\u00a0cr\u00e9ation d\u2019unit\u00e9s sp\u00e9cialis\u00e9es\u00a0\u00bb bas\u00e9es sur la \u00ab\u00a0tranquillit\u00e9 publique\u00a0\u00bb, les \u00ab\u00a0violences intrafamiliales\u00a0\u00bb et les \u00ab\u00a0<a href=\"https:\/\/actu.fr\/auvergne-rhone-alpes\/lyon_69123\/lyon-en-presqu-ile-klaxons-et-rodeos-urbains-continuent-de-pourrir-les-nuits-des-habitants_62757858.html\" target=\"_blank\" rel=\"noopener\">rod\u00e9os urbains<\/a>.\u00a0\u00bb<\/p>\n<p>La cr\u00e9ation d\u2019une brigade de s\u00e9curit\u00e9 dans les transports en commun<\/p>\n<p class=\" wall-content\">L\u2019une des mesures phares est le \u00ab\u00a0d\u00e9ploiement d\u2019une v\u00e9ritable police des transports, dans les m\u00e9tros, les bus, les gares.\u00a0\u00bb<\/p>\n<p class=\" wall-content\">Selon les informations d\u2019actu Lyon, Jean-Michel Aulas estime que \u00ab\u00a0la Ville de Lyon pourrait r\u00e9fl\u00e9chir \u00e0 la cr\u00e9ation de sa propre brigade des transports \u00e0 l\u2019\u00e9chelle municipale, en lien avec les TCL et les forces nationales\u00a0\u00bb. Il s\u2019agirait de \u00ab\u00a0patrouilles dans les stations, dans les rames, dans les p\u00f4les d\u2019\u00e9change \u2013 visibles, identifiables, form\u00e9es comme \u00e0 Marseille, Lille, Strasbourg\u00a0\u00bb.<\/p>\n<p>    <img   decoding=\"async\" loading=\"lazy\" src=\"https:\/\/www.europesays.com\/fr\/wp-content\/uploads\/2025\/06\/dsc-6666-960x640.jpg\" alt=\"La police proc\u00e9dera aussi \u00e0 des contr\u00f4les de respect du couvre-feu dans le m\u00e9tro lyonnais. \" width=\"960\" height=\"640\"\/><br \/>\n    La police nationale dans un m\u00e9tro lyonnais. (\u00a9LD \/ actu Lyon)<\/p>\n<p class=\" wall-content\">Une brigade qui serait donc compl\u00e9mentaire du service interd\u00e9partemental de s\u00e9curisation des transports en commun du Rh\u00f4ne (SISTC) rattach\u00e9 au minist\u00e8re de l\u2019Int\u00e9rieur et donc \u00e0 l\u2019Etat.<\/p>\n<p class=\" wall-content\">\u00ab\u00a0La Ville a toute l\u00e9gitimit\u00e9 \u00e0 prendre sa part (sur ce sujet, NDLR). Elle ne peut pas continuer \u00e0 botter en touche en renvoyant syst\u00e9matiquement au Sytral ou \u00e0 l\u2019\u00c9tat. Ce qu\u2019on propose, c\u2019est une unit\u00e9 municipale d\u00e9di\u00e9e, int\u00e9gr\u00e9e dans un plan local de tranquillit\u00e9 publique, en coordination bien s\u00fbr avec le SISTC, mais avec un ancrage territorial fort et un ciblage intelligent des horaires et des lignes sensibles\u00a0\u00bb, explique l\u2019entourage de Jean-Michel Aulas.<\/p>\n<p class=\" wall-content\">A droite, certains membres de l\u2019opposition m\u00e9tropolitaine comme Gilles Gascon (maire de Saint-Priest) et Alexandre Vincendet (maire de Rillieux-la-Pape) proposent la cr\u00e9ation d\u2019une police m\u00e9tropolitaine des transports.<\/p>\n<p>Sur la vid\u00e9osurveillance, une d\u00e9marcation de Pierre Oliver<\/p>\n<p class=\" wall-content\">Du c\u00f4t\u00e9 de la vid\u00e9osurveillance, alors que Gr\u00e9gory Doucet a finalement consenti \u00e0 d\u00e9ployer <a href=\"https:\/\/actu.fr\/auvergne-rhone-alpes\/lyon_69123\/lyon-gregory-doucet-annonce-60-nouvelles-cameras-on-en-sait-plus-sur-leur-emplacement_62700797.html\" target=\"_blank\" rel=\"noopener\">60 nouvelles cam\u00e9ras dans la ville<\/a> d\u2019ici 2026, Jean-Michel Aulas se d\u00e9marque de la proposition de son possible alli\u00e9 Pierre Oliver. Le maire LR propose d\u2019en <a href=\"https:\/\/actu.fr\/auvergne-rhone-alpes\/lyon_69123\/lyon-cout-efficacite-securite-ce-que-cache-la-promesse-de-2-000-cameras-de-pierre-oliver_62678501.html\" target=\"_blank\" rel=\"noopener\">installer 2 000 nouvelles voire plus<\/a> dans Lyon.\u00a0<\/p>\n<p class=\" wall-content\">Pas question de parler de chiffre c\u00f4t\u00e9 Jean-Michel Aulas. Il d\u00e9fend \u00ab\u00a0un plan de vid\u00e9oprotection s\u00e9rieux et cr\u00e9dible\u00a0\u00bb qui est \u00ab\u00a0fond\u00e9 sur les donn\u00e9es, les cartes, les typologies, et non sur des effets d\u2019annonce. Il faut une s\u00e9curit\u00e9 mobile, intelligente, cibl\u00e9e.\u00a0\u00bb\u00a0<\/p>\n<p class=\" wall-content\">Suivez toute l\u2019actualit\u00e9 de vos villes et m\u00e9dias favoris en vous inscrivant \u00e0 <a href=\"https:\/\/moncompte.actu.fr\" title=\"D\u00e9couvez Mon Actu\" rel=\"nofollow noopener\" data-trk=\"{&quot;cta&quot;:{&quot;action&quot;:&quot;https:\\\/\\\/moncompte.actu.fr&quot;,&quot;category&quot;:&quot;mon compte&quot;,&quot;from&quot;:&quot;article footer&quot;,&quot;name&quot;:&quot;Mon actu&quot;,&quot;type&quot;:&quot;cta&quot;}}\" target=\"_blank\">Mon Actu<\/a>.<\/p>\n","protected":false},"excerpt":{"rendered":"Par Nicolas Zaugra Publi\u00e9 le 22 juin 2025 \u00e0 15h44 ; mis \u00e0 jour le 22 juin 2025&hellip;\n","protected":false},"author":2,"featured_media":156723,"comment_status":"","ping_status":"","sticky":false,"template":"","format":"standard","meta":{"footnotes":""},"categories":[1889],"tags":[1111,11,2430,4188,1777,674,1011,27,2825,5227,2428,3434,12,316,25],"class_list":{"0":"post-196016","1":"post","2":"type-post","3":"status-publish","4":"format-standard","5":"has-post-thumbnail","7":"category-lyon","8":"tag-actu","9":"tag-actualites","10":"tag-auvergne-rhone-alpes","11":"tag-elections-municipales","12":"tag-eu","13":"tag-europe","14":"tag-fr","15":"tag-france","16":"tag-insecurite","17":"tag-jean-michel-aulas","18":"tag-lyon","19":"tag-municipales-2026","20":"tag-news","21":"tag-politique","22":"tag-republique-francaise"},"share_on_mastodon":{"url":"https:\/\/pubeurope.com\/@fr\/114727516127287218","error":""},"_links":{"self":[{"href":"https:\/\/www.europesays.com\/fr\/wp-json\/wp\/v2\/posts\/196016","targetHints":{"allow":["GET"]}}],"collection":[{"href":"https:\/\/www.europesays.com\/fr\/wp-json\/wp\/v2\/posts"}],"about":[{"href":"https:\/\/www.europesays.com\/fr\/wp-json\/wp\/v2\/types\/post"}],"author":[{"embeddable":true,"href":"https:\/\/www.europesays.com\/fr\/wp-json\/wp\/v2\/users\/2"}],"replies":[{"embeddable":true,"href":"https:\/\/www.europesays.com\/fr\/wp-json\/wp\/v2\/comments?post=196016"}],"version-history":[{"count":0,"href":"https:\/\/www.europesays.com\/fr\/wp-json\/wp\/v2\/posts\/196016\/revisions"}],"wp:featuredmedia":[{"embeddable":true,"href":"https:\/\/www.europesays.com\/fr\/wp-json\/wp\/v2\/media\/156723"}],"wp:attachment":[{"href":"https:\/\/www.europesays.com\/fr\/wp-json\/wp\/v2\/media?parent=196016"}],"wp:term":[{"taxonomy":"category","embeddable":true,"href":"https:\/\/www.europesays.com\/fr\/wp-json\/wp\/v2\/categories?post=196016"},{"taxonomy":"post_tag","embeddable":true,"href":"https:\/\/www.europesays.com\/fr\/wp-json\/wp\/v2\/tags?post=196016"}],"curies":[{"name":"wp","href":"https:\/\/api.w.org\/{rel}","templated":true}]}}